{"id":13211,"date":"2022-02-16T10:20:14","date_gmt":"2022-02-16T09:20:14","guid":{"rendered":"https:\/\/serveiseducatius.xtec.cat\/montsia\/?p=13211"},"modified":"2022-02-16T10:20:14","modified_gmt":"2022-02-16T09:20:14","slug":"segona-jornada-del-curs-de-les-xxv-jornades-pedagogico-musicals-a-les-terres-de-lebre","status":"publish","type":"post","link":"https:\/\/serveiseducatius.xtec.cat\/montsia\/general\/segona-jornada-del-curs-de-les-xxv-jornades-pedagogico-musicals-a-les-terres-de-lebre\/","title":{"rendered":"Segona jornada del curs de les XXV Jornades pedag\u00f2gico-musicals a les Terres de l\u2019Ebre"},"content":{"rendered":"<p><img loading=\"lazy\" decoding=\"async\" class=\"size-full wp-image-13212 aligncenter\" src=\"https:\/\/serveiseducatius.xtec.cat\/montsia\/wp-content\/uploads\/usu1125\/2022\/02\/segona-jornada-musica-2022.png\" alt=\"\" width=\"632\" height=\"288\" srcset=\"https:\/\/serveiseducatius.xtec.cat\/montsia\/wp-content\/uploads\/usu1125\/2022\/02\/segona-jornada-musica-2022.png 632w, https:\/\/serveiseducatius.xtec.cat\/montsia\/wp-content\/uploads\/usu1125\/2022\/02\/segona-jornada-musica-2022-300x137.png 300w\" sizes=\"auto, (max-width: 632px) 100vw, 632px\" \/><\/p>\n<p><span style=\"font-weight: 400;\">En el marc de les XXV Jornades pedag\u00f2gico-musicals de les Terres de l\u2019Ebre II, el dissabte 12 de febrer, va tenir lloc el taller \u201cViu la m\u00fasica: recursos musicals per a infantil i Prim\u00e0ria\u201d. Despr\u00e9s de la presentaci\u00f3 de la jornada per part de la coordinadora del grup de treball de mestres de m\u00fasica, de la benvinguda de la referent del CRP del Montsi\u00e0 i de la regidora d\u2019educaci\u00f3 de l\u2019Ajuntament d\u2019Amposta, va comen\u00e7ar el taller per part de <\/span><a href=\"https:\/\/www.youtube.com\/c\/MariaJoseSanchezParra\/videos?app=desktop\"><span style=\"font-weight: 400;\">M. Jos\u00e9 S\u00e1nchez Parra<\/span><\/a><span style=\"font-weight: 400;\">.<\/span><\/p>\n<p><span style=\"font-weight: 400;\">Tal i com diu el nom del taller \u201cViu la m\u00fasica\u201d, es va realitzar una aproximaci\u00f3 a la m\u00fasica mitjan\u00e7ant el joc i l\u2019expressi\u00f3 corporal. En tot moment, els\/les participants van poder gaudir de les can\u00e7ons i els jocs que la formadora anava proposant, fent cantar i ballar sense parar a tots els participants. D\u2019altra banda, els assistents tamb\u00e9 van poder gaudir de tot un seguit d\u2019activitats de moviment, d\u2019escolta activa, de creativitat, de creaci\u00f3 de musicogrames, adaptables i molt \u00fatils per a les classes.<\/span><\/p>\n<p><span style=\"font-weight: 400;\">El fet de ser una formaci\u00f3 telem\u00e0tica no va impedir la posada en escena de les habilitats de M. Jos\u00e9 per a implicar a totes les persones participants.<\/span><\/p>\n<p><span style=\"font-weight: 400;\">Cal agrair l&#8217;assist\u00e8ncia de tots\/es els\/les mestres que van participar a la jornada, i sobretot, al grup de treball de Mestres de M\u00fasica del Montsi\u00e0 que fan que sigui possible aquest punt de trobada.<\/span><\/p>\n","protected":false},"excerpt":{"rendered":"<p>En el marc de les XXV Jornades pedag\u00f2gico-musicals de les Terres de l\u2019Ebre II, el dissabte 12 de febrer, va [&hellip;]<\/p>\n","protected":false},"author":1,"featured_media":13212,"comment_status":"closed","ping_status":"closed","sticky":false,"template":"","format":"standard","meta":{"_bbp_topic_count":0,"_bbp_reply_count":0,"_bbp_total_topic_count":0,"_bbp_total_reply_count":0,"_bbp_voice_count":0,"_bbp_anonymous_reply_count":0,"_bbp_topic_count_hidden":0,"_bbp_reply_count_hidden":0,"_bbp_forum_subforum_count":0,"site-sidebar-layout":"default","site-content-layout":"","ast-site-content-layout":"","site-content-style":"default","site-sidebar-style":"default","ast-global-header-display":"","ast-banner-title-visibility":"","ast-main-header-display":"","ast-hfb-above-header-display":"","ast-hfb-below-header-display":"","ast-hfb-mobile-header-display":"","site-post-title":"","ast-breadcrumbs-content":"","ast-featured-img":"","footer-sml-layout":"","theme-transparent-header-meta":"","adv-header-id-meta":"","stick-header-meta":"","header-above-stick-meta":"","header-main-stick-meta":"","header-below-stick-meta":"","astra-migrate-meta-layouts":"default","ast-page-background-enabled":"default","ast-page-background-meta":{"desktop":{"background-color":"var(--ast-global-color-4)","background-image":"","background-repeat":"repeat","background-position":"center center","background-size":"auto","background-attachment":"scroll","background-type":"","background-media":"","overlay-type":"","overlay-color":"","overlay-opacity":"","overlay-gradient":""},"tablet":{"background-color":"","background-image":"","background-repeat":"repeat","background-position":"center center","background-size":"auto","background-attachment":"scroll","background-type":"","background-media":"","overlay-type":"","overlay-color":"","overlay-opacity":"","overlay-gradient":""},"mobile":{"background-color":"","background-image":"","background-repeat":"repeat","background-position":"center center","background-size":"auto","background-attachment":"scroll","background-type":"","background-media":"","overlay-type":"","overlay-color":"","overlay-opacity":"","overlay-gradient":""}},"ast-content-background-meta":{"desktop":{"background-color":"var(--ast-global-color-5)","background-image":"","background-repeat":"repeat","background-position":"center center","background-size":"auto","background-attachment":"scroll","background-type":"","background-media":"","overlay-type":"","overlay-color":"","overlay-opacity":"","overlay-gradient":""},"tablet":{"background-color":"var(--ast-global-color-5)","background-image":"","background-repeat":"repeat","background-position":"center center","background-size":"auto","background-attachment":"scroll","background-type":"","background-media":"","overlay-type":"","overlay-color":"","overlay-opacity":"","overlay-gradient":""},"mobile":{"background-color":"var(--ast-global-color-5)","background-image":"","background-repeat":"repeat","background-position":"center center","background-size":"auto","background-attachment":"scroll","background-type":"","background-media":"","overlay-type":"","overlay-color":"","overlay-opacity":"","overlay-gradient":""}},"footnotes":""},"categories":[1,29],"tags":[],"class_list":["post-13211","post","type-post","status-publish","format-standard","has-post-thumbnail","hentry","category-general","category-portada"],"post_mailing_queue_ids":[],"_links":{"self":[{"href":"https:\/\/serveiseducatius.xtec.cat\/montsia\/wp-json\/wp\/v2\/posts\/13211","targetHints":{"allow":["GET"]}}],"collection":[{"href":"https:\/\/serveiseducatius.xtec.cat\/montsia\/wp-json\/wp\/v2\/posts"}],"about":[{"href":"https:\/\/serveiseducatius.xtec.cat\/montsia\/wp-json\/wp\/v2\/types\/post"}],"author":[{"embeddable":true,"href":"https:\/\/serveiseducatius.xtec.cat\/montsia\/wp-json\/wp\/v2\/users\/1"}],"replies":[{"embeddable":true,"href":"https:\/\/serveiseducatius.xtec.cat\/montsia\/wp-json\/wp\/v2\/comments?post=13211"}],"version-history":[{"count":1,"href":"https:\/\/serveiseducatius.xtec.cat\/montsia\/wp-json\/wp\/v2\/posts\/13211\/revisions"}],"predecessor-version":[{"id":13213,"href":"https:\/\/serveiseducatius.xtec.cat\/montsia\/wp-json\/wp\/v2\/posts\/13211\/revisions\/13213"}],"wp:featuredmedia":[{"embeddable":true,"href":"https:\/\/serveiseducatius.xtec.cat\/montsia\/wp-json\/wp\/v2\/media\/13212"}],"wp:attachment":[{"href":"https:\/\/serveiseducatius.xtec.cat\/montsia\/wp-json\/wp\/v2\/media?parent=13211"}],"wp:term":[{"taxonomy":"category","embeddable":true,"href":"https:\/\/serveiseducatius.xtec.cat\/montsia\/wp-json\/wp\/v2\/categories?post=13211"},{"taxonomy":"post_tag","embeddable":true,"href":"https:\/\/serveiseducatius.xtec.cat\/montsia\/wp-json\/wp\/v2\/tags?post=13211"}],"curies":[{"name":"wp","href":"https:\/\/api.w.org\/{rel}","templated":true}]}}