{"id":13095,"date":"2021-12-16T12:44:03","date_gmt":"2021-12-16T11:44:03","guid":{"rendered":"https:\/\/serveiseducatius.xtec.cat\/montsia\/?p=13095"},"modified":"2021-12-10T12:53:38","modified_gmt":"2021-12-10T11:53:38","slug":"un-estudi-sobre-lus-del-catala-primer-premi-de-recerca-de-batxillerat-ciutat-damposta","status":"publish","type":"post","link":"https:\/\/serveiseducatius.xtec.cat\/montsia\/general\/un-estudi-sobre-lus-del-catala-primer-premi-de-recerca-de-batxillerat-ciutat-damposta\/","title":{"rendered":"Un estudi sobre l\u2019\u00fas del catal\u00e0, primer premi de recerca de batxillerat Ciutat d\u2019Amposta"},"content":{"rendered":"<p><img loading=\"lazy\" decoding=\"async\" class=\"wp-image-13096 aligncenter\" src=\"https:\/\/serveiseducatius.xtec.cat\/montsia\/wp-content\/uploads\/usu1125\/2021\/12\/premi-ciutat-amposta-2021.png\" alt=\"\" width=\"448\" height=\"224\" srcset=\"https:\/\/serveiseducatius.xtec.cat\/montsia\/wp-content\/uploads\/usu1125\/2021\/12\/premi-ciutat-amposta-2021.png 638w, https:\/\/serveiseducatius.xtec.cat\/montsia\/wp-content\/uploads\/usu1125\/2021\/12\/premi-ciutat-amposta-2021-300x150.png 300w\" sizes=\"auto, (max-width: 448px) 100vw, 448px\" \/><\/p>\n<p>El passat 20 de novembre es va celebrar la setzena edici\u00f3 del premi de recerca de batxillerat Ciutat d\u2019Amposta, un premi que t\u00e9 per objectiu promoure la curiositat i la recerca cient\u00edfica a batxillerat, amb aquells treballs d\u2019 aspectes relacionats amb Amposta, la comarca del Montsi\u00e0 i les Terres de l\u2019Ebre.<\/p>\n<p>En esta edici\u00f3 es va atorgar el primer premi a una alumna de l\u2019Institut de tecnificaci\u00f3, pel seu treball \u201cEstudi socioling\u00fc\u00edstic del catal\u00e0 a Amposta i a Catalunya\u201d.<\/p>\n<p>El treball de recerca premiat, tracta la contribuci\u00f3 que, durant anys, entitats i associacions d\u2019arreu del pa\u00eds han realitzat per a fomentar l\u2019\u00fas del catal\u00e0. El treball planteja, tamb\u00e9, si els recursos de normalitzaci\u00f3 ling\u00fc\u00edstica que s&#8217;ofereixen a tot Catalunya per a promocionar el catal\u00e0 tenen alguna mena de resultat a Amposta, aix\u00ed com l\u2019\u00fas del catal\u00e0 al carrer, i se centra espec\u00edficament en els petits comer\u00e7os i en les interaccions amb persones immigrants.<\/p>\n<p>L\u2019acte va ser obert al p\u00fablic i va tenir lloc a l\u2019Ajuntament d\u2019Amposta, presidit pel seu alcalde, Adam Tom\u00e0s, i la regidora d\u2019Educaci\u00f3, N\u00faria Marco i els familiars de l&#8217;alumna premiada.<\/p>\n","protected":false},"excerpt":{"rendered":"<p>El passat 20 de novembre es va celebrar la setzena edici\u00f3 del premi de recerca de batxillerat Ciutat d\u2019Amposta, un [&hellip;]<\/p>\n","protected":false},"author":1,"featured_media":13096,"comment_status":"closed","ping_status":"closed","sticky":false,"template":"","format":"standard","meta":{"_bbp_topic_count":0,"_bbp_reply_count":0,"_bbp_total_topic_count":0,"_bbp_total_reply_count":0,"_bbp_voice_count":0,"_bbp_anonymous_reply_count":0,"_bbp_topic_count_hidden":0,"_bbp_reply_count_hidden":0,"_bbp_forum_subforum_count":0,"site-sidebar-layout":"default","site-content-layout":"","ast-site-content-layout":"","site-content-style":"default","site-sidebar-style":"default","ast-global-header-display":"","ast-banner-title-visibility":"","ast-main-header-display":"","ast-hfb-above-header-display":"","ast-hfb-below-header-display":"","ast-hfb-mobile-header-display":"","site-post-title":"","ast-breadcrumbs-content":"","ast-featured-img":"","footer-sml-layout":"","theme-transparent-header-meta":"","adv-header-id-meta":"","stick-header-meta":"","header-above-stick-meta":"","header-main-stick-meta":"","header-below-stick-meta":"","astra-migrate-meta-layouts":"default","ast-page-background-enabled":"default","ast-page-background-meta":{"desktop":{"background-color":"var(--ast-global-color-4)","background-image":"","background-repeat":"repeat","background-position":"center center","background-size":"auto","background-attachment":"scroll","background-type":"","background-media":"","overlay-type":"","overlay-color":"","overlay-opacity":"","overlay-gradient":""},"tablet":{"background-color":"","background-image":"","background-repeat":"repeat","background-position":"center center","background-size":"auto","background-attachment":"scroll","background-type":"","background-media":"","overlay-type":"","overlay-color":"","overlay-opacity":"","overlay-gradient":""},"mobile":{"background-color":"","background-image":"","background-repeat":"repeat","background-position":"center center","background-size":"auto","background-attachment":"scroll","background-type":"","background-media":"","overlay-type":"","overlay-color":"","overlay-opacity":"","overlay-gradient":""}},"ast-content-background-meta":{"desktop":{"background-color":"var(--ast-global-color-5)","background-image":"","background-repeat":"repeat","background-position":"center center","background-size":"auto","background-attachment":"scroll","background-type":"","background-media":"","overlay-type":"","overlay-color":"","overlay-opacity":"","overlay-gradient":""},"tablet":{"background-color":"var(--ast-global-color-5)","background-image":"","background-repeat":"repeat","background-position":"center center","background-size":"auto","background-attachment":"scroll","background-type":"","background-media":"","overlay-type":"","overlay-color":"","overlay-opacity":"","overlay-gradient":""},"mobile":{"background-color":"var(--ast-global-color-5)","background-image":"","background-repeat":"repeat","background-position":"center center","background-size":"auto","background-attachment":"scroll","background-type":"","background-media":"","overlay-type":"","overlay-color":"","overlay-opacity":"","overlay-gradient":""}},"footnotes":""},"categories":[298,1,29],"tags":[],"class_list":["post-13095","post","type-post","status-publish","format-standard","has-post-thumbnail","hentry","category-felicitem-a","category-general","category-portada"],"post_mailing_queue_ids":[],"_links":{"self":[{"href":"https:\/\/serveiseducatius.xtec.cat\/montsia\/wp-json\/wp\/v2\/posts\/13095","targetHints":{"allow":["GET"]}}],"collection":[{"href":"https:\/\/serveiseducatius.xtec.cat\/montsia\/wp-json\/wp\/v2\/posts"}],"about":[{"href":"https:\/\/serveiseducatius.xtec.cat\/montsia\/wp-json\/wp\/v2\/types\/post"}],"author":[{"embeddable":true,"href":"https:\/\/serveiseducatius.xtec.cat\/montsia\/wp-json\/wp\/v2\/users\/1"}],"replies":[{"embeddable":true,"href":"https:\/\/serveiseducatius.xtec.cat\/montsia\/wp-json\/wp\/v2\/comments?post=13095"}],"version-history":[{"count":1,"href":"https:\/\/serveiseducatius.xtec.cat\/montsia\/wp-json\/wp\/v2\/posts\/13095\/revisions"}],"predecessor-version":[{"id":13097,"href":"https:\/\/serveiseducatius.xtec.cat\/montsia\/wp-json\/wp\/v2\/posts\/13095\/revisions\/13097"}],"wp:featuredmedia":[{"embeddable":true,"href":"https:\/\/serveiseducatius.xtec.cat\/montsia\/wp-json\/wp\/v2\/media\/13096"}],"wp:attachment":[{"href":"https:\/\/serveiseducatius.xtec.cat\/montsia\/wp-json\/wp\/v2\/media?parent=13095"}],"wp:term":[{"taxonomy":"category","embeddable":true,"href":"https:\/\/serveiseducatius.xtec.cat\/montsia\/wp-json\/wp\/v2\/categories?post=13095"},{"taxonomy":"post_tag","embeddable":true,"href":"https:\/\/serveiseducatius.xtec.cat\/montsia\/wp-json\/wp\/v2\/tags?post=13095"}],"curies":[{"name":"wp","href":"https:\/\/api.w.org\/{rel}","templated":true}]}}