{"id":13092,"date":"2021-12-13T12:39:52","date_gmt":"2021-12-13T11:39:52","guid":{"rendered":"https:\/\/serveiseducatius.xtec.cat\/montsia\/?p=13092"},"modified":"2021-12-10T12:43:40","modified_gmt":"2021-12-10T11:43:40","slug":"el-tdr-tortosa-entre-mar-i-muntanya-evidencies-paleontologiques-aconsegueix-dos-premis","status":"publish","type":"post","link":"https:\/\/serveiseducatius.xtec.cat\/montsia\/general\/el-tdr-tortosa-entre-mar-i-muntanya-evidencies-paleontologiques-aconsegueix-dos-premis\/","title":{"rendered":"El TdR \u201cTortosa entre mar i muntanya: evid\u00e8ncies paleontol\u00f2giques\u201d aconsegueix dos premis"},"content":{"rendered":"<p><img loading=\"lazy\" decoding=\"async\" class=\"wp-image-13093 aligncenter\" src=\"https:\/\/serveiseducatius.xtec.cat\/montsia\/wp-content\/uploads\/usu1125\/2021\/12\/tdr-tortosa-mar-muntanyes.png\" alt=\"\" width=\"447\" height=\"229\" srcset=\"https:\/\/serveiseducatius.xtec.cat\/montsia\/wp-content\/uploads\/usu1125\/2021\/12\/tdr-tortosa-mar-muntanyes.png 594w, https:\/\/serveiseducatius.xtec.cat\/montsia\/wp-content\/uploads\/usu1125\/2021\/12\/tdr-tortosa-mar-muntanyes-300x154.png 300w\" sizes=\"auto, (max-width: 447px) 100vw, 447px\" \/><\/p>\n<p>Una alumna de l\u2019Institut Ramon Berenguer IV, guanya l&#8217;acc\u00e8ssit del premi Ciutat d\u2019Amposta dels Treballs de Recerca, aix\u00ed com el premi Gerard Verg\u00e9s del Campus Terres de l&#8217;Ebre de la Universitat Rovira i Virgili en la categoria cient\u00edfico-t\u00e8cnica amb el seu treball de recerca \u201cTortosa entre mar i muntanya: evid\u00e8ncies paleontol\u00f2giques\u201d.<\/p>\n<p>\u201cTortosa entre mar i muntanya: evid\u00e8ncies paleontol\u00f2giques\u201d, investiga el jaciment de Sant Onofre, a Campred\u00f3 (Tortosa), amb l\u2019objectiu de verificar o falsar l\u2019exist\u00e8ncia de les evid\u00e8ncies f\u00f2ssils que s&#8217;hi han trobat.\u00a0 A partir de mostres recollides al jaciment, Cabr\u00e9 du a terme un treball pr\u00e0ctic, que cont\u00e9 un treball de camp i t\u00e8cniques de laboratori.<\/p>\n<p>L&#8217;acc\u00e8ssit, com a treball de recerca, es va con\u00e8ixer el dissabte 20 de novembre en un acte obert al p\u00fablic al sal\u00f3 de plens de l\u2019Ajuntament, on van assistir l\u2019alcalde, Adam Tom\u00e0s, i la regidora d\u2019Educaci\u00f3, N\u00faria Marco, a m\u00e9s dels representants dels centres educatius, els estudiants que es van presentar al premi i familiars.<\/p>\n","protected":false},"excerpt":{"rendered":"<p>Una alumna de l\u2019Institut Ramon Berenguer IV, guanya l&#8217;acc\u00e8ssit del premi Ciutat d\u2019Amposta dels Treballs de Recerca, aix\u00ed com el [&hellip;]<\/p>\n","protected":false},"author":1,"featured_media":13093,"comment_status":"closed","ping_status":"closed","sticky":false,"template":"","format":"standard","meta":{"_bbp_topic_count":0,"_bbp_reply_count":0,"_bbp_total_topic_count":0,"_bbp_total_reply_count":0,"_bbp_voice_count":0,"_bbp_anonymous_reply_count":0,"_bbp_topic_count_hidden":0,"_bbp_reply_count_hidden":0,"_bbp_forum_subforum_count":0,"site-sidebar-layout":"default","site-content-layout":"","ast-site-content-layout":"","site-content-style":"default","site-sidebar-style":"default","ast-global-header-display":"","ast-banner-title-visibility":"","ast-main-header-display":"","ast-hfb-above-header-display":"","ast-hfb-below-header-display":"","ast-hfb-mobile-header-display":"","site-post-title":"","ast-breadcrumbs-content":"","ast-featured-img":"","footer-sml-layout":"","theme-transparent-header-meta":"","adv-header-id-meta":"","stick-header-meta":"","header-above-stick-meta":"","header-main-stick-meta":"","header-below-stick-meta":"","astra-migrate-meta-layouts":"default","ast-page-background-enabled":"default","ast-page-background-meta":{"desktop":{"background-color":"var(--ast-global-color-4)","background-image":"","background-repeat":"repeat","background-position":"center center","background-size":"auto","background-attachment":"scroll","background-type":"","background-media":"","overlay-type":"","overlay-color":"","overlay-opacity":"","overlay-gradient":""},"tablet":{"background-color":"","background-image":"","background-repeat":"repeat","background-position":"center center","background-size":"auto","background-attachment":"scroll","background-type":"","background-media":"","overlay-type":"","overlay-color":"","overlay-opacity":"","overlay-gradient":""},"mobile":{"background-color":"","background-image":"","background-repeat":"repeat","background-position":"center center","background-size":"auto","background-attachment":"scroll","background-type":"","background-media":"","overlay-type":"","overlay-color":"","overlay-opacity":"","overlay-gradient":""}},"ast-content-background-meta":{"desktop":{"background-color":"var(--ast-global-color-5)","background-image":"","background-repeat":"repeat","background-position":"center center","background-size":"auto","background-attachment":"scroll","background-type":"","background-media":"","overlay-type":"","overlay-color":"","overlay-opacity":"","overlay-gradient":""},"tablet":{"background-color":"var(--ast-global-color-5)","background-image":"","background-repeat":"repeat","background-position":"center center","background-size":"auto","background-attachment":"scroll","background-type":"","background-media":"","overlay-type":"","overlay-color":"","overlay-opacity":"","overlay-gradient":""},"mobile":{"background-color":"var(--ast-global-color-5)","background-image":"","background-repeat":"repeat","background-position":"center center","background-size":"auto","background-attachment":"scroll","background-type":"","background-media":"","overlay-type":"","overlay-color":"","overlay-opacity":"","overlay-gradient":""}},"footnotes":""},"categories":[298,1,29],"tags":[],"class_list":["post-13092","post","type-post","status-publish","format-standard","has-post-thumbnail","hentry","category-felicitem-a","category-general","category-portada"],"post_mailing_queue_ids":[],"_links":{"self":[{"href":"https:\/\/serveiseducatius.xtec.cat\/montsia\/wp-json\/wp\/v2\/posts\/13092","targetHints":{"allow":["GET"]}}],"collection":[{"href":"https:\/\/serveiseducatius.xtec.cat\/montsia\/wp-json\/wp\/v2\/posts"}],"about":[{"href":"https:\/\/serveiseducatius.xtec.cat\/montsia\/wp-json\/wp\/v2\/types\/post"}],"author":[{"embeddable":true,"href":"https:\/\/serveiseducatius.xtec.cat\/montsia\/wp-json\/wp\/v2\/users\/1"}],"replies":[{"embeddable":true,"href":"https:\/\/serveiseducatius.xtec.cat\/montsia\/wp-json\/wp\/v2\/comments?post=13092"}],"version-history":[{"count":1,"href":"https:\/\/serveiseducatius.xtec.cat\/montsia\/wp-json\/wp\/v2\/posts\/13092\/revisions"}],"predecessor-version":[{"id":13094,"href":"https:\/\/serveiseducatius.xtec.cat\/montsia\/wp-json\/wp\/v2\/posts\/13092\/revisions\/13094"}],"wp:featuredmedia":[{"embeddable":true,"href":"https:\/\/serveiseducatius.xtec.cat\/montsia\/wp-json\/wp\/v2\/media\/13093"}],"wp:attachment":[{"href":"https:\/\/serveiseducatius.xtec.cat\/montsia\/wp-json\/wp\/v2\/media?parent=13092"}],"wp:term":[{"taxonomy":"category","embeddable":true,"href":"https:\/\/serveiseducatius.xtec.cat\/montsia\/wp-json\/wp\/v2\/categories?post=13092"},{"taxonomy":"post_tag","embeddable":true,"href":"https:\/\/serveiseducatius.xtec.cat\/montsia\/wp-json\/wp\/v2\/tags?post=13092"}],"curies":[{"name":"wp","href":"https:\/\/api.w.org\/{rel}","templated":true}]}}