{"id":12820,"date":"2021-10-07T13:15:52","date_gmt":"2021-10-07T11:15:52","guid":{"rendered":"https:\/\/serveiseducatius.xtec.cat\/montsia\/?p=12820"},"modified":"2021-10-07T13:15:52","modified_gmt":"2021-10-07T11:15:52","slug":"la-urv-premia-mar-pitarch-brunet-pel-seu-treball-de-recerca-el-club-sant-jordi","status":"publish","type":"post","link":"https:\/\/serveiseducatius.xtec.cat\/montsia\/general\/la-urv-premia-mar-pitarch-brunet-pel-seu-treball-de-recerca-el-club-sant-jordi\/","title":{"rendered":"La URV premia Mar Pitarch Brunet, pel seu treball de recerca \u201cEl Club Sant Jordi\u201d"},"content":{"rendered":"<p><img loading=\"lazy\" decoding=\"async\" class=\"size-full wp-image-12821 aligncenter\" src=\"https:\/\/serveiseducatius.xtec.cat\/montsia\/wp-content\/uploads\/usu1125\/2021\/10\/el-club-sant-jordi.png\" alt=\"\" width=\"431\" height=\"280\" srcset=\"https:\/\/serveiseducatius.xtec.cat\/montsia\/wp-content\/uploads\/usu1125\/2021\/10\/el-club-sant-jordi.png 431w, https:\/\/serveiseducatius.xtec.cat\/montsia\/wp-content\/uploads\/usu1125\/2021\/10\/el-club-sant-jordi-300x195.png 300w\" sizes=\"auto, (max-width: 431px) 100vw, 431px\" \/><\/p>\n<p>Mar Pitarch Brunet, alumna de l\u2019institut Els Alfacs, ha resultat premiada per la URV amb el premi Gerard Verg\u00e9s pel seu treball de recerca <i>El club Sant Jordi,<\/i> dirigit per Mamen Garcia. Segons la pr\u00f2pia autora del treball, l\u2019estudi se centra en la import\u00e0ncia de l\u2019entitat cultural juvenil de Sant Carles de la R\u00e0pita de finals dels anys seixanta, anomenada \u201cClub Sant Jordi\u201d i la particularitat d\u2019haver sorgit d\u2019una mentalitat inconformista amb el R\u00e8gim Franquista tard\u00e0.<\/p>\n<p>El club Sant Jordi fou l\u2019inici d\u2019un seguit d\u2019actes reivindicatius de la identitat catalana com foren els recitals de Nova Can\u00e7\u00f3, la celebraci\u00f3 de la Diada de Sant Jordi, Setmanes Culturals i una nova religiositat a l\u2019empara del Concili Vatic\u00e0 II. Amb aquest objectiu s\u2019expliquen tamb\u00e9 quins moviments juvenils hi havia en altres indrets en aquella \u00e8poca (per exemple maig del 68 a Fran\u00e7a, la primavera de Praga o fins i tot el moviment hippies als Estats Units) i les difer\u00e8ncies socials i pol\u00edtiques de l\u2019Espanya d\u2019aquells anys. A m\u00e9s, el treball recull altres moviments contestataris similars en l\u2019\u00e0mbit de les Terres de l\u2019Ebre.<\/p>\n","protected":false},"excerpt":{"rendered":"<p>Mar Pitarch Brunet, alumna de l\u2019institut Els Alfacs, ha resultat premiada per la URV amb el premi Gerard Verg\u00e9s pel [&hellip;]<\/p>\n","protected":false},"author":1,"featured_media":12821,"comment_status":"closed","ping_status":"closed","sticky":false,"template":"","format":"standard","meta":{"_bbp_topic_count":0,"_bbp_reply_count":0,"_bbp_total_topic_count":0,"_bbp_total_reply_count":0,"_bbp_voice_count":0,"_bbp_anonymous_reply_count":0,"_bbp_topic_count_hidden":0,"_bbp_reply_count_hidden":0,"_bbp_forum_subforum_count":0,"site-sidebar-layout":"default","site-content-layout":"","ast-site-content-layout":"","site-content-style":"default","site-sidebar-style":"default","ast-global-header-display":"","ast-banner-title-visibility":"","ast-main-header-display":"","ast-hfb-above-header-display":"","ast-hfb-below-header-display":"","ast-hfb-mobile-header-display":"","site-post-title":"","ast-breadcrumbs-content":"","ast-featured-img":"","footer-sml-layout":"","theme-transparent-header-meta":"","adv-header-id-meta":"","stick-header-meta":"","header-above-stick-meta":"","header-main-stick-meta":"","header-below-stick-meta":"","astra-migrate-meta-layouts":"default","ast-page-background-enabled":"default","ast-page-background-meta":{"desktop":{"background-color":"var(--ast-global-color-4)","background-image":"","background-repeat":"repeat","background-position":"center center","background-size":"auto","background-attachment":"scroll","background-type":"","background-media":"","overlay-type":"","overlay-color":"","overlay-opacity":"","overlay-gradient":""},"tablet":{"background-color":"","background-image":"","background-repeat":"repeat","background-position":"center center","background-size":"auto","background-attachment":"scroll","background-type":"","background-media":"","overlay-type":"","overlay-color":"","overlay-opacity":"","overlay-gradient":""},"mobile":{"background-color":"","background-image":"","background-repeat":"repeat","background-position":"center center","background-size":"auto","background-attachment":"scroll","background-type":"","background-media":"","overlay-type":"","overlay-color":"","overlay-opacity":"","overlay-gradient":""}},"ast-content-background-meta":{"desktop":{"background-color":"var(--ast-global-color-5)","background-image":"","background-repeat":"repeat","background-position":"center center","background-size":"auto","background-attachment":"scroll","background-type":"","background-media":"","overlay-type":"","overlay-color":"","overlay-opacity":"","overlay-gradient":""},"tablet":{"background-color":"var(--ast-global-color-5)","background-image":"","background-repeat":"repeat","background-position":"center center","background-size":"auto","background-attachment":"scroll","background-type":"","background-media":"","overlay-type":"","overlay-color":"","overlay-opacity":"","overlay-gradient":""},"mobile":{"background-color":"var(--ast-global-color-5)","background-image":"","background-repeat":"repeat","background-position":"center center","background-size":"auto","background-attachment":"scroll","background-type":"","background-media":"","overlay-type":"","overlay-color":"","overlay-opacity":"","overlay-gradient":""}},"footnotes":""},"categories":[298,1,29],"tags":[],"class_list":["post-12820","post","type-post","status-publish","format-standard","has-post-thumbnail","hentry","category-felicitem-a","category-general","category-portada"],"post_mailing_queue_ids":[],"_links":{"self":[{"href":"https:\/\/serveiseducatius.xtec.cat\/montsia\/wp-json\/wp\/v2\/posts\/12820","targetHints":{"allow":["GET"]}}],"collection":[{"href":"https:\/\/serveiseducatius.xtec.cat\/montsia\/wp-json\/wp\/v2\/posts"}],"about":[{"href":"https:\/\/serveiseducatius.xtec.cat\/montsia\/wp-json\/wp\/v2\/types\/post"}],"author":[{"embeddable":true,"href":"https:\/\/serveiseducatius.xtec.cat\/montsia\/wp-json\/wp\/v2\/users\/1"}],"replies":[{"embeddable":true,"href":"https:\/\/serveiseducatius.xtec.cat\/montsia\/wp-json\/wp\/v2\/comments?post=12820"}],"version-history":[{"count":1,"href":"https:\/\/serveiseducatius.xtec.cat\/montsia\/wp-json\/wp\/v2\/posts\/12820\/revisions"}],"predecessor-version":[{"id":12822,"href":"https:\/\/serveiseducatius.xtec.cat\/montsia\/wp-json\/wp\/v2\/posts\/12820\/revisions\/12822"}],"wp:featuredmedia":[{"embeddable":true,"href":"https:\/\/serveiseducatius.xtec.cat\/montsia\/wp-json\/wp\/v2\/media\/12821"}],"wp:attachment":[{"href":"https:\/\/serveiseducatius.xtec.cat\/montsia\/wp-json\/wp\/v2\/media?parent=12820"}],"wp:term":[{"taxonomy":"category","embeddable":true,"href":"https:\/\/serveiseducatius.xtec.cat\/montsia\/wp-json\/wp\/v2\/categories?post=12820"},{"taxonomy":"post_tag","embeddable":true,"href":"https:\/\/serveiseducatius.xtec.cat\/montsia\/wp-json\/wp\/v2\/tags?post=12820"}],"curies":[{"name":"wp","href":"https:\/\/api.w.org\/{rel}","templated":true}]}}