{"id":12626,"date":"2021-05-14T14:12:18","date_gmt":"2021-05-14T12:12:18","guid":{"rendered":"http:\/\/serveiseducatius.xtec.cat\/montsia\/?p=12626"},"modified":"2022-12-20T16:41:23","modified_gmt":"2022-12-20T15:41:23","slug":"proposta-de-lectura-dia-mundial-contra-lhomofobia-la-transfobia-i-la-bifobia","status":"publish","type":"post","link":"https:\/\/serveiseducatius.xtec.cat\/montsia\/general\/proposta-de-lectura-dia-mundial-contra-lhomofobia-la-transfobia-i-la-bifobia\/","title":{"rendered":"Proposta de lectura. Dia mundial contra l&#8217;homof\u00f2bia, la transf\u00f2bia i la bif\u00f2bia"},"content":{"rendered":"<p><img loading=\"lazy\" decoding=\"async\" class=\"size-full wp-image-12627 aligncenter\" src=\"https:\/\/serveiseducatius.xtec.cat\/montsia\/wp-content\/uploads\/usu1125\/2021\/05\/dv-coeducatius-1.png\" alt=\"\" width=\"457\" height=\"172\" srcset=\"https:\/\/serveiseducatius.xtec.cat\/montsia\/wp-content\/uploads\/usu1125\/2021\/05\/dv-coeducatius-1.png 457w, https:\/\/serveiseducatius.xtec.cat\/montsia\/wp-content\/uploads\/usu1125\/2021\/05\/dv-coeducatius-1-300x113.png 300w\" sizes=\"auto, (max-width: 457px) 100vw, 457px\" \/><\/p>\n<p>El 17 de maig se celebra el dia mundial contra l&#8217;homof\u00f2bia, la transf\u00f2bia i la bif\u00f2bia. Des del CRP del Montsi\u00e0 us volem recomanar una s\u00e8rie de lectures per a treballar aquests aspectes en les diferents etapes educatives.<\/p>\n<ul>\n<li>Per a infantil: <a href=\"http:\/\/merli.xtec.cat\/merli\/cerca\/fitxaRecurs.jsp?idRecurs=\/140092&amp;sheetId=null&amp;nomUsuari=null&amp;inxtec=0\">Ara em dic Joana<\/a><\/li>\n<li>Per a cicle inicial: <a href=\"http:\/\/merli.xtec.cat\/merli\/cerca\/fitxaRecurs.jsp?idRecurs=\/140159&amp;sheetId=null&amp;nomUsuari=null&amp;inxtec=0\">Piratrans carabarco<\/a><\/li>\n<li>Per a cicle mitj\u00e0 i cicle superior: <a href=\"http:\/\/merli.xtec.cat\/merli\/cerca\/fitxaRecurs.jsp?idRecurs=\/134646&amp;sheetId=null&amp;nomUsuari=null&amp;inxtec=0#\">El noi del vestit<\/a><\/li>\n<li>Per a ESO i Batxillerat: <a href=\"http:\/\/merli.xtec.cat\/merli\/cerca\/fitxaRecurs.jsp?idRecurs=\/140791&amp;sheetId=null&amp;nomUsuari=null&amp;inxtec=0\">Llamadme Nathan<\/a><\/li>\n<\/ul>\n<p>Aquests llibres estan dintre de les maletes <i>coeduca\u2019t amb el curr\u00edculum<\/i> i estan a la vostra disposici\u00f3 al CRP.<\/p>\n<p>Des del departament tamb\u00e9 es posa a disposici\u00f3 una s\u00e8rie de recursos per tractar aquests temes <a href=\"http:\/\/xtec.gencat.cat\/ca\/centres\/celebracions\/2021\/dia-internacional-contra-lhomofobia-la-transfobia-i-la-bifobia\/\">http:\/\/xtec.gencat.cat\/ca\/centres\/celebracions\/2021\/dia-internacional-contra-lhomofobia-la-transfobia-i-la-bifobia\/<\/a><\/p>\n","protected":false},"excerpt":{"rendered":"<p>El 17 de maig se celebra el dia mundial contra l&#8217;homof\u00f2bia, la transf\u00f2bia i la bif\u00f2bia. Des del CRP del [&hellip;]<\/p>\n","protected":false},"author":1,"featured_media":12627,"comment_status":"closed","ping_status":"closed","sticky":false,"template":"","format":"standard","meta":{"_bbp_topic_count":0,"_bbp_reply_count":0,"_bbp_total_topic_count":0,"_bbp_total_reply_count":0,"_bbp_voice_count":0,"_bbp_anonymous_reply_count":0,"_bbp_topic_count_hidden":0,"_bbp_reply_count_hidden":0,"_bbp_forum_subforum_count":0,"site-sidebar-layout":"default","site-content-layout":"","ast-site-content-layout":"","site-content-style":"default","site-sidebar-style":"default","ast-global-header-display":"","ast-banner-title-visibility":"","ast-main-header-display":"","ast-hfb-above-header-display":"","ast-hfb-below-header-display":"","ast-hfb-mobile-header-display":"","site-post-title":"","ast-breadcrumbs-content":"","ast-featured-img":"","footer-sml-layout":"","theme-transparent-header-meta":"","adv-header-id-meta":"","stick-header-meta":"","header-above-stick-meta":"","header-main-stick-meta":"","header-below-stick-meta":"","astra-migrate-meta-layouts":"default","ast-page-background-enabled":"default","ast-page-background-meta":{"desktop":{"background-color":"var(--ast-global-color-4)","background-image":"","background-repeat":"repeat","background-position":"center center","background-size":"auto","background-attachment":"scroll","background-type":"","background-media":"","overlay-type":"","overlay-color":"","overlay-opacity":"","overlay-gradient":""},"tablet":{"background-color":"","background-image":"","background-repeat":"repeat","background-position":"center center","background-size":"auto","background-attachment":"scroll","background-type":"","background-media":"","overlay-type":"","overlay-color":"","overlay-opacity":"","overlay-gradient":""},"mobile":{"background-color":"","background-image":"","background-repeat":"repeat","background-position":"center center","background-size":"auto","background-attachment":"scroll","background-type":"","background-media":"","overlay-type":"","overlay-color":"","overlay-opacity":"","overlay-gradient":""}},"ast-content-background-meta":{"desktop":{"background-color":"var(--ast-global-color-5)","background-image":"","background-repeat":"repeat","background-position":"center center","background-size":"auto","background-attachment":"scroll","background-type":"","background-media":"","overlay-type":"","overlay-color":"","overlay-opacity":"","overlay-gradient":""},"tablet":{"background-color":"var(--ast-global-color-5)","background-image":"","background-repeat":"repeat","background-position":"center center","background-size":"auto","background-attachment":"scroll","background-type":"","background-media":"","overlay-type":"","overlay-color":"","overlay-opacity":"","overlay-gradient":""},"mobile":{"background-color":"var(--ast-global-color-5)","background-image":"","background-repeat":"repeat","background-position":"center center","background-size":"auto","background-attachment":"scroll","background-type":"","background-media":"","overlay-type":"","overlay-color":"","overlay-opacity":"","overlay-gradient":""}},"footnotes":""},"categories":[1,29,363],"tags":[306],"class_list":["post-12626","post","type-post","status-publish","format-standard","has-post-thumbnail","hentry","category-general","category-portada","category-propostes-ods","tag-divendres-coeducatius"],"post_mailing_queue_ids":[],"_links":{"self":[{"href":"https:\/\/serveiseducatius.xtec.cat\/montsia\/wp-json\/wp\/v2\/posts\/12626","targetHints":{"allow":["GET"]}}],"collection":[{"href":"https:\/\/serveiseducatius.xtec.cat\/montsia\/wp-json\/wp\/v2\/posts"}],"about":[{"href":"https:\/\/serveiseducatius.xtec.cat\/montsia\/wp-json\/wp\/v2\/types\/post"}],"author":[{"embeddable":true,"href":"https:\/\/serveiseducatius.xtec.cat\/montsia\/wp-json\/wp\/v2\/users\/1"}],"replies":[{"embeddable":true,"href":"https:\/\/serveiseducatius.xtec.cat\/montsia\/wp-json\/wp\/v2\/comments?post=12626"}],"version-history":[{"count":1,"href":"https:\/\/serveiseducatius.xtec.cat\/montsia\/wp-json\/wp\/v2\/posts\/12626\/revisions"}],"predecessor-version":[{"id":12628,"href":"https:\/\/serveiseducatius.xtec.cat\/montsia\/wp-json\/wp\/v2\/posts\/12626\/revisions\/12628"}],"wp:featuredmedia":[{"embeddable":true,"href":"https:\/\/serveiseducatius.xtec.cat\/montsia\/wp-json\/wp\/v2\/media\/12627"}],"wp:attachment":[{"href":"https:\/\/serveiseducatius.xtec.cat\/montsia\/wp-json\/wp\/v2\/media?parent=12626"}],"wp:term":[{"taxonomy":"category","embeddable":true,"href":"https:\/\/serveiseducatius.xtec.cat\/montsia\/wp-json\/wp\/v2\/categories?post=12626"},{"taxonomy":"post_tag","embeddable":true,"href":"https:\/\/serveiseducatius.xtec.cat\/montsia\/wp-json\/wp\/v2\/tags?post=12626"}],"curies":[{"name":"wp","href":"https:\/\/api.w.org\/{rel}","templated":true}]}}