{"id":12330,"date":"2020-09-08T13:08:30","date_gmt":"2020-09-08T11:08:30","guid":{"rendered":"http:\/\/serveiseducatius.xtec.cat\/montsia\/?p=12330"},"modified":"2021-03-08T13:18:10","modified_gmt":"2021-03-08T12:18:10","slug":"lapassionant-mon-de-la-meteorologia","status":"publish","type":"post","link":"https:\/\/serveiseducatius.xtec.cat\/montsia\/recursos\/lapassionant-mon-de-la-meteorologia\/","title":{"rendered":"L\u2019apassionant m\u00f3n de la meteorologia"},"content":{"rendered":"<p><img loading=\"lazy\" decoding=\"async\" class=\"size-full wp-image-12331 aligncenter\" src=\"https:\/\/serveiseducatius.xtec.cat\/montsia\/wp-content\/uploads\/usu1125\/2021\/03\/mon-de-la-meteorologia.png\" alt=\"\" width=\"154\" height=\"153\" srcset=\"https:\/\/serveiseducatius.xtec.cat\/montsia\/wp-content\/uploads\/usu1125\/2021\/03\/mon-de-la-meteorologia.png 154w, https:\/\/serveiseducatius.xtec.cat\/montsia\/wp-content\/uploads\/usu1125\/2021\/03\/mon-de-la-meteorologia-150x150.png 150w\" sizes=\"auto, (max-width: 154px) 100vw, 154px\" \/><\/p>\n<p><span style=\"font-weight: 400;\">Aquesta enciclop\u00e8dia de la meteorologia cont\u00e9 informaci\u00f3 completa, mapes precisos i \u00a0 fotografies espectaculars dels temes imprescindibles: atmosfera, hist\u00f2ria de la meteorologia, observaci\u00f3 i predicci\u00f3 del temps atmosf\u00e8ric, atlas de n\u00favols, fen\u00f2mens meteorol\u00f2gics, din\u00e0mica atmosf\u00e8rica, climes del m\u00f3n i de Catalunya.\u00a0<\/span><\/p>\n<p><span style=\"font-weight: 400;\">Continguts dels volums:<\/span><\/p>\n<ul>\n<li style=\"font-weight: 400;\" aria-level=\"1\"><span style=\"font-weight: 400;\">Volum I: Hist\u00f2ria de la meteorologia; Interrelaci\u00f3 entre els humans i l&#8217;atmosfera.<\/span><\/li>\n<li style=\"font-weight: 400;\" aria-level=\"1\"><span style=\"font-weight: 400;\">Volum II: Atles de n\u00favols. Fen\u00f2mens meteorol\u00f2gics. Climes del m\u00f3n.<\/span><\/li>\n<li style=\"font-weight: 400;\" aria-level=\"1\"><span style=\"font-weight: 400;\">Volum III: Biometeorologia. Din\u00e0mica atmosf\u00e8rica. Meteorologia al mar. Meteorologia a la muntanya. L&#8217;atmosfera.<\/span><\/li>\n<li style=\"font-weight: 400;\" aria-level=\"1\"><span style=\"font-weight: 400;\">Volum IV: Observaci\u00f3 i predicci\u00f3 del temps atmosf\u00e8ric. Instal\u00b7laci\u00f3 i \u00fas de l&#8217;estaci\u00f3 meteorol\u00f2gica. Predicci\u00f3 del temps i noves tecnologies. Observaci\u00f3 i predicci\u00f3 no instrumental. Mapes i tipus de temps. Climes de Catalunya.<\/span><\/li>\n<\/ul>\n<p><span style=\"font-weight: 400;\">El volum quart cont\u00e9 un curs pr\u00e0ctic de meteorologia i va acompanyat d&#8217;una estaci\u00f3 meteorol\u00f2gica digital Oregon Scientific que permet anotar autom\u00e0ticament dades i fer prediccions del temps.<\/span><\/p>\n<p><b>L&#8217;estaci\u00f3 meteorol\u00f2gica digital Oregon Scientific<\/b><span style=\"font-weight: 400;\"> permet anotar autom\u00e0ticament dades i fer prediccions del temps. Disposa d&#8217;instruccions de muntatge i programari espec\u00edfic.<\/span><\/p>\n<p><img loading=\"lazy\" decoding=\"async\" class=\"alignnone size-full wp-image-12332 aligncenter\" src=\"https:\/\/serveiseducatius.xtec.cat\/montsia\/wp-content\/uploads\/usu1125\/2021\/03\/meteorologia.png\" alt=\"\" width=\"174\" height=\"144\" \/><\/p>\n<p><span style=\"font-weight: 400;\">Es composa de:<\/span><\/p>\n<ul>\n<li style=\"font-weight: 400;\" aria-level=\"1\"><span style=\"font-weight: 400;\">Ordinador Central<\/span><\/li>\n<li style=\"font-weight: 400;\" aria-level=\"1\"><span style=\"font-weight: 400;\">Anem\u00f2metre exterior<\/span><\/li>\n<li style=\"font-weight: 400;\" aria-level=\"1\"><span style=\"font-weight: 400;\">Pluvi\u00f2metre exterior<\/span><\/li>\n<li style=\"font-weight: 400;\" aria-level=\"1\"><span style=\"font-weight: 400;\">Sensor Termohigr\u00f2metre<\/span><\/li>\n<li style=\"font-weight: 400;\" aria-level=\"1\"><span style=\"font-weight: 400;\">Baro-termohigr\u00f2metre<\/span><\/li>\n<li style=\"font-weight: 400;\" aria-level=\"1\"><span style=\"font-weight: 400;\">4 CDs: Instruccions de muntatge, Software Estaci\u00f3 Meteorol\u00f2gica, Software del m\u00f3n meteorol\u00f2gic, Dades meteorol\u00f2giques de l&#8217;Observatori Fabra<\/span><\/li>\n<\/ul>\n","protected":false},"excerpt":{"rendered":"<p>Aquesta enciclop\u00e8dia de la meteorologia cont\u00e9 informaci\u00f3 completa, mapes precisos i \u00a0 fotografies espectaculars dels temes imprescindibles: atmosfera, hist\u00f2ria de [&hellip;]<\/p>\n","protected":false},"author":1,"featured_media":12331,"comment_status":"closed","ping_status":"closed","sticky":false,"template":"","format":"standard","meta":{"_bbp_topic_count":0,"_bbp_reply_count":0,"_bbp_total_topic_count":0,"_bbp_total_reply_count":0,"_bbp_voice_count":0,"_bbp_anonymous_reply_count":0,"_bbp_topic_count_hidden":0,"_bbp_reply_count_hidden":0,"_bbp_forum_subforum_count":0,"site-sidebar-layout":"default","site-content-layout":"","ast-site-content-layout":"","site-content-style":"default","site-sidebar-style":"default","ast-global-header-display":"","ast-banner-title-visibility":"","ast-main-header-display":"","ast-hfb-above-header-display":"","ast-hfb-below-header-display":"","ast-hfb-mobile-header-display":"","site-post-title":"","ast-breadcrumbs-content":"","ast-featured-img":"","footer-sml-layout":"","theme-transparent-header-meta":"","adv-header-id-meta":"","stick-header-meta":"","header-above-stick-meta":"","header-main-stick-meta":"","header-below-stick-meta":"","astra-migrate-meta-layouts":"default","ast-page-background-enabled":"default","ast-page-background-meta":{"desktop":{"background-color":"var(--ast-global-color-4)","background-image":"","background-repeat":"repeat","background-position":"center center","background-size":"auto","background-attachment":"scroll","background-type":"","background-media":"","overlay-type":"","overlay-color":"","overlay-opacity":"","overlay-gradient":""},"tablet":{"background-color":"","background-image":"","background-repeat":"repeat","background-position":"center center","background-size":"auto","background-attachment":"scroll","background-type":"","background-media":"","overlay-type":"","overlay-color":"","overlay-opacity":"","overlay-gradient":""},"mobile":{"background-color":"","background-image":"","background-repeat":"repeat","background-position":"center center","background-size":"auto","background-attachment":"scroll","background-type":"","background-media":"","overlay-type":"","overlay-color":"","overlay-opacity":"","overlay-gradient":""}},"ast-content-background-meta":{"desktop":{"background-color":"var(--ast-global-color-5)","background-image":"","background-repeat":"repeat","background-position":"center center","background-size":"auto","background-attachment":"scroll","background-type":"","background-media":"","overlay-type":"","overlay-color":"","overlay-opacity":"","overlay-gradient":""},"tablet":{"background-color":"var(--ast-global-color-5)","background-image":"","background-repeat":"repeat","background-position":"center center","background-size":"auto","background-attachment":"scroll","background-type":"","background-media":"","overlay-type":"","overlay-color":"","overlay-opacity":"","overlay-gradient":""},"mobile":{"background-color":"var(--ast-global-color-5)","background-image":"","background-repeat":"repeat","background-position":"center center","background-size":"auto","background-attachment":"scroll","background-type":"","background-media":"","overlay-type":"","overlay-color":"","overlay-opacity":"","overlay-gradient":""}},"footnotes":""},"categories":[82,76],"tags":[],"class_list":["post-12330","post","type-post","status-publish","format-standard","has-post-thumbnail","hentry","category-maletes-pedagogiques","category-recursos"],"post_mailing_queue_ids":[],"_links":{"self":[{"href":"https:\/\/serveiseducatius.xtec.cat\/montsia\/wp-json\/wp\/v2\/posts\/12330","targetHints":{"allow":["GET"]}}],"collection":[{"href":"https:\/\/serveiseducatius.xtec.cat\/montsia\/wp-json\/wp\/v2\/posts"}],"about":[{"href":"https:\/\/serveiseducatius.xtec.cat\/montsia\/wp-json\/wp\/v2\/types\/post"}],"author":[{"embeddable":true,"href":"https:\/\/serveiseducatius.xtec.cat\/montsia\/wp-json\/wp\/v2\/users\/1"}],"replies":[{"embeddable":true,"href":"https:\/\/serveiseducatius.xtec.cat\/montsia\/wp-json\/wp\/v2\/comments?post=12330"}],"version-history":[{"count":1,"href":"https:\/\/serveiseducatius.xtec.cat\/montsia\/wp-json\/wp\/v2\/posts\/12330\/revisions"}],"predecessor-version":[{"id":12333,"href":"https:\/\/serveiseducatius.xtec.cat\/montsia\/wp-json\/wp\/v2\/posts\/12330\/revisions\/12333"}],"wp:featuredmedia":[{"embeddable":true,"href":"https:\/\/serveiseducatius.xtec.cat\/montsia\/wp-json\/wp\/v2\/media\/12331"}],"wp:attachment":[{"href":"https:\/\/serveiseducatius.xtec.cat\/montsia\/wp-json\/wp\/v2\/media?parent=12330"}],"wp:term":[{"taxonomy":"category","embeddable":true,"href":"https:\/\/serveiseducatius.xtec.cat\/montsia\/wp-json\/wp\/v2\/categories?post=12330"},{"taxonomy":"post_tag","embeddable":true,"href":"https:\/\/serveiseducatius.xtec.cat\/montsia\/wp-json\/wp\/v2\/tags?post=12330"}],"curies":[{"name":"wp","href":"https:\/\/api.w.org\/{rel}","templated":true}]}}