{"id":12324,"date":"2020-09-04T12:51:24","date_gmt":"2020-09-04T10:51:24","guid":{"rendered":"http:\/\/serveiseducatius.xtec.cat\/montsia\/?p=12324"},"modified":"2021-03-08T12:56:56","modified_gmt":"2021-03-08T11:56:56","slug":"expressart","status":"publish","type":"post","link":"https:\/\/serveiseducatius.xtec.cat\/montsia\/recursos\/expressart\/","title":{"rendered":"Expressart"},"content":{"rendered":"<p><img loading=\"lazy\" decoding=\"async\" class=\"alignnone  wp-image-12325 aligncenter\" src=\"https:\/\/serveiseducatius.xtec.cat\/montsia\/wp-content\/uploads\/usu1125\/2021\/03\/expressart.png\" alt=\"\" width=\"501\" height=\"335\" srcset=\"https:\/\/serveiseducatius.xtec.cat\/montsia\/wp-content\/uploads\/usu1125\/2021\/03\/expressart.png 546w, https:\/\/serveiseducatius.xtec.cat\/montsia\/wp-content\/uploads\/usu1125\/2021\/03\/expressart-300x201.png 300w\" sizes=\"auto, (max-width: 501px) 100vw, 501px\" \/><\/p>\n<p><span style=\"font-weight: 400;\">El projecte ExpressArt neix de considerar l\u2019art contemporani com un generador inesgotable d\u2019aprenentatges diversos i de la voluntat de posar a l\u2019abast de tothom un projecte en qu\u00e8 les experi\u00e8ncies d\u2019\u00e8xit de tots els qui hi participin estiguin garantides des del comen\u00e7ament. Est\u00e0 pensat per al professorat i l\u2019alumnat d\u2019educaci\u00f3 infantil, prim\u00e0ria i primer cicle de secund\u00e0ria, inclosos els alumnes amb necessitats educatives especials. Tamb\u00e9 \u00e9s possible utilitzar-lo en altres nivells educatius i amb adults. L\u2019objectiu \u00e9s proporcionar recursos per treballar q\u00fcestions i tem\u00e0tiques molt diferents, tenint present un enfocament competencial, sent l\u2019art contemporani el punt de partida de tot el que se suggereix.<\/span><\/p>\n<p><span style=\"font-weight: 400;\">Est\u00e0 concebut com un conjunt de propostes did\u00e0ctiques per realitzar a l\u2019aula amb l\u2019ajuda d\u2019un conjunt de materials (objectes tridimensionals, imatges i textos) allotjats dins una caixa en forma de maleta, que es lliuren en pr\u00e9stec a aquells mestres que ho sol\u00b7licitin. L\u2019objectiu principal \u00e9s que tant els alumnes com els mestres gaudeixin de les obres i puguin establir un di\u00e0leg amb elles, partint de la pr\u00f2pia experi\u00e8ncia, estimulant el respecte i l\u2019inter\u00e8s per l\u2019art com a mitj\u00e0 d\u2019expressi\u00f3, joc, representaci\u00f3 i experimentaci\u00f3. Un altre objectiu del projecte \u00e9s que els infants prenguin consci\u00e8ncia de la seva pr\u00f2pia capacitat per expressar-se, i que la desenvolupin lliurement, bo i minimitzant imposicions i restriccions, en la mesura del que sigui possible, i animant-los a utilitzar alguns dels elements o procediments que fan servir els artistes.<\/span><\/p>\n<p><span style=\"font-weight: 400;\">El projecte consta de dues parts:\u00a0<\/span><\/p>\n<ul>\n<li style=\"font-weight: 400;\" aria-level=\"1\"><span style=\"font-weight: 400;\">La primera part es treballa a l\u2019escola amb la caixa, i la segona part \u00e9s una visita al Museu. Podeu demanar la caixa d\u2019ExpressArt en pr\u00e9stec al Servei Educatiu. La durada recomanada del pr\u00e9stec \u00e9s d\u2019un mes com a m\u00e0xim per escola.<\/span><\/li>\n<\/ul>\n<p><span style=\"font-weight: 400;\">Al final de cada pr\u00e9stec el MACBA enviar\u00e0 a l\u2019escola una enquesta de valoraci\u00f3 del recurs.<\/span><\/p>\n<ul>\n<li style=\"font-weight: 400;\" aria-level=\"1\"><span style=\"font-weight: 400;\">Pel que fa a la segona part del projecte, la visita al Museu, proposem que els mestres s\u2019adrecin directament al MACBA, per tal de recordar dia i hora.<\/span><\/li>\n<\/ul>\n<p><span style=\"font-weight: 400;\">Per a totes aquestes q\u00fcestions, la persona de contacte al MACBA \u00e9s la Marta Vel\u00e1zquez Tel 934 121 413 o <\/span><a href=\"mailto:educacio@macba.es\"><span style=\"font-weight: 400;\">educacio@macba.es<\/span><\/a><\/p>\n<p><span style=\"font-weight: 400;\">La maleta consta de :<\/span><\/p>\n<ul>\n<li style=\"font-weight: 400;\" aria-level=\"1\"><span style=\"font-weight: 400;\">Calaix gran, amb trenta compartiments que allotgen elements diferents (objectes quotidians, industrials, naturals, etc.), amb tapa de metacrilat i nansa.<\/span><\/li>\n<li style=\"font-weight: 400;\" aria-level=\"1\"><span style=\"font-weight: 400;\">Calaix petit, amb quinze compartiments que allotgen cubs de diferents materials i grand\u00e0ries, amb tapa de metacrilat i nansa.<\/span><\/li>\n<li style=\"font-weight: 400;\" aria-level=\"1\"><span style=\"font-weight: 400;\">Calaix petit sense compartiments, amb tapa de fusta i nansa que cont\u00e9:\u00a0<\/span>\n<ul>\n<li style=\"list-style-type: none;\">\n<ul>\n<li style=\"font-weight: 400;\" aria-level=\"1\"><span style=\"font-weight: 400;\">Bossa de roba de sac amb cent bales de vidre.\u00a0<\/span><\/li>\n<li style=\"font-weight: 400;\" aria-level=\"1\"><span style=\"font-weight: 400;\">Trenta estoretes d\u2019escuma negra de 12 \u00d7 12 cm.\u00a0<\/span><\/li>\n<li style=\"font-weight: 400;\" aria-level=\"1\"><span style=\"font-weight: 400;\">Guia per al professorat.<\/span><\/li>\n<li style=\"font-weight: 400;\" aria-level=\"1\"><span style=\"font-weight: 400;\">Un CD-ROM.\u00a0<\/span><\/li>\n<li style=\"font-weight: 400;\" aria-level=\"1\"><span style=\"font-weight: 400;\">Una fotografia plastificada de cadascun dels calaixos amb compartiments (objectes i cubs) per poder endre\u00e7ar-ho tot.<\/span><\/li>\n<\/ul>\n<\/li>\n<\/ul>\n<\/li>\n<li style=\"font-weight: 400;\" aria-level=\"1\"><span style=\"font-weight: 400;\">Una estoreta negra de 37 \u00d7 44 cm que va col\u00b7locada just a sobre del calaix gran.<\/span><\/li>\n<\/ul>\n<p><span style=\"font-weight: 400;\">Per disposar de m\u00e9s informaci\u00f3 us podeu descarregar la <\/span><a href=\"https:\/\/img.macba.cat\/public\/uploads\/20091014\/expressart.pdf\"><span style=\"font-weight: 400;\">Guia del professor<\/span><\/a><span style=\"font-weight: 400;\">.<\/span><\/p>\n","protected":false},"excerpt":{"rendered":"<p>El projecte ExpressArt neix de considerar l\u2019art contemporani com un generador inesgotable d\u2019aprenentatges diversos i de la voluntat de posar [&hellip;]<\/p>\n","protected":false},"author":1,"featured_media":12325,"comment_status":"closed","ping_status":"closed","sticky":false,"template":"","format":"standard","meta":{"_bbp_topic_count":0,"_bbp_reply_count":0,"_bbp_total_topic_count":0,"_bbp_total_reply_count":0,"_bbp_voice_count":0,"_bbp_anonymous_reply_count":0,"_bbp_topic_count_hidden":0,"_bbp_reply_count_hidden":0,"_bbp_forum_subforum_count":0,"site-sidebar-layout":"default","site-content-layout":"","ast-site-content-layout":"","site-content-style":"default","site-sidebar-style":"default","ast-global-header-display":"","ast-banner-title-visibility":"","ast-main-header-display":"","ast-hfb-above-header-display":"","ast-hfb-below-header-display":"","ast-hfb-mobile-header-display":"","site-post-title":"","ast-breadcrumbs-content":"","ast-featured-img":"","footer-sml-layout":"","theme-transparent-header-meta":"","adv-header-id-meta":"","stick-header-meta":"","header-above-stick-meta":"","header-main-stick-meta":"","header-below-stick-meta":"","astra-migrate-meta-layouts":"default","ast-page-background-enabled":"default","ast-page-background-meta":{"desktop":{"background-color":"var(--ast-global-color-4)","background-image":"","background-repeat":"repeat","background-position":"center center","background-size":"auto","background-attachment":"scroll","background-type":"","background-media":"","overlay-type":"","overlay-color":"","overlay-opacity":"","overlay-gradient":""},"tablet":{"background-color":"","background-image":"","background-repeat":"repeat","background-position":"center center","background-size":"auto","background-attachment":"scroll","background-type":"","background-media":"","overlay-type":"","overlay-color":"","overlay-opacity":"","overlay-gradient":""},"mobile":{"background-color":"","background-image":"","background-repeat":"repeat","background-position":"center center","background-size":"auto","background-attachment":"scroll","background-type":"","background-media":"","overlay-type":"","overlay-color":"","overlay-opacity":"","overlay-gradient":""}},"ast-content-background-meta":{"desktop":{"background-color":"var(--ast-global-color-5)","background-image":"","background-repeat":"repeat","background-position":"center center","background-size":"auto","background-attachment":"scroll","background-type":"","background-media":"","overlay-type":"","overlay-color":"","overlay-opacity":"","overlay-gradient":""},"tablet":{"background-color":"var(--ast-global-color-5)","background-image":"","background-repeat":"repeat","background-position":"center center","background-size":"auto","background-attachment":"scroll","background-type":"","background-media":"","overlay-type":"","overlay-color":"","overlay-opacity":"","overlay-gradient":""},"mobile":{"background-color":"var(--ast-global-color-5)","background-image":"","background-repeat":"repeat","background-position":"center center","background-size":"auto","background-attachment":"scroll","background-type":"","background-media":"","overlay-type":"","overlay-color":"","overlay-opacity":"","overlay-gradient":""}},"footnotes":""},"categories":[82,76],"tags":[],"class_list":["post-12324","post","type-post","status-publish","format-standard","has-post-thumbnail","hentry","category-maletes-pedagogiques","category-recursos"],"post_mailing_queue_ids":[],"_links":{"self":[{"href":"https:\/\/serveiseducatius.xtec.cat\/montsia\/wp-json\/wp\/v2\/posts\/12324","targetHints":{"allow":["GET"]}}],"collection":[{"href":"https:\/\/serveiseducatius.xtec.cat\/montsia\/wp-json\/wp\/v2\/posts"}],"about":[{"href":"https:\/\/serveiseducatius.xtec.cat\/montsia\/wp-json\/wp\/v2\/types\/post"}],"author":[{"embeddable":true,"href":"https:\/\/serveiseducatius.xtec.cat\/montsia\/wp-json\/wp\/v2\/users\/1"}],"replies":[{"embeddable":true,"href":"https:\/\/serveiseducatius.xtec.cat\/montsia\/wp-json\/wp\/v2\/comments?post=12324"}],"version-history":[{"count":1,"href":"https:\/\/serveiseducatius.xtec.cat\/montsia\/wp-json\/wp\/v2\/posts\/12324\/revisions"}],"predecessor-version":[{"id":12326,"href":"https:\/\/serveiseducatius.xtec.cat\/montsia\/wp-json\/wp\/v2\/posts\/12324\/revisions\/12326"}],"wp:featuredmedia":[{"embeddable":true,"href":"https:\/\/serveiseducatius.xtec.cat\/montsia\/wp-json\/wp\/v2\/media\/12325"}],"wp:attachment":[{"href":"https:\/\/serveiseducatius.xtec.cat\/montsia\/wp-json\/wp\/v2\/media?parent=12324"}],"wp:term":[{"taxonomy":"category","embeddable":true,"href":"https:\/\/serveiseducatius.xtec.cat\/montsia\/wp-json\/wp\/v2\/categories?post=12324"},{"taxonomy":"post_tag","embeddable":true,"href":"https:\/\/serveiseducatius.xtec.cat\/montsia\/wp-json\/wp\/v2\/tags?post=12324"}],"curies":[{"name":"wp","href":"https:\/\/api.w.org\/{rel}","templated":true}]}}