{"id":12315,"date":"2020-09-01T12:09:47","date_gmt":"2020-09-01T10:09:47","guid":{"rendered":"http:\/\/serveiseducatius.xtec.cat\/montsia\/?p=12315"},"modified":"2021-03-08T12:16:34","modified_gmt":"2021-03-08T11:16:34","slug":"maleta-pedagogica-de-lhort-a-casa","status":"publish","type":"post","link":"https:\/\/serveiseducatius.xtec.cat\/montsia\/recursos\/maleta-pedagogica-de-lhort-a-casa\/","title":{"rendered":"Maleta pedag\u00f2gica de l&#8217;hort a casa"},"content":{"rendered":"<p><img loading=\"lazy\" decoding=\"async\" class=\"size-full wp-image-12316 aligncenter\" src=\"https:\/\/serveiseducatius.xtec.cat\/montsia\/wp-content\/uploads\/usu1125\/2021\/03\/de-lhort-a-casa.png\" alt=\"\" width=\"536\" height=\"354\" srcset=\"https:\/\/serveiseducatius.xtec.cat\/montsia\/wp-content\/uploads\/usu1125\/2021\/03\/de-lhort-a-casa.png 536w, https:\/\/serveiseducatius.xtec.cat\/montsia\/wp-content\/uploads\/usu1125\/2021\/03\/de-lhort-a-casa-300x198.png 300w\" sizes=\"auto, (max-width: 536px) 100vw, 536px\" \/><\/p>\n<p>&nbsp;<\/p>\n<p><span style=\"font-weight: 400;\">La maleta pedag\u00f2gica &#8220;&#8216;De l&#8217;hort a casa&#8217;, realitzada amb la intervenci\u00f3 de <\/span><a href=\"http:\/\/www.vidasana.org\/\"><span style=\"font-weight: 400;\">l\u2019associaci\u00f3 Vida Sana<\/span><\/a><span style=\"font-weight: 400;\"> est\u00e0 formada per diversos materials did\u00e0ctics per a alumnat i professorat de Prim\u00e0ria i Secund\u00e0ria. Ofereix els recursos pedag\u00f2gics necessaris per con\u00e8ixer qu\u00e8 \u00e9s l&#8217;agricultura ecol\u00f2gica i poder portar-la a la pr\u00e0ctica. A l\u2019interior de la maleta es troben propostes d\u2019activitats f\u00e0cils d\u2019integrar en projectes escolars destinats a desenvolupar compet\u00e8ncies orientades a fer un \u00fas responsable dels recursos naturals i tenir cura del medi ambient.<\/span><\/p>\n<p><span style=\"font-weight: 400;\">La maleta consta de:\u00a0<\/span><\/p>\n<ul>\n<li style=\"font-weight: 400;\" aria-level=\"1\"><span style=\"font-weight: 400;\">Guia Did\u00e0ctica del professorat<\/span><span style=\"font-weight: 400;\">.<\/span><\/li>\n<li style=\"font-weight: 400;\" aria-level=\"1\"><a href=\"http:\/\/merli.xtec.cat\/merli\/cerca\/fitxaRecurs.jsp?idRecurs=\/91486&amp;sheetId=null&amp;nomUsuari=null&amp;inxtec=0\"><span style=\"font-weight: 400;\">Guia de les esp\u00e8cies d\u2019horta m\u00e9s comunes a Catalunya.<\/span><\/a> <span style=\"font-weight: 400;\">\u00c9s un llibre de coneixements que recull un conjunt de fitxes, seleccionades a partir d\u2018entrevistes realitzades a avis i \u00e0vies de Catalunya. Cadascuna de les\u00a0<\/span><b>fitxes cont\u00e9 una imatge, informaci\u00f3 espec\u00edfica de l\u2018esp\u00e8cie i consells pr\u00e0ctics per aconseguir bons productes ecol\u00f2gics<\/b><span style=\"font-weight: 400;\">. La informaci\u00f3 espec\u00edfica s\u2018organitza en diferents camps com ara el s\u00f2l, clima, sembra, reg, fertilitzaci\u00f3, plagues i malalties.<\/span><\/li>\n<li style=\"font-weight: 400;\" aria-level=\"1\"><span style=\"font-weight: 400;\">Llibre <\/span><span style=\"font-weight: 400;\">Qu\u00e8 \u00e9s l\u2019agricultura ecol\u00f2gica?<\/span> <span style=\"font-weight: 400;\">D\u00f3na a con\u00e8ixer, amb un llenguatge planer i entenedor,\u00a0<\/span><b>els principis fonamentals de l\u2018agricultura ecol\u00f2gica.<\/b><\/li>\n<li style=\"font-weight: 400;\" aria-level=\"1\"><span style=\"font-weight: 400;\">Llibre<\/span> <a href=\"http:\/\/merli.xtec.cat\/merli\/cerca\/fitxaRecurs.jsp?idRecurs=\/10545&amp;sheetId=null&amp;nomUsuari=null&amp;inxtec=0\"><span style=\"font-weight: 400;\">L\u2019hort escolar ecol\u00f2gic<\/span><\/a><span style=\"font-weight: 400;\">. <\/span><b>\u00c9<\/b><b>s un manual que combina els coneixements relacionats amb l\u2018hort amb lectures i propostes did\u00e0ctiques.<\/b><\/li>\n<li style=\"font-weight: 400;\" aria-level=\"1\"><span style=\"font-weight: 400;\">Joc de la Bioca. <\/span><span style=\"font-weight: 400;\">De col a col avan\u00e7a el cargol<\/span><span style=\"font-weight: 400;\">.\u00a0<\/span><b>Joc de preguntes i respostes que t\u00e9 com a objectiu passar una bona estona compartint reflexions al voltant de l\u2018hort ecol\u00f2gic i el respecte pel medi ambient<\/b><span style=\"font-weight: 400;\">. Per aquest motiu, els continguts proposats s\u00f3n molt amplis i abasten aspectes relacionats amb el coneixement del calendari de l\u2018hort, la sostenibilitat, el compost o el reciclatge. Es tracta d\u2018una adaptaci\u00f3 del popular joc de l\u2018oca amb una nova cantarella: de col en col avan\u00e7a el cargol.<\/span><\/li>\n<li style=\"font-weight: 400;\" aria-level=\"1\"><span style=\"font-weight: 400;\">Joc D\u00f3na la cara<\/span><span style=\"font-weight: 400;\">. <\/span><b>Es<\/b><span style=\"font-weight: 400;\">\u00a0<\/span><b>tracta d\u2018un joc motriu de persecuci\u00f3 que simula les relacions aliment\u00e0ries\u00a0<\/b><span style=\"font-weight: 400;\">que es poden donar en un hort ecol\u00f2gic per comparar-les amb les que es donen en un hort en qu\u00e8 es practica l\u2018agricultura intensiva.<\/span><\/li>\n<li style=\"font-weight: 400;\" aria-level=\"1\"><span style=\"font-weight: 400;\">Materials per experimentar amb el s\u00f2l<\/span><span style=\"font-weight: 400;\">. <\/span><span style=\"font-weight: 400;\">A trav\u00e9s d\u2018aquest joc es pret\u00e9n donar a\u00a0<\/span><b>con\u00e8ixer les propietats del s\u00f2l\u00a0<\/b><span style=\"font-weight: 400;\">per tal de tenir una idea m\u00e9s clara de com \u00e9s el nostre s\u00f2l per tal d\u2018iniciar amb m\u00e9s \u00e8xit el nostre hort ecol\u00f2gic.<\/span><\/li>\n<li style=\"font-weight: 400;\" aria-level=\"1\"><span style=\"font-weight: 400;\">Calendari de l\u2019hort escolar<\/span><span style=\"font-weight: 400;\">. <\/span><span style=\"font-weight: 400;\">Amb aquest calendari es pret\u00e9n\u00a0<\/span><b>diferenciar amb facilitat les esp\u00e8cies pr\u00f2pies de l\u2018hort de tardor- hivern, les de l\u2018hort de primavera-estiu\u00a0<\/b><span style=\"font-weight: 400;\">i les que es poden conrear tot l\u2018any. D\u2018altra banda, tamb\u00e9 s\u2018indica si la sembra s\u2018ha de fer directament amb les llavors o si s\u2018ha d\u2018iniciar amb planter. Les 26 esp\u00e8cies d\u2018horta que es presenten s\u00f3n les m\u00e9s cl\u00e0ssiques dels horts i estan ordenades segons la part de la planta que es menja. El calendari es complementa amb tota una s\u00e8rie de suggeriments per treballar a l\u2018hort i una justificaci\u00f3 de l\u2018agricultura ecol\u00f2gica que poden donar peu a debats constructius.<\/span><span style=\"font-weight: 400;\">\u00a0<\/span><\/li>\n<li style=\"font-weight: 400;\" aria-level=\"1\"><a href=\"http:\/\/merli.xtec.cat\/merli\/cerca\/fitxaRecurs.jsp?idRecurs=\/91484&amp;sheetId=null&amp;nomUsuari=null&amp;inxtec=0\"><span style=\"font-weight: 400;\">HorTAC<\/span><\/a><span style=\"font-weight: 400;\">. HorTAC \u00e9s un\u00a0<\/span><b>CDRom que pret\u00e9n desenvolupar un conjunt d\u2018habilitats que s\u00f3n necess\u00e0ries per resoldre una s\u00e8rie de reptes mitjan\u00e7ant l\u2018experimentaci\u00f3 digital.<\/b><span style=\"font-weight: 400;\">\u00a0El seu contingut s\u2018estructura en tres apartats:<\/span>\n<ul>\n<li style=\"font-weight: 400;\" aria-level=\"1\"><b>El calaix d\u2018informaci\u00f3<\/b><span style=\"font-weight: 400;\">: permet l\u2018acc\u00e9s a un conjunt d\u2018arxius que contenen els originals del materials did\u00e0ctics que composen la maleta ecol\u00f2gica. Va adre\u00e7at al professorat.<\/span><\/li>\n<li style=\"font-weight: 400;\" aria-level=\"1\"><b>L\u2018hort pas a pas: <\/b><span style=\"font-weight: 400;\">l\u2018entrada a aquest apartat es realitza a trav\u00e9s d\u2018una animaci\u00f3 que d\u00f3na pas a 12\u00a0activitats que tenen com a fil conductor l\u2018hort escolar ecol\u00f2gic.<\/span><\/li>\n<li style=\"font-weight: 400;\" aria-level=\"1\"><b>Jocs:\u00a0<\/b><span style=\"font-weight: 400;\">set propostes l\u00fadiques ambientades en l\u2018hort, que permeten jugar i, alhora, aprendre.<\/span><\/li>\n<\/ul>\n<\/li>\n<\/ul>\n<p>&nbsp;<\/p>\n","protected":false},"excerpt":{"rendered":"<p>&nbsp; La maleta pedag\u00f2gica &#8220;&#8216;De l&#8217;hort a casa&#8217;, realitzada amb la intervenci\u00f3 de l\u2019associaci\u00f3 Vida Sana est\u00e0 formada per diversos [&hellip;]<\/p>\n","protected":false},"author":1,"featured_media":12316,"comment_status":"closed","ping_status":"closed","sticky":false,"template":"","format":"standard","meta":{"_bbp_topic_count":0,"_bbp_reply_count":0,"_bbp_total_topic_count":0,"_bbp_total_reply_count":0,"_bbp_voice_count":0,"_bbp_anonymous_reply_count":0,"_bbp_topic_count_hidden":0,"_bbp_reply_count_hidden":0,"_bbp_forum_subforum_count":0,"site-sidebar-layout":"default","site-content-layout":"","ast-site-content-layout":"","site-content-style":"default","site-sidebar-style":"default","ast-global-header-display":"","ast-banner-title-visibility":"","ast-main-header-display":"","ast-hfb-above-header-display":"","ast-hfb-below-header-display":"","ast-hfb-mobile-header-display":"","site-post-title":"","ast-breadcrumbs-content":"","ast-featured-img":"","footer-sml-layout":"","theme-transparent-header-meta":"","adv-header-id-meta":"","stick-header-meta":"","header-above-stick-meta":"","header-main-stick-meta":"","header-below-stick-meta":"","astra-migrate-meta-layouts":"default","ast-page-background-enabled":"default","ast-page-background-meta":{"desktop":{"background-color":"var(--ast-global-color-4)","background-image":"","background-repeat":"repeat","background-position":"center center","background-size":"auto","background-attachment":"scroll","background-type":"","background-media":"","overlay-type":"","overlay-color":"","overlay-opacity":"","overlay-gradient":""},"tablet":{"background-color":"","background-image":"","background-repeat":"repeat","background-position":"center center","background-size":"auto","background-attachment":"scroll","background-type":"","background-media":"","overlay-type":"","overlay-color":"","overlay-opacity":"","overlay-gradient":""},"mobile":{"background-color":"","background-image":"","background-repeat":"repeat","background-position":"center center","background-size":"auto","background-attachment":"scroll","background-type":"","background-media":"","overlay-type":"","overlay-color":"","overlay-opacity":"","overlay-gradient":""}},"ast-content-background-meta":{"desktop":{"background-color":"var(--ast-global-color-5)","background-image":"","background-repeat":"repeat","background-position":"center center","background-size":"auto","background-attachment":"scroll","background-type":"","background-media":"","overlay-type":"","overlay-color":"","overlay-opacity":"","overlay-gradient":""},"tablet":{"background-color":"var(--ast-global-color-5)","background-image":"","background-repeat":"repeat","background-position":"center center","background-size":"auto","background-attachment":"scroll","background-type":"","background-media":"","overlay-type":"","overlay-color":"","overlay-opacity":"","overlay-gradient":""},"mobile":{"background-color":"var(--ast-global-color-5)","background-image":"","background-repeat":"repeat","background-position":"center center","background-size":"auto","background-attachment":"scroll","background-type":"","background-media":"","overlay-type":"","overlay-color":"","overlay-opacity":"","overlay-gradient":""}},"footnotes":""},"categories":[82,76],"tags":[],"class_list":["post-12315","post","type-post","status-publish","format-standard","has-post-thumbnail","hentry","category-maletes-pedagogiques","category-recursos"],"post_mailing_queue_ids":[],"_links":{"self":[{"href":"https:\/\/serveiseducatius.xtec.cat\/montsia\/wp-json\/wp\/v2\/posts\/12315","targetHints":{"allow":["GET"]}}],"collection":[{"href":"https:\/\/serveiseducatius.xtec.cat\/montsia\/wp-json\/wp\/v2\/posts"}],"about":[{"href":"https:\/\/serveiseducatius.xtec.cat\/montsia\/wp-json\/wp\/v2\/types\/post"}],"author":[{"embeddable":true,"href":"https:\/\/serveiseducatius.xtec.cat\/montsia\/wp-json\/wp\/v2\/users\/1"}],"replies":[{"embeddable":true,"href":"https:\/\/serveiseducatius.xtec.cat\/montsia\/wp-json\/wp\/v2\/comments?post=12315"}],"version-history":[{"count":1,"href":"https:\/\/serveiseducatius.xtec.cat\/montsia\/wp-json\/wp\/v2\/posts\/12315\/revisions"}],"predecessor-version":[{"id":12317,"href":"https:\/\/serveiseducatius.xtec.cat\/montsia\/wp-json\/wp\/v2\/posts\/12315\/revisions\/12317"}],"wp:featuredmedia":[{"embeddable":true,"href":"https:\/\/serveiseducatius.xtec.cat\/montsia\/wp-json\/wp\/v2\/media\/12316"}],"wp:attachment":[{"href":"https:\/\/serveiseducatius.xtec.cat\/montsia\/wp-json\/wp\/v2\/media?parent=12315"}],"wp:term":[{"taxonomy":"category","embeddable":true,"href":"https:\/\/serveiseducatius.xtec.cat\/montsia\/wp-json\/wp\/v2\/categories?post=12315"},{"taxonomy":"post_tag","embeddable":true,"href":"https:\/\/serveiseducatius.xtec.cat\/montsia\/wp-json\/wp\/v2\/tags?post=12315"}],"curies":[{"name":"wp","href":"https:\/\/api.w.org\/{rel}","templated":true}]}}