{"id":12080,"date":"2021-04-12T12:20:57","date_gmt":"2021-04-12T10:20:57","guid":{"rendered":"http:\/\/serveiseducatius.xtec.cat\/montsia\/?p=12080"},"modified":"2021-04-13T08:45:43","modified_gmt":"2021-04-13T06:45:43","slug":"xxiv-jornades-pedagogico-musicals-de-les-terres-de-lebre","status":"publish","type":"post","link":"https:\/\/serveiseducatius.xtec.cat\/montsia\/general\/xxiv-jornades-pedagogico-musicals-de-les-terres-de-lebre\/","title":{"rendered":"XXIV Jornades Pedag\u00f2gico-musicals de les Terres de l\u2019Ebre"},"content":{"rendered":"<p>Els propers 17 i 24 d\u2019abril es realitzaran les <strong>XXIII Jornades Pedag\u00f2gico-musicals de Terres de l\u2019Ebre<\/strong>; en aquesta edici\u00f3, en format virtual.<\/p>\n<p>Enguany, el tema central de les jornades ser\u00e0: <b>Eines TIC per a la mat\u00e8ria de M\u00fasica<\/b>; i la formaci\u00f3 anir\u00e0 a c\u00e0rrec de <strong>M. Jes\u00fas Camino Renteria<\/strong>. Podeu consultar el seu curr\u00edculum al seg\u00fcent enlla\u00e7: <a href=\"https:\/\/www.mariajesusmusica.com\/curriacuteculum-y-agenda.html\">curr\u00edculum professional<\/a><\/p>\n<p>Per a m\u00e9s informaci\u00f3 sobre l\u2019esmentada activitat, podeu entrar al seg\u00fcent enlla\u00e7: <a href=\"https:\/\/aplicacions.gestioeducativa.gencat.cat\/pls\/soloas\/pk_for_mod_ins.p_for_detall_activitat?p_codi=8060391806&amp;p_curs=2020-2021&amp;p_es_inscr=S\">Jornades Pedag\u00f2gico-musicals_M\u00e9s informaci\u00f3<\/a><\/p>\n<p><strong>Inscripcions:<\/strong> crp-montsia@xtec.cat<\/p>\n<p><img loading=\"lazy\" decoding=\"async\" class=\"size-full wp-image-12082 aligncenter\" src=\"https:\/\/serveiseducatius.xtec.cat\/montsia\/wp-content\/uploads\/usu1125\/2021\/02\/Cartell-XXIV-jornades-musica.png\" alt=\"\" width=\"551\" height=\"783\" srcset=\"https:\/\/serveiseducatius.xtec.cat\/montsia\/wp-content\/uploads\/usu1125\/2021\/02\/Cartell-XXIV-jornades-musica.png 551w, https:\/\/serveiseducatius.xtec.cat\/montsia\/wp-content\/uploads\/usu1125\/2021\/02\/Cartell-XXIV-jornades-musica-211x300.png 211w\" sizes=\"auto, (max-width: 551px) 100vw, 551px\" \/><\/p>\n","protected":false},"excerpt":{"rendered":"<p>Els propers 17 i 24 d\u2019abril es realitzaran les XXIII Jornades Pedag\u00f2gico-musicals de Terres de l\u2019Ebre; en aquesta edici\u00f3, en [&hellip;]<\/p>\n","protected":false},"author":1,"featured_media":12083,"comment_status":"closed","ping_status":"closed","sticky":false,"template":"","format":"standard","meta":{"_bbp_topic_count":0,"_bbp_reply_count":0,"_bbp_total_topic_count":0,"_bbp_total_reply_count":0,"_bbp_voice_count":0,"_bbp_anonymous_reply_count":0,"_bbp_topic_count_hidden":0,"_bbp_reply_count_hidden":0,"_bbp_forum_subforum_count":0,"site-sidebar-layout":"default","site-content-layout":"","ast-site-content-layout":"","site-content-style":"default","site-sidebar-style":"default","ast-global-header-display":"","ast-banner-title-visibility":"","ast-main-header-display":"","ast-hfb-above-header-display":"","ast-hfb-below-header-display":"","ast-hfb-mobile-header-display":"","site-post-title":"","ast-breadcrumbs-content":"","ast-featured-img":"","footer-sml-layout":"","theme-transparent-header-meta":"","adv-header-id-meta":"","stick-header-meta":"","header-above-stick-meta":"","header-main-stick-meta":"","header-below-stick-meta":"","astra-migrate-meta-layouts":"default","ast-page-background-enabled":"default","ast-page-background-meta":{"desktop":{"background-color":"var(--ast-global-color-4)","background-image":"","background-repeat":"repeat","background-position":"center center","background-size":"auto","background-attachment":"scroll","background-type":"","background-media":"","overlay-type":"","overlay-color":"","overlay-opacity":"","overlay-gradient":""},"tablet":{"background-color":"","background-image":"","background-repeat":"repeat","background-position":"center center","background-size":"auto","background-attachment":"scroll","background-type":"","background-media":"","overlay-type":"","overlay-color":"","overlay-opacity":"","overlay-gradient":""},"mobile":{"background-color":"","background-image":"","background-repeat":"repeat","background-position":"center center","background-size":"auto","background-attachment":"scroll","background-type":"","background-media":"","overlay-type":"","overlay-color":"","overlay-opacity":"","overlay-gradient":""}},"ast-content-background-meta":{"desktop":{"background-color":"var(--ast-global-color-5)","background-image":"","background-repeat":"repeat","background-position":"center center","background-size":"auto","background-attachment":"scroll","background-type":"","background-media":"","overlay-type":"","overlay-color":"","overlay-opacity":"","overlay-gradient":""},"tablet":{"background-color":"var(--ast-global-color-5)","background-image":"","background-repeat":"repeat","background-position":"center center","background-size":"auto","background-attachment":"scroll","background-type":"","background-media":"","overlay-type":"","overlay-color":"","overlay-opacity":"","overlay-gradient":""},"mobile":{"background-color":"var(--ast-global-color-5)","background-image":"","background-repeat":"repeat","background-position":"center center","background-size":"auto","background-attachment":"scroll","background-type":"","background-media":"","overlay-type":"","overlay-color":"","overlay-opacity":"","overlay-gradient":""}},"footnotes":""},"categories":[1,29],"tags":[],"class_list":["post-12080","post","type-post","status-publish","format-standard","has-post-thumbnail","hentry","category-general","category-portada"],"post_mailing_queue_ids":[],"_links":{"self":[{"href":"https:\/\/serveiseducatius.xtec.cat\/montsia\/wp-json\/wp\/v2\/posts\/12080","targetHints":{"allow":["GET"]}}],"collection":[{"href":"https:\/\/serveiseducatius.xtec.cat\/montsia\/wp-json\/wp\/v2\/posts"}],"about":[{"href":"https:\/\/serveiseducatius.xtec.cat\/montsia\/wp-json\/wp\/v2\/types\/post"}],"author":[{"embeddable":true,"href":"https:\/\/serveiseducatius.xtec.cat\/montsia\/wp-json\/wp\/v2\/users\/1"}],"replies":[{"embeddable":true,"href":"https:\/\/serveiseducatius.xtec.cat\/montsia\/wp-json\/wp\/v2\/comments?post=12080"}],"version-history":[{"count":2,"href":"https:\/\/serveiseducatius.xtec.cat\/montsia\/wp-json\/wp\/v2\/posts\/12080\/revisions"}],"predecessor-version":[{"id":12530,"href":"https:\/\/serveiseducatius.xtec.cat\/montsia\/wp-json\/wp\/v2\/posts\/12080\/revisions\/12530"}],"wp:featuredmedia":[{"embeddable":true,"href":"https:\/\/serveiseducatius.xtec.cat\/montsia\/wp-json\/wp\/v2\/media\/12083"}],"wp:attachment":[{"href":"https:\/\/serveiseducatius.xtec.cat\/montsia\/wp-json\/wp\/v2\/media?parent=12080"}],"wp:term":[{"taxonomy":"category","embeddable":true,"href":"https:\/\/serveiseducatius.xtec.cat\/montsia\/wp-json\/wp\/v2\/categories?post=12080"},{"taxonomy":"post_tag","embeddable":true,"href":"https:\/\/serveiseducatius.xtec.cat\/montsia\/wp-json\/wp\/v2\/tags?post=12080"}],"curies":[{"name":"wp","href":"https:\/\/api.w.org\/{rel}","templated":true}]}}