{"id":12013,"date":"2021-02-09T12:50:04","date_gmt":"2021-02-09T11:50:04","guid":{"rendered":"http:\/\/serveiseducatius.xtec.cat\/montsia\/?p=12013"},"modified":"2021-02-09T12:50:04","modified_gmt":"2021-02-09T11:50:04","slug":"webinar-claustre-obert-sobre-educcio-hibrida","status":"publish","type":"post","link":"https:\/\/serveiseducatius.xtec.cat\/montsia\/general\/webinar-claustre-obert-sobre-educcio-hibrida\/","title":{"rendered":"Webinar Claustre Obert sobre educci\u00f3 h\u00edbrida"},"content":{"rendered":"<p><img loading=\"lazy\" decoding=\"async\" class=\"wp-image-12014 aligncenter\" src=\"https:\/\/serveiseducatius.xtec.cat\/montsia\/wp-content\/uploads\/usu1125\/2021\/02\/webinar-educacio-hibrida.png\" alt=\"\" width=\"462\" height=\"264\" srcset=\"https:\/\/serveiseducatius.xtec.cat\/montsia\/wp-content\/uploads\/usu1125\/2021\/02\/webinar-educacio-hibrida.png 1024w, https:\/\/serveiseducatius.xtec.cat\/montsia\/wp-content\/uploads\/usu1125\/2021\/02\/webinar-educacio-hibrida-300x171.png 300w, https:\/\/serveiseducatius.xtec.cat\/montsia\/wp-content\/uploads\/usu1125\/2021\/02\/webinar-educacio-hibrida-768x439.png 768w\" sizes=\"auto, (max-width: 462px) 100vw, 462px\" \/><\/p>\n<p>El proper dijous 11 de febrer a les 18h tindr\u00e0 lloc el webinar <a href=\"https:\/\/projectes.xtec.cat\/claustreobert\/general\/organitzar-centre-hibrida\/\"><em><strong>Com organitzar el centre en un context d\u2019educaci\u00f3 h\u00edbrida? <\/strong><\/em><\/a>Hi participaran tres dels centres que formen part del Projecte pilot d\u2019Educaci\u00f3 H\u00edbrida:<\/p>\n<ul>\n<li>el <a href=\"https:\/\/agora.xtec.cat\/cfalagarrotxa\/\" target=\"_blank\" rel=\"noopener noreferrer\">CFA La Garrotxa<\/a> exposar\u00e0 com funciona la seva aula d\u2019autoformaci\u00f3,<\/li>\n<li>l\u2019<a href=\"https:\/\/agora.xtec.cat\/inslavall\/\" target=\"_blank\" rel=\"noopener noreferrer\">Institut Vall de Ll\u00e9mena<\/a> explicar\u00e0 com atenen a l\u2019alumnat confinat i quins suports t\u00e8cnics fan servir, i<\/li>\n<li>l\u2019<a href=\"https:\/\/agora.xtec.cat\/iesterraroja\/\" target=\"_blank\" rel=\"noopener noreferrer\">Institut Terra Roja<\/a> ens detallar\u00e0 la seva organitzaci\u00f3 hor\u00e0ria i les eines digitals que han posat a l\u2019abast de l\u2019alumnat.<\/li>\n<\/ul>\n<p>Podeu consultar tota la informaci\u00f3 a l&#8217;enlla\u00e7: <a href=\"https:\/\/projectes.xtec.cat\/claustreobert\/general\/organitzar-centre-hibrida\/\" target=\"_blank\" rel=\"noopener noreferrer\">https:\/\/projectes.xtec.cat\/claustreobert\/general\/organitzar-centre-hibrida\/<\/a><\/p>\n","protected":false},"excerpt":{"rendered":"<p>El proper dijous 11 de febrer a les 18h tindr\u00e0 lloc el webinar Com organitzar el centre en un context [&hellip;]<\/p>\n","protected":false},"author":1,"featured_media":12014,"comment_status":"closed","ping_status":"closed","sticky":false,"template":"","format":"standard","meta":{"_bbp_topic_count":0,"_bbp_reply_count":0,"_bbp_total_topic_count":0,"_bbp_total_reply_count":0,"_bbp_voice_count":0,"_bbp_anonymous_reply_count":0,"_bbp_topic_count_hidden":0,"_bbp_reply_count_hidden":0,"_bbp_forum_subforum_count":0,"site-sidebar-layout":"default","site-content-layout":"","ast-site-content-layout":"","site-content-style":"default","site-sidebar-style":"default","ast-global-header-display":"","ast-banner-title-visibility":"","ast-main-header-display":"","ast-hfb-above-header-display":"","ast-hfb-below-header-display":"","ast-hfb-mobile-header-display":"","site-post-title":"","ast-breadcrumbs-content":"","ast-featured-img":"","footer-sml-layout":"","theme-transparent-header-meta":"","adv-header-id-meta":"","stick-header-meta":"","header-above-stick-meta":"","header-main-stick-meta":"","header-below-stick-meta":"","astra-migrate-meta-layouts":"default","ast-page-background-enabled":"default","ast-page-background-meta":{"desktop":{"background-color":"var(--ast-global-color-4)","background-image":"","background-repeat":"repeat","background-position":"center center","background-size":"auto","background-attachment":"scroll","background-type":"","background-media":"","overlay-type":"","overlay-color":"","overlay-opacity":"","overlay-gradient":""},"tablet":{"background-color":"","background-image":"","background-repeat":"repeat","background-position":"center center","background-size":"auto","background-attachment":"scroll","background-type":"","background-media":"","overlay-type":"","overlay-color":"","overlay-opacity":"","overlay-gradient":""},"mobile":{"background-color":"","background-image":"","background-repeat":"repeat","background-position":"center center","background-size":"auto","background-attachment":"scroll","background-type":"","background-media":"","overlay-type":"","overlay-color":"","overlay-opacity":"","overlay-gradient":""}},"ast-content-background-meta":{"desktop":{"background-color":"var(--ast-global-color-5)","background-image":"","background-repeat":"repeat","background-position":"center center","background-size":"auto","background-attachment":"scroll","background-type":"","background-media":"","overlay-type":"","overlay-color":"","overlay-opacity":"","overlay-gradient":""},"tablet":{"background-color":"var(--ast-global-color-5)","background-image":"","background-repeat":"repeat","background-position":"center center","background-size":"auto","background-attachment":"scroll","background-type":"","background-media":"","overlay-type":"","overlay-color":"","overlay-opacity":"","overlay-gradient":""},"mobile":{"background-color":"var(--ast-global-color-5)","background-image":"","background-repeat":"repeat","background-position":"center center","background-size":"auto","background-attachment":"scroll","background-type":"","background-media":"","overlay-type":"","overlay-color":"","overlay-opacity":"","overlay-gradient":""}},"footnotes":""},"categories":[1,29],"tags":[],"class_list":["post-12013","post","type-post","status-publish","format-standard","has-post-thumbnail","hentry","category-general","category-portada"],"post_mailing_queue_ids":[],"_links":{"self":[{"href":"https:\/\/serveiseducatius.xtec.cat\/montsia\/wp-json\/wp\/v2\/posts\/12013","targetHints":{"allow":["GET"]}}],"collection":[{"href":"https:\/\/serveiseducatius.xtec.cat\/montsia\/wp-json\/wp\/v2\/posts"}],"about":[{"href":"https:\/\/serveiseducatius.xtec.cat\/montsia\/wp-json\/wp\/v2\/types\/post"}],"author":[{"embeddable":true,"href":"https:\/\/serveiseducatius.xtec.cat\/montsia\/wp-json\/wp\/v2\/users\/1"}],"replies":[{"embeddable":true,"href":"https:\/\/serveiseducatius.xtec.cat\/montsia\/wp-json\/wp\/v2\/comments?post=12013"}],"version-history":[{"count":1,"href":"https:\/\/serveiseducatius.xtec.cat\/montsia\/wp-json\/wp\/v2\/posts\/12013\/revisions"}],"predecessor-version":[{"id":12015,"href":"https:\/\/serveiseducatius.xtec.cat\/montsia\/wp-json\/wp\/v2\/posts\/12013\/revisions\/12015"}],"wp:featuredmedia":[{"embeddable":true,"href":"https:\/\/serveiseducatius.xtec.cat\/montsia\/wp-json\/wp\/v2\/media\/12014"}],"wp:attachment":[{"href":"https:\/\/serveiseducatius.xtec.cat\/montsia\/wp-json\/wp\/v2\/media?parent=12013"}],"wp:term":[{"taxonomy":"category","embeddable":true,"href":"https:\/\/serveiseducatius.xtec.cat\/montsia\/wp-json\/wp\/v2\/categories?post=12013"},{"taxonomy":"post_tag","embeddable":true,"href":"https:\/\/serveiseducatius.xtec.cat\/montsia\/wp-json\/wp\/v2\/tags?post=12013"}],"curies":[{"name":"wp","href":"https:\/\/api.w.org\/{rel}","templated":true}]}}