{"id":11993,"date":"2021-02-04T12:56:40","date_gmt":"2021-02-04T11:56:40","guid":{"rendered":"http:\/\/serveiseducatius.xtec.cat\/montsia\/?p=11993"},"modified":"2021-02-04T12:56:40","modified_gmt":"2021-02-04T11:56:40","slug":"xiii-jornada-deducacio-infantil-terres-de-lebre","status":"publish","type":"post","link":"https:\/\/serveiseducatius.xtec.cat\/montsia\/general\/xiii-jornada-deducacio-infantil-terres-de-lebre\/","title":{"rendered":"XIII Jornada d\u2019Educaci\u00f3 Infantil Terres de l\u2019Ebre"},"content":{"rendered":"<p><img loading=\"lazy\" decoding=\"async\" class=\"size-full wp-image-11994 aligncenter\" src=\"https:\/\/serveiseducatius.xtec.cat\/montsia\/wp-content\/uploads\/usu1125\/2021\/02\/XIII-jornada-educacio-infantil.png\" alt=\"\" width=\"507\" height=\"280\" srcset=\"https:\/\/serveiseducatius.xtec.cat\/montsia\/wp-content\/uploads\/usu1125\/2021\/02\/XIII-jornada-educacio-infantil.png 507w, https:\/\/serveiseducatius.xtec.cat\/montsia\/wp-content\/uploads\/usu1125\/2021\/02\/XIII-jornada-educacio-infantil-300x166.png 300w\" sizes=\"auto, (max-width: 507px) 100vw, 507px\" \/><\/p>\n<p>La <strong>\u201cXIII Jornada d\u2019Educaci\u00f3 Infantil Terres de l\u2019Ebre\u201d<\/strong> vol contribuir a donar una nova mirada als projectes art\u00edstics perqu\u00e8 siguin claus i incideixin en la comunitat educativa per fomentar la creativitat, la flexibilitat, la capacitat d\u2019an\u00e0lisi, el coneixement de l\u2019entorn, l\u2019actitud davant l\u2019aprenentatge i perqu\u00e8 proporcionin diverses eines \u00fatils per revitalitzar accions educatives. L\u2019art \u00e9s una font de coneixement que ens acosta a la nostra cultura i ens ajuda a con\u00e8ixer i recon\u00e8ixer el m\u00f3n i fixar-nos una mica m\u00e9s all\u00e0 de l\u2019evident.<\/p>\n<p>La realitzaci\u00f3 de projectes art\u00edstics fa que l\u2019alumnat se senti escoltat i pugui mostrar qui \u00e9s, qu\u00e8 vol i qu\u00e8 l\u2019interessa. L\u2019art hauria de ser un exponent d\u2019aprenentatge lliure, creatiu i significatiu que s\u2019hauria de treballar amb l\u2019alumnat d\u2019educaci\u00f3 infantil als centres educatius. A l\u2019aprenentatge art\u00edstic, tal com diu Elliot Eisner, <em>\u201chi pot haver m\u00e9s d\u2019una resposta a una pregunta i m\u00e9s d\u2019una soluci\u00f3 a un problema\u201d<\/em>.<\/p>\n<p>Objectius:<\/p>\n<p>&nbsp;<\/p>\n<ul>\n<li aria-level=\"1\">Promoure i posar en valor l\u2019art a l\u2019educaci\u00f3 infantil.<\/li>\n<li aria-level=\"1\">Fer viure l\u2019art com a font d\u2019informaci\u00f3, plaer i inspiraci\u00f3 creadora.<\/li>\n<li aria-level=\"1\">Con\u00e8ixer qu\u00e8 es fa a les escoles en relaci\u00f3 amb les arts, compartir-ho, i fomentar processos col\u00b7laboratius.<\/li>\n<li aria-level=\"1\">Compartir recursos, metodologies i mecanismes d\u2019avaluaci\u00f3 a l\u2019hora de fer pr\u00e0ctiques art\u00edstiques.<\/li>\n<li aria-level=\"1\">Fomentar espais creatius, on la imaginaci\u00f3, l\u2019experimentaci\u00f3 i la creativitat es treballin i s\u2019estimulin amb la finalitat d\u2019aconseguir un aprenentatge m\u00e9s ric i motivador per a l\u2019alumnat d\u2019educaci\u00f3 infantil.<\/li>\n<li aria-level=\"1\">Aprofitar l\u2019educaci\u00f3 art\u00edstica per desenvolupar les habilitats emocionals, creatives, innovadores i diverses culturalment.<\/li>\n<\/ul>\n<p>&nbsp;<\/p>\n<p>&nbsp;<\/p>\n<p>Programa:<\/p>\n<ul>\n<li>09.15 h. Inauguraci\u00f3 de la jornada<\/li>\n<li>09.30 h. Sra. Gl\u00f2ria Jov\u00e9 Moncl\u00fas. Universitat de Lleida. Transversalitat, arts i aprenentatges en contextos educatius contemporanis<\/li>\n<li>10.30 h. Laura Casany i Dimas F\u00e0bregas. Escola La Immaculada (Vilassar de Dalt). La maleta d\u2019artista.<\/li>\n<li>11.15 h. Descans.<\/li>\n<li>11.45 h. Joan Francesc Vidal Arasa. Campus de les Terres de l\u2019Ebre de la URV. Beceroles Sonores.<\/li>\n<li>12.30 h. Jordi Pr\u00edncep. Escola de Teatre i Circ d&#8217;Amposta. Com, per qu\u00e8 i per a qu\u00e8 l\u2019art dram\u00e0tic a l\u2019aula d\u2019educaci\u00f3 infantil?<\/li>\n<li>13.15 h. Cloenda de la jornada<\/li>\n<\/ul>\n<p><strong>Data: 27 de febrer\u00a0\u00a0 &#8211;\u00a0\u00a0 Horari: de 9,00h a 14,00h<\/strong><\/p>\n<p><strong>Lloc:<\/strong> L\u2019adre\u00e7a de la sala de videoconfer\u00e8ncia on es realitzaran les pon\u00e8ncies \u00e9s la seg\u00fcent: <strong><a href=\"http:\/\/bit.ly\/2NlStOB\">http:\/\/bit.ly\/2NlStOB<\/a>\u00a0\u00a0<\/strong><\/p>\n<p><strong>Activitat reconeguda pel Departament d&#8217;Educaci\u00f3 a trav\u00e9s de l&#8217;ICE URV (codi 8000100021)<\/strong> amb una certificaci\u00f3 de 5 hores. <a href=\"https:\/\/aplicacions.gestioeducativa.gencat.cat\/pls\/soloas\/pk_for_mod_ins.p_for_detall_activitat?p_codi=8000100021&amp;p_curs=2020-2021&amp;p_es_inscr=S\"><strong>Enlla\u00e7 a la inscripci\u00f3<\/strong><\/a><\/p>\n","protected":false},"excerpt":{"rendered":"<p>La \u201cXIII Jornada d\u2019Educaci\u00f3 Infantil Terres de l\u2019Ebre\u201d vol contribuir a donar una nova mirada als projectes art\u00edstics perqu\u00e8 siguin [&hellip;]<\/p>\n","protected":false},"author":1,"featured_media":11994,"comment_status":"closed","ping_status":"closed","sticky":false,"template":"","format":"standard","meta":{"_bbp_topic_count":0,"_bbp_reply_count":0,"_bbp_total_topic_count":0,"_bbp_total_reply_count":0,"_bbp_voice_count":0,"_bbp_anonymous_reply_count":0,"_bbp_topic_count_hidden":0,"_bbp_reply_count_hidden":0,"_bbp_forum_subforum_count":0,"site-sidebar-layout":"default","site-content-layout":"","ast-site-content-layout":"","site-content-style":"default","site-sidebar-style":"default","ast-global-header-display":"","ast-banner-title-visibility":"","ast-main-header-display":"","ast-hfb-above-header-display":"","ast-hfb-below-header-display":"","ast-hfb-mobile-header-display":"","site-post-title":"","ast-breadcrumbs-content":"","ast-featured-img":"","footer-sml-layout":"","theme-transparent-header-meta":"","adv-header-id-meta":"","stick-header-meta":"","header-above-stick-meta":"","header-main-stick-meta":"","header-below-stick-meta":"","astra-migrate-meta-layouts":"default","ast-page-background-enabled":"default","ast-page-background-meta":{"desktop":{"background-color":"var(--ast-global-color-4)","background-image":"","background-repeat":"repeat","background-position":"center center","background-size":"auto","background-attachment":"scroll","background-type":"","background-media":"","overlay-type":"","overlay-color":"","overlay-opacity":"","overlay-gradient":""},"tablet":{"background-color":"","background-image":"","background-repeat":"repeat","background-position":"center center","background-size":"auto","background-attachment":"scroll","background-type":"","background-media":"","overlay-type":"","overlay-color":"","overlay-opacity":"","overlay-gradient":""},"mobile":{"background-color":"","background-image":"","background-repeat":"repeat","background-position":"center center","background-size":"auto","background-attachment":"scroll","background-type":"","background-media":"","overlay-type":"","overlay-color":"","overlay-opacity":"","overlay-gradient":""}},"ast-content-background-meta":{"desktop":{"background-color":"var(--ast-global-color-5)","background-image":"","background-repeat":"repeat","background-position":"center center","background-size":"auto","background-attachment":"scroll","background-type":"","background-media":"","overlay-type":"","overlay-color":"","overlay-opacity":"","overlay-gradient":""},"tablet":{"background-color":"var(--ast-global-color-5)","background-image":"","background-repeat":"repeat","background-position":"center center","background-size":"auto","background-attachment":"scroll","background-type":"","background-media":"","overlay-type":"","overlay-color":"","overlay-opacity":"","overlay-gradient":""},"mobile":{"background-color":"var(--ast-global-color-5)","background-image":"","background-repeat":"repeat","background-position":"center center","background-size":"auto","background-attachment":"scroll","background-type":"","background-media":"","overlay-type":"","overlay-color":"","overlay-opacity":"","overlay-gradient":""}},"footnotes":""},"categories":[154,1,29],"tags":[],"class_list":["post-11993","post","type-post","status-publish","format-standard","has-post-thumbnail","hentry","category-formacio","category-general","category-portada"],"post_mailing_queue_ids":[],"_links":{"self":[{"href":"https:\/\/serveiseducatius.xtec.cat\/montsia\/wp-json\/wp\/v2\/posts\/11993","targetHints":{"allow":["GET"]}}],"collection":[{"href":"https:\/\/serveiseducatius.xtec.cat\/montsia\/wp-json\/wp\/v2\/posts"}],"about":[{"href":"https:\/\/serveiseducatius.xtec.cat\/montsia\/wp-json\/wp\/v2\/types\/post"}],"author":[{"embeddable":true,"href":"https:\/\/serveiseducatius.xtec.cat\/montsia\/wp-json\/wp\/v2\/users\/1"}],"replies":[{"embeddable":true,"href":"https:\/\/serveiseducatius.xtec.cat\/montsia\/wp-json\/wp\/v2\/comments?post=11993"}],"version-history":[{"count":1,"href":"https:\/\/serveiseducatius.xtec.cat\/montsia\/wp-json\/wp\/v2\/posts\/11993\/revisions"}],"predecessor-version":[{"id":11995,"href":"https:\/\/serveiseducatius.xtec.cat\/montsia\/wp-json\/wp\/v2\/posts\/11993\/revisions\/11995"}],"wp:featuredmedia":[{"embeddable":true,"href":"https:\/\/serveiseducatius.xtec.cat\/montsia\/wp-json\/wp\/v2\/media\/11994"}],"wp:attachment":[{"href":"https:\/\/serveiseducatius.xtec.cat\/montsia\/wp-json\/wp\/v2\/media?parent=11993"}],"wp:term":[{"taxonomy":"category","embeddable":true,"href":"https:\/\/serveiseducatius.xtec.cat\/montsia\/wp-json\/wp\/v2\/categories?post=11993"},{"taxonomy":"post_tag","embeddable":true,"href":"https:\/\/serveiseducatius.xtec.cat\/montsia\/wp-json\/wp\/v2\/tags?post=11993"}],"curies":[{"name":"wp","href":"https:\/\/api.w.org\/{rel}","templated":true}]}}