{"id":11972,"date":"2021-01-27T13:21:35","date_gmt":"2021-01-27T12:21:35","guid":{"rendered":"http:\/\/serveiseducatius.xtec.cat\/montsia\/?p=11972"},"modified":"2021-01-27T13:21:35","modified_gmt":"2021-01-27T12:21:35","slug":"premis-baldiri-reixac-2020-2021","status":"publish","type":"post","link":"https:\/\/serveiseducatius.xtec.cat\/montsia\/general\/premis-baldiri-reixac-2020-2021\/","title":{"rendered":"Premis Baldiri Reixac 2020-2021"},"content":{"rendered":"<p><img loading=\"lazy\" decoding=\"async\" class=\" wp-image-11973 aligncenter\" src=\"https:\/\/serveiseducatius.xtec.cat\/montsia\/wp-content\/uploads\/usu1125\/2021\/01\/Premis-Baldiri-Reixac-752x400.jpg\" alt=\"\" width=\"453\" height=\"241\" srcset=\"https:\/\/serveiseducatius.xtec.cat\/montsia\/wp-content\/uploads\/usu1125\/2021\/01\/Premis-Baldiri-Reixac-752x400.jpg 752w, https:\/\/serveiseducatius.xtec.cat\/montsia\/wp-content\/uploads\/usu1125\/2021\/01\/Premis-Baldiri-Reixac-752x400-300x160.jpg 300w\" sizes=\"auto, (max-width: 453px) 100vw, 453px\" \/><\/p>\n<p style=\"text-align: left;\">La <strong>Fundaci\u00f3 Carulla<\/strong> convoca els <strong>Premis Baldiri Reixac<\/strong>, adaptats a l&#8217;actual situaci\u00f3 de pand\u00e8mia, i els adre\u00e7a als centres educatius de prim\u00e0ria i secund\u00e0ria de tota Catalunya.<\/p>\n<p style=\"text-align: left;\">La convocat\u00f2ria \u00e9s <strong>oberta fins al dijous 11 de febrer de 2021<\/strong>.La Fundaci\u00f3 Carulla convoca els 43\u00e8 Premis Baldiri i Reixac amb l&#8217;objectiu de recon\u00e8ixer i impulsar nous projectes de la comunitat educativa i cultural que aprofitin aquesta crisi sanit\u00e0ria i social per convertir una situaci\u00f3 cr\u00edtica en una oportunitat de millora. S\u00f3n una oportunitat per continuar construint una escola catalana oberta, inclusiva i innovadora.<\/p>\n<p style=\"text-align: left;\">Aquest any m\u00e9s que mai, les arts i la\u00a0 cultura s\u00f3n el cam\u00ed per aconseguir-ho i per fer front a noves necessitats creades per COVID-19 a les escoles i entre l&#8217;alumat. Els Premis compten amb les categories seg\u00fcents:<\/p>\n<ul>\n<li style=\"text-align: left;\"><a href=\"https:\/\/fundaciocarulla.us14.list-manage.com\/track\/click?u=c4ac4b09ef6cdc297954f73ab&amp;id=1bb2d0a0c7&amp;e=93100e59d3\" target=\"_blank\" rel=\"noopener noreferrer\" data-saferedirecturl=\"https:\/\/www.google.com\/url?q=https:\/\/fundaciocarulla.us14.list-manage.com\/track\/click?u%3Dc4ac4b09ef6cdc297954f73ab%26id%3D1bb2d0a0c7%26e%3D93100e59d3&amp;source=gmail&amp;ust=1607151777659000&amp;usg=AFQjCNHn2KuSs8WjVIqjiUbVmpjAZ7qY3Q\" data-mt-detrack-inspected=\"true\" data-mt-detrack-attachment-inspected=\"true\"><b>Baldiri Escola<\/b><\/a>\u00a0<b>\u2013 8 premis de 3.000\u20ac<\/b><\/li>\n<li style=\"text-align: left;\"><a href=\"https:\/\/fundaciocarulla.us14.list-manage.com\/track\/click?u=c4ac4b09ef6cdc297954f73ab&amp;id=bd8b18a4e7&amp;e=93100e59d3\" target=\"_blank\" rel=\"noopener noreferrer\" data-saferedirecturl=\"https:\/\/www.google.com\/url?q=https:\/\/fundaciocarulla.us14.list-manage.com\/track\/click?u%3Dc4ac4b09ef6cdc297954f73ab%26id%3Dbd8b18a4e7%26e%3D93100e59d3&amp;source=gmail&amp;ust=1607151777659000&amp;usg=AFQjCNHZcQfGQ6vaD-_hUOpY2-q0ddMbWQ\" data-mt-detrack-inspected=\"true\" data-mt-detrack-attachment-inspected=\"true\"><b>Baldiri Connexions<\/b><\/a><b>\u00a0\u2013 10 premis de 4.000\u20ac\u00a0<\/b>i programa Connexions\u00a0d\u2019acompanyament<\/li>\n<li style=\"text-align: left;\"><a href=\"https:\/\/fundaciocarulla.us14.list-manage.com\/track\/click?u=c4ac4b09ef6cdc297954f73ab&amp;id=eada57938d&amp;e=93100e59d3\" target=\"_blank\" rel=\"noopener noreferrer\" data-saferedirecturl=\"https:\/\/www.google.com\/url?q=https:\/\/fundaciocarulla.us14.list-manage.com\/track\/click?u%3Dc4ac4b09ef6cdc297954f73ab%26id%3Deada57938d%26e%3D93100e59d3&amp;source=gmail&amp;ust=1607151777659000&amp;usg=AFQjCNEnGejqAUeqYTFTFiIWgRJYX3W_gg\" data-mt-detrack-inspected=\"true\" data-mt-detrack-attachment-inspected=\"true\"><b>Baldiri Experi\u00e8ncies<\/b><\/a><b>\u00a0\u2013 25 premis de 500\u20ac<\/b><\/li>\n<li style=\"text-align: left;\">Premi Joan Triad\u00fa (no es poden presentar candidatures a aquesta categoria. Ser\u00e0 el jurat qui seleccionar\u00e0 directament el guanyador entre els centres educatius de Catalunya)<\/li>\n<\/ul>\n<p>En la seva p\u00e0gina web podeu trobar m\u00e9s informaci\u00f3: <a href=\"https:\/\/fundaciocarulla.cat\/premis-baldiri-reixac\/\" target=\"_blank\" rel=\"noopener noreferrer\">https:\/\/fundaciocarulla.cat\/premis-baldiri-reixac\/<\/a> . Per qualsevol consulta, dubte o m\u00e9s informaci\u00f3 us podeu dirigir a: <strong>elsbaldiri@fundaciocarulla.cat\u00a0<\/strong><\/p>\n<div><\/div>\n","protected":false},"excerpt":{"rendered":"<p>La Fundaci\u00f3 Carulla convoca els Premis Baldiri Reixac, adaptats a l&#8217;actual situaci\u00f3 de pand\u00e8mia, i els adre\u00e7a als centres educatius [&hellip;]<\/p>\n","protected":false},"author":1,"featured_media":11973,"comment_status":"closed","ping_status":"closed","sticky":false,"template":"","format":"standard","meta":{"_bbp_topic_count":0,"_bbp_reply_count":0,"_bbp_total_topic_count":0,"_bbp_total_reply_count":0,"_bbp_voice_count":0,"_bbp_anonymous_reply_count":0,"_bbp_topic_count_hidden":0,"_bbp_reply_count_hidden":0,"_bbp_forum_subforum_count":0,"site-sidebar-layout":"default","site-content-layout":"","ast-site-content-layout":"","site-content-style":"default","site-sidebar-style":"default","ast-global-header-display":"","ast-banner-title-visibility":"","ast-main-header-display":"","ast-hfb-above-header-display":"","ast-hfb-below-header-display":"","ast-hfb-mobile-header-display":"","site-post-title":"","ast-breadcrumbs-content":"","ast-featured-img":"","footer-sml-layout":"","theme-transparent-header-meta":"","adv-header-id-meta":"","stick-header-meta":"","header-above-stick-meta":"","header-main-stick-meta":"","header-below-stick-meta":"","astra-migrate-meta-layouts":"default","ast-page-background-enabled":"default","ast-page-background-meta":{"desktop":{"background-color":"var(--ast-global-color-4)","background-image":"","background-repeat":"repeat","background-position":"center center","background-size":"auto","background-attachment":"scroll","background-type":"","background-media":"","overlay-type":"","overlay-color":"","overlay-opacity":"","overlay-gradient":""},"tablet":{"background-color":"","background-image":"","background-repeat":"repeat","background-position":"center center","background-size":"auto","background-attachment":"scroll","background-type":"","background-media":"","overlay-type":"","overlay-color":"","overlay-opacity":"","overlay-gradient":""},"mobile":{"background-color":"","background-image":"","background-repeat":"repeat","background-position":"center center","background-size":"auto","background-attachment":"scroll","background-type":"","background-media":"","overlay-type":"","overlay-color":"","overlay-opacity":"","overlay-gradient":""}},"ast-content-background-meta":{"desktop":{"background-color":"var(--ast-global-color-5)","background-image":"","background-repeat":"repeat","background-position":"center center","background-size":"auto","background-attachment":"scroll","background-type":"","background-media":"","overlay-type":"","overlay-color":"","overlay-opacity":"","overlay-gradient":""},"tablet":{"background-color":"var(--ast-global-color-5)","background-image":"","background-repeat":"repeat","background-position":"center center","background-size":"auto","background-attachment":"scroll","background-type":"","background-media":"","overlay-type":"","overlay-color":"","overlay-opacity":"","overlay-gradient":""},"mobile":{"background-color":"var(--ast-global-color-5)","background-image":"","background-repeat":"repeat","background-position":"center center","background-size":"auto","background-attachment":"scroll","background-type":"","background-media":"","overlay-type":"","overlay-color":"","overlay-opacity":"","overlay-gradient":""}},"footnotes":""},"categories":[1,29,305],"tags":[],"class_list":["post-11972","post","type-post","status-publish","format-standard","has-post-thumbnail","hentry","category-general","category-portada","category-premis-i-concursos"],"post_mailing_queue_ids":[],"_links":{"self":[{"href":"https:\/\/serveiseducatius.xtec.cat\/montsia\/wp-json\/wp\/v2\/posts\/11972","targetHints":{"allow":["GET"]}}],"collection":[{"href":"https:\/\/serveiseducatius.xtec.cat\/montsia\/wp-json\/wp\/v2\/posts"}],"about":[{"href":"https:\/\/serveiseducatius.xtec.cat\/montsia\/wp-json\/wp\/v2\/types\/post"}],"author":[{"embeddable":true,"href":"https:\/\/serveiseducatius.xtec.cat\/montsia\/wp-json\/wp\/v2\/users\/1"}],"replies":[{"embeddable":true,"href":"https:\/\/serveiseducatius.xtec.cat\/montsia\/wp-json\/wp\/v2\/comments?post=11972"}],"version-history":[{"count":1,"href":"https:\/\/serveiseducatius.xtec.cat\/montsia\/wp-json\/wp\/v2\/posts\/11972\/revisions"}],"predecessor-version":[{"id":11974,"href":"https:\/\/serveiseducatius.xtec.cat\/montsia\/wp-json\/wp\/v2\/posts\/11972\/revisions\/11974"}],"wp:featuredmedia":[{"embeddable":true,"href":"https:\/\/serveiseducatius.xtec.cat\/montsia\/wp-json\/wp\/v2\/media\/11973"}],"wp:attachment":[{"href":"https:\/\/serveiseducatius.xtec.cat\/montsia\/wp-json\/wp\/v2\/media?parent=11972"}],"wp:term":[{"taxonomy":"category","embeddable":true,"href":"https:\/\/serveiseducatius.xtec.cat\/montsia\/wp-json\/wp\/v2\/categories?post=11972"},{"taxonomy":"post_tag","embeddable":true,"href":"https:\/\/serveiseducatius.xtec.cat\/montsia\/wp-json\/wp\/v2\/tags?post=11972"}],"curies":[{"name":"wp","href":"https:\/\/api.w.org\/{rel}","templated":true}]}}