{"id":11954,"date":"2021-01-27T11:34:18","date_gmt":"2021-01-27T10:34:18","guid":{"rendered":"http:\/\/serveiseducatius.xtec.cat\/montsia\/?p=11954"},"modified":"2021-01-27T11:34:18","modified_gmt":"2021-01-27T10:34:18","slug":"mrp-terres-de-lebre-escola-de-primavera","status":"publish","type":"post","link":"https:\/\/serveiseducatius.xtec.cat\/montsia\/general\/mrp-terres-de-lebre-escola-de-primavera\/","title":{"rendered":"MRP Terres de l&#8217;Ebre: Escola de Primavera"},"content":{"rendered":"<p><img loading=\"lazy\" decoding=\"async\" class=\" wp-image-11955 aligncenter\" src=\"https:\/\/serveiseducatius.xtec.cat\/montsia\/wp-content\/uploads\/usu1125\/2021\/01\/escola-primavera-mrp-21.png\" alt=\"\" width=\"589\" height=\"279\" srcset=\"https:\/\/serveiseducatius.xtec.cat\/montsia\/wp-content\/uploads\/usu1125\/2021\/01\/escola-primavera-mrp-21.png 674w, https:\/\/serveiseducatius.xtec.cat\/montsia\/wp-content\/uploads\/usu1125\/2021\/01\/escola-primavera-mrp-21-300x142.png 300w\" sizes=\"auto, (max-width: 589px) 100vw, 589px\" \/><\/p>\n<p dir=\"ltr\">El MRP de Terres de l&#8217;Ebre, un cop acabada l\u2019Escola d\u2019Hivern i veient la bona acollida que ha tingut, ha ampliat la nostra oferta amb nous cursos, a partir de la demanda dels participants i mirant d&#8217;apostar per les metodologies pedag\u00f2giques innovadores.<\/p>\n<p dir=\"ltr\">Juntament amb el Col\u00b7lectiu de Mestres de la Terra Alta, han organitzat l\u2019Escola de Primavera, que tamb\u00e9 ser\u00e0 en format virtual. Els cursos que trobareu en aquesta edici\u00f3 giren entorn de la tem\u00e0tica de gran actualitat i necessitat, com \u00e9s la natura com a eina d\u2019aprenentatge, el moviment lliure des de la mirada de Pikler i la psicomotricitat relacional a la vegada que coneixerem una altra manera d\u2019acompanyar l\u2019infant des de la inspiraci\u00f3 de Waldorf. Els cursos s\u00f3n:<\/p>\n<ul>\n<li dir=\"ltr\">Educar a la natura.<\/li>\n<li dir=\"ltr\">\n<p dir=\"ltr\">Pedagogies vives i acompanyament respectu\u00f3s.<\/p>\n<\/li>\n<\/ul>\n<p dir=\"ltr\">Podeu trobar tota la informaci\u00f3 i com formalitzar la inscripci\u00f3 al <a href=\"https:\/\/www.mrpterresebre.cat\/\" target=\"_blank\" rel=\"noopener noreferrer\" data-saferedirecturl=\"https:\/\/www.google.com\/url?q=https:\/\/www.mrpterresebre.cat\/&amp;source=gmail&amp;ust=1611827763072000&amp;usg=AFQjCNEVcTdyscwAuBZIAVeTtPRdCIbDBw\">web <\/a>.<\/p>\n","protected":false},"excerpt":{"rendered":"<p>El MRP de Terres de l&#8217;Ebre, un cop acabada l\u2019Escola d\u2019Hivern i veient la bona acollida que ha tingut, ha [&hellip;]<\/p>\n","protected":false},"author":1,"featured_media":11955,"comment_status":"closed","ping_status":"closed","sticky":false,"template":"","format":"standard","meta":{"_bbp_topic_count":0,"_bbp_reply_count":0,"_bbp_total_topic_count":0,"_bbp_total_reply_count":0,"_bbp_voice_count":0,"_bbp_anonymous_reply_count":0,"_bbp_topic_count_hidden":0,"_bbp_reply_count_hidden":0,"_bbp_forum_subforum_count":0,"site-sidebar-layout":"default","site-content-layout":"","ast-site-content-layout":"","site-content-style":"default","site-sidebar-style":"default","ast-global-header-display":"","ast-banner-title-visibility":"","ast-main-header-display":"","ast-hfb-above-header-display":"","ast-hfb-below-header-display":"","ast-hfb-mobile-header-display":"","site-post-title":"","ast-breadcrumbs-content":"","ast-featured-img":"","footer-sml-layout":"","theme-transparent-header-meta":"","adv-header-id-meta":"","stick-header-meta":"","header-above-stick-meta":"","header-main-stick-meta":"","header-below-stick-meta":"","astra-migrate-meta-layouts":"default","ast-page-background-enabled":"default","ast-page-background-meta":{"desktop":{"background-color":"var(--ast-global-color-4)","background-image":"","background-repeat":"repeat","background-position":"center center","background-size":"auto","background-attachment":"scroll","background-type":"","background-media":"","overlay-type":"","overlay-color":"","overlay-opacity":"","overlay-gradient":""},"tablet":{"background-color":"","background-image":"","background-repeat":"repeat","background-position":"center center","background-size":"auto","background-attachment":"scroll","background-type":"","background-media":"","overlay-type":"","overlay-color":"","overlay-opacity":"","overlay-gradient":""},"mobile":{"background-color":"","background-image":"","background-repeat":"repeat","background-position":"center center","background-size":"auto","background-attachment":"scroll","background-type":"","background-media":"","overlay-type":"","overlay-color":"","overlay-opacity":"","overlay-gradient":""}},"ast-content-background-meta":{"desktop":{"background-color":"var(--ast-global-color-5)","background-image":"","background-repeat":"repeat","background-position":"center center","background-size":"auto","background-attachment":"scroll","background-type":"","background-media":"","overlay-type":"","overlay-color":"","overlay-opacity":"","overlay-gradient":""},"tablet":{"background-color":"var(--ast-global-color-5)","background-image":"","background-repeat":"repeat","background-position":"center center","background-size":"auto","background-attachment":"scroll","background-type":"","background-media":"","overlay-type":"","overlay-color":"","overlay-opacity":"","overlay-gradient":""},"mobile":{"background-color":"var(--ast-global-color-5)","background-image":"","background-repeat":"repeat","background-position":"center center","background-size":"auto","background-attachment":"scroll","background-type":"","background-media":"","overlay-type":"","overlay-color":"","overlay-opacity":"","overlay-gradient":""}},"footnotes":""},"categories":[154,1,29],"tags":[],"class_list":["post-11954","post","type-post","status-publish","format-standard","has-post-thumbnail","hentry","category-formacio","category-general","category-portada"],"post_mailing_queue_ids":[],"_links":{"self":[{"href":"https:\/\/serveiseducatius.xtec.cat\/montsia\/wp-json\/wp\/v2\/posts\/11954","targetHints":{"allow":["GET"]}}],"collection":[{"href":"https:\/\/serveiseducatius.xtec.cat\/montsia\/wp-json\/wp\/v2\/posts"}],"about":[{"href":"https:\/\/serveiseducatius.xtec.cat\/montsia\/wp-json\/wp\/v2\/types\/post"}],"author":[{"embeddable":true,"href":"https:\/\/serveiseducatius.xtec.cat\/montsia\/wp-json\/wp\/v2\/users\/1"}],"replies":[{"embeddable":true,"href":"https:\/\/serveiseducatius.xtec.cat\/montsia\/wp-json\/wp\/v2\/comments?post=11954"}],"version-history":[{"count":1,"href":"https:\/\/serveiseducatius.xtec.cat\/montsia\/wp-json\/wp\/v2\/posts\/11954\/revisions"}],"predecessor-version":[{"id":11956,"href":"https:\/\/serveiseducatius.xtec.cat\/montsia\/wp-json\/wp\/v2\/posts\/11954\/revisions\/11956"}],"wp:featuredmedia":[{"embeddable":true,"href":"https:\/\/serveiseducatius.xtec.cat\/montsia\/wp-json\/wp\/v2\/media\/11955"}],"wp:attachment":[{"href":"https:\/\/serveiseducatius.xtec.cat\/montsia\/wp-json\/wp\/v2\/media?parent=11954"}],"wp:term":[{"taxonomy":"category","embeddable":true,"href":"https:\/\/serveiseducatius.xtec.cat\/montsia\/wp-json\/wp\/v2\/categories?post=11954"},{"taxonomy":"post_tag","embeddable":true,"href":"https:\/\/serveiseducatius.xtec.cat\/montsia\/wp-json\/wp\/v2\/tags?post=11954"}],"curies":[{"name":"wp","href":"https:\/\/api.w.org\/{rel}","templated":true}]}}