{"id":11782,"date":"2020-09-24T10:32:19","date_gmt":"2020-09-24T08:32:19","guid":{"rendered":"http:\/\/serveiseducatius.xtec.cat\/montsia\/?p=11782"},"modified":"2020-09-24T10:32:19","modified_gmt":"2020-09-24T08:32:19","slug":"jornada-science-needs-you","status":"publish","type":"post","link":"https:\/\/serveiseducatius.xtec.cat\/montsia\/general\/jornada-science-needs-you\/","title":{"rendered":"Jornada Science Needs You"},"content":{"rendered":"<p><img loading=\"lazy\" decoding=\"async\" class=\"wp-image-11785 aligncenter\" src=\"https:\/\/serveiseducatius.xtec.cat\/montsia\/wp-content\/uploads\/usu1125\/2020\/09\/science-needs-you-2.jpg\" alt=\"\" width=\"376\" height=\"247\" srcset=\"https:\/\/serveiseducatius.xtec.cat\/montsia\/wp-content\/uploads\/usu1125\/2020\/09\/science-needs-you-2.jpg 706w, https:\/\/serveiseducatius.xtec.cat\/montsia\/wp-content\/uploads\/usu1125\/2020\/09\/science-needs-you-2-300x197.jpg 300w\" sizes=\"auto, (max-width: 376px) 100vw, 376px\" \/><\/p>\n<p>Per\u00a0cinqu\u00e8\u00a0any consecutiu l&#8217;<strong>Associaci\u00f3 Catalana per a la Divulgaci\u00f3 Cient\u00edfica<\/strong>\u00a0(ACDIC) organitza les<strong>\u00a0jornades de divulgaci\u00f3 cient\u00edfica<\/strong><em><strong>&#8216;Science\u00a0Needs\u00a0You!&#8217;\u00a0<\/strong><\/em>a Figueres, enguany amb el tema<em><strong>\u00a0&#8216;COVID-19&#8242;: reflexions per al futur&#8217;.<\/strong><\/em><\/p>\n<p>La jornada d&#8217;enguany\u00a0<strong>es podr\u00e0 seguir de forma presencial el dissabte 26 de setembre<\/strong>\u00a0entre les 9.30 hores i les 14 hores a l&#8217;Auditori dels Caputxins (carrer del Rec Arnau, 8, Figueres), per\u00f2<strong>\u00a0tamb\u00e9 de forma virtual a trav\u00e9s del<\/strong><a href=\"https:\/\/www.youtube.com\/channel\/UCrSmqAoq60S4TeEfhjE1lKg\">\u00a0Canal de YouTube de l&#8217;ACDIC<\/a>; i en projecci\u00f3 p\u00fablica a l&#8217;Auditori\u00a0Sixto\u00a0Mir de la R\u00e0pita. Com en anteriors edicions\u00a0<strong>la jornada es distribuir\u00e0 en dos blocs<\/strong>, un primer amb d<strong>iverses confer\u00e8ncies amb cient\u00edfics\u00a0<\/strong>de primera l\u00ednia i un segon amb\u00a0una<strong>\u00a0taula\u00a0rodona de debat.<\/strong><\/p>\n<p><span class=\"css-901oao css-16my406 r-1qd0xha r-ad9z0x r-bcqeeo r-qvutc0\">Hi ha disponible un formulari per reservar pla\u00e7a per a poder seguir des de l&#8217;Auditori Sixto Mir la projecci\u00f3 des del canal Youtube de les jornades de divulgaci\u00f3 cient\u00edfica \u2018Science Needs You!\u2019, \u2018Covid-19: reflexions per al futur\u2019. <\/span><a href=\"https:\/\/docs.google.com\/forms\/d\/e\/1FAIpQLSfnWjJ6E5dp_kpifwdh4ag9xg6l3UNoMwNF5vZNlI9OaF79yw\/viewform?vc=0&amp;c=0&amp;w=1&amp;flr=0\" target=\"_blank\" rel=\"noopener noreferrer\">https:\/\/docs.google.com\/forms\/d\/e\/1FAIpQLSfnWjJ6E5dp_kpifwdh4ag9xg6l3UNoMwNF5vZNlI9OaF79yw\/viewform?vc=0&amp;c=0&amp;w=1&amp;flr=0<\/a><\/p>\n<p><strong>La tem\u00e0tica\u00a0<\/strong>d&#8217;esta\u00a0<strong>cinquena edici\u00f3\u00a0<\/strong>ser\u00e0 la pand\u00e8mia causada per la\u00a0<strong>Covid-19<\/strong>\u00a0en la qual ens trobem immersos; una malaltia infecciosa causada per un coronavirus que s&#8217;ha descobert recentment\u00a0despr\u00e9s que\u00a0el desembre de 2019 esclat\u00e9s un brot a Wuhan (Xina), i que des de llavors ha capgirat la situaci\u00f3 mundial generant un estat d&#8217;incertesa per la falta d&#8217;una vacuna.<\/p>\n<p>Cada dia se&#8217;ns bombardeja amb estad\u00edstiques, mesures i descobriments. Per\u00f2 enmig d&#8217;estes allaus\u00a0d&#8217;informaci\u00f3 cal plantejar una reflexi\u00f3 sobre qu\u00e8 sabem del cert en estos moments, i sobretot, qu\u00e8 podem esperar en un\u00a0futur pr\u00f2xim.<\/p>\n<p><strong>Q\u00fcestions com la continu\u00eftat del sistema de salut p\u00fablica o de l&#8217;educatiu,<\/strong>\u00a0l&#8217;afectaci\u00f3 a la nostra societat comparada amb altres continents, o l&#8217;impacte transformador que pot tenir als ordres pol\u00edtics i socials, han de ser objecte d&#8217;aquesta reflexi\u00f3.<\/p>\n<p><strong>Tot aix\u00f2 s&#8217;analitzar\u00e0 al\u00a0<em>Science\u00a0Needs\u00a0You! 2020<\/em><\/strong>\u00a0de la m\u00e0 de primeres espases lligades a la recerca a Catalunya que de ben segur sabran motivar als assistents d&#8217;una manera amena, per\u00f2 sense renunciar a la serietat i qualitat dels continguts.<\/p>\n<p>Pel que fa a\u00a0<strong>les confer\u00e8ncies i participants es comptar\u00e0 amb:<\/strong><\/p>\n<ul>\n<li><strong>El Dr.\u00a0Quique\u00a0Bassat<\/strong>, investigador\u00a0ICREA\u00a0a l&#8217;Institut de Salut Global (ISGlobal) de Barcelona, que \u00e9s doctorat en Medicina, epidemi\u00f2leg i pediatra, i que\u00a0<strong>oferir\u00e0 la xerrada La Covid-19; un repte epidemiol\u00f2gic per a la Salut P\u00fablica mundial: perspectives de futur i l&#8217;afectaci\u00f3 als nens.<\/strong><\/li>\n<\/ul>\n<ul>\n<li><strong>El Dr.\u00a0Richard\u00a0Elelman<\/strong>, investigador i responsable de l&#8217;\u00c0rea Pol\u00edtica de l&#8217;EURECAT\u00a0\u2013Centre Tecnol\u00f2gic de Catalunya-, que tamb\u00e9 \u00e9s doctor en Ci\u00e8ncies Pol\u00edtiques, amb la confer\u00e8ncia\u00a0<em><strong>&#8216;Quines noves organitzacions socials i pol\u00edtiques s&#8217;albiren al m\u00f3n post-Covid-19?&#8217;.<\/strong><\/em><\/li>\n<\/ul>\n<ul>\n<li><strong>La Dra. \u00c0ngels Morales Lozano,<\/strong>\u00a0directora assistencial a la Fundaci\u00f3 Salut Empord\u00e0, i la\u00a0<strong>Dra.\u00a0Maria\u00a0Jos\u00e9\u00a0Rallo\u00a0Moya,<\/strong>\u00a0directora de l&#8217;Hospital de Tortosa Verge de la Cinta amb les confer\u00e8ncies simult\u00e0nies:<em><strong>\u00a0&#8216;L&#8217;impacte de la Covid-19 a l&#8217;assist\u00e8ncia sanit\u00e0ria de proximitat&#8217;<\/strong><\/em>;\u00a0<em><strong>&#8216;els protagonistes al peu el can\u00f3: els casos dels Hospitals de Figueres i de Tortosa&#8217;.<\/strong><\/em><\/li>\n<\/ul>\n<p>En acabar les confer\u00e8ncies, i com en anys anteriors,\u00a0<strong>es dur\u00e0 a terme la Taula Rodona Covid-19:\u00a0<\/strong>reflexions i propostes per al futur amb la pres\u00e8ncia dels conferenciants anteriorment citats que estaran moderats pel periodista de la Cadena SER Sergi\u00a0Caballero.<\/p>\n<p style=\"text-align: right;\"><em>Font: <a href=\"https:\/\/www.setmanarilebre.cat\/noticia\/123126\/science-needs-you-arriba-per-primera-vegada-a-la-rapita-amb-el-tema-covid-19-reflexions-pe\" target=\"_blank\" rel=\"noopener noreferrer\">Setmanari l&#8217;Ebre<\/a><\/em><\/p>\n","protected":false},"excerpt":{"rendered":"<p>Per\u00a0cinqu\u00e8\u00a0any consecutiu l&#8217;Associaci\u00f3 Catalana per a la Divulgaci\u00f3 Cient\u00edfica\u00a0(ACDIC) organitza les\u00a0jornades de divulgaci\u00f3 cient\u00edfica&#8216;Science\u00a0Needs\u00a0You!&#8217;\u00a0a Figueres, enguany amb el tema\u00a0&#8216;COVID-19&#8242;: reflexions [&hellip;]<\/p>\n","protected":false},"author":1,"featured_media":11785,"comment_status":"closed","ping_status":"closed","sticky":false,"template":"","format":"standard","meta":{"_bbp_topic_count":0,"_bbp_reply_count":0,"_bbp_total_topic_count":0,"_bbp_total_reply_count":0,"_bbp_voice_count":0,"_bbp_anonymous_reply_count":0,"_bbp_topic_count_hidden":0,"_bbp_reply_count_hidden":0,"_bbp_forum_subforum_count":0,"site-sidebar-layout":"default","site-content-layout":"","ast-site-content-layout":"","site-content-style":"default","site-sidebar-style":"default","ast-global-header-display":"","ast-banner-title-visibility":"","ast-main-header-display":"","ast-hfb-above-header-display":"","ast-hfb-below-header-display":"","ast-hfb-mobile-header-display":"","site-post-title":"","ast-breadcrumbs-content":"","ast-featured-img":"","footer-sml-layout":"","theme-transparent-header-meta":"","adv-header-id-meta":"","stick-header-meta":"","header-above-stick-meta":"","header-main-stick-meta":"","header-below-stick-meta":"","astra-migrate-meta-layouts":"default","ast-page-background-enabled":"default","ast-page-background-meta":{"desktop":{"background-color":"var(--ast-global-color-4)","background-image":"","background-repeat":"repeat","background-position":"center center","background-size":"auto","background-attachment":"scroll","background-type":"","background-media":"","overlay-type":"","overlay-color":"","overlay-opacity":"","overlay-gradient":""},"tablet":{"background-color":"","background-image":"","background-repeat":"repeat","background-position":"center center","background-size":"auto","background-attachment":"scroll","background-type":"","background-media":"","overlay-type":"","overlay-color":"","overlay-opacity":"","overlay-gradient":""},"mobile":{"background-color":"","background-image":"","background-repeat":"repeat","background-position":"center center","background-size":"auto","background-attachment":"scroll","background-type":"","background-media":"","overlay-type":"","overlay-color":"","overlay-opacity":"","overlay-gradient":""}},"ast-content-background-meta":{"desktop":{"background-color":"var(--ast-global-color-5)","background-image":"","background-repeat":"repeat","background-position":"center center","background-size":"auto","background-attachment":"scroll","background-type":"","background-media":"","overlay-type":"","overlay-color":"","overlay-opacity":"","overlay-gradient":""},"tablet":{"background-color":"var(--ast-global-color-5)","background-image":"","background-repeat":"repeat","background-position":"center center","background-size":"auto","background-attachment":"scroll","background-type":"","background-media":"","overlay-type":"","overlay-color":"","overlay-opacity":"","overlay-gradient":""},"mobile":{"background-color":"var(--ast-global-color-5)","background-image":"","background-repeat":"repeat","background-position":"center center","background-size":"auto","background-attachment":"scroll","background-type":"","background-media":"","overlay-type":"","overlay-color":"","overlay-opacity":"","overlay-gradient":""}},"footnotes":""},"categories":[1,29],"tags":[],"class_list":["post-11782","post","type-post","status-publish","format-standard","has-post-thumbnail","hentry","category-general","category-portada"],"post_mailing_queue_ids":[],"_links":{"self":[{"href":"https:\/\/serveiseducatius.xtec.cat\/montsia\/wp-json\/wp\/v2\/posts\/11782","targetHints":{"allow":["GET"]}}],"collection":[{"href":"https:\/\/serveiseducatius.xtec.cat\/montsia\/wp-json\/wp\/v2\/posts"}],"about":[{"href":"https:\/\/serveiseducatius.xtec.cat\/montsia\/wp-json\/wp\/v2\/types\/post"}],"author":[{"embeddable":true,"href":"https:\/\/serveiseducatius.xtec.cat\/montsia\/wp-json\/wp\/v2\/users\/1"}],"replies":[{"embeddable":true,"href":"https:\/\/serveiseducatius.xtec.cat\/montsia\/wp-json\/wp\/v2\/comments?post=11782"}],"version-history":[{"count":1,"href":"https:\/\/serveiseducatius.xtec.cat\/montsia\/wp-json\/wp\/v2\/posts\/11782\/revisions"}],"predecessor-version":[{"id":11786,"href":"https:\/\/serveiseducatius.xtec.cat\/montsia\/wp-json\/wp\/v2\/posts\/11782\/revisions\/11786"}],"wp:featuredmedia":[{"embeddable":true,"href":"https:\/\/serveiseducatius.xtec.cat\/montsia\/wp-json\/wp\/v2\/media\/11785"}],"wp:attachment":[{"href":"https:\/\/serveiseducatius.xtec.cat\/montsia\/wp-json\/wp\/v2\/media?parent=11782"}],"wp:term":[{"taxonomy":"category","embeddable":true,"href":"https:\/\/serveiseducatius.xtec.cat\/montsia\/wp-json\/wp\/v2\/categories?post=11782"},{"taxonomy":"post_tag","embeddable":true,"href":"https:\/\/serveiseducatius.xtec.cat\/montsia\/wp-json\/wp\/v2\/tags?post=11782"}],"curies":[{"name":"wp","href":"https:\/\/api.w.org\/{rel}","templated":true}]}}