{"id":11764,"date":"2020-09-10T10:52:24","date_gmt":"2020-09-10T08:52:24","guid":{"rendered":"http:\/\/serveiseducatius.xtec.cat\/montsia\/?p=11764"},"modified":"2020-09-10T10:53:17","modified_gmt":"2020-09-10T08:53:17","slug":"pfz-2020-2021-periode-dinscripcio","status":"publish","type":"post","link":"https:\/\/serveiseducatius.xtec.cat\/montsia\/general\/pfz-2020-2021-periode-dinscripcio\/","title":{"rendered":"PFZ 2020-2021: Per\u00edode d&#8217;inscripci\u00f3"},"content":{"rendered":"<p><img loading=\"lazy\" decoding=\"async\" class=\" wp-image-10651 aligncenter\" src=\"https:\/\/serveiseducatius.xtec.cat\/montsia\/wp-content\/uploads\/usu1125\/2019\/09\/PFZgran.gif\" alt=\"\" width=\"301\" height=\"248\" \/><\/p>\n<p>Inici del per\u00edode d&#8217;inscripci\u00f3 per a les activitats de formaci\u00f3 del PFZ Montsi\u00e0 2020-2021. Podreu trobar la relaci\u00f3 de totes les activitats en per\u00edode d&#8217;inscripci\u00f3 <a href=\"https:\/\/serveiseducatius.xtec.cat\/montsia\/formacio\/activitats-de-formacio-dambit-pfz-montsia-en-periode-dinscripcio\/\" target=\"_blank\" rel=\"noopener noreferrer\">en aquest apartat del web (PFZ Montsi\u00e0)<\/a>. Aix\u00ed mateix, la relaci\u00f3 de les activitats de formaci\u00f3 territorials (Terres de l&#8217;Ebre) tamb\u00e9 estan <a href=\"https:\/\/serveiseducatius.xtec.cat\/montsia\/formacio\/formacio-dambit-territorial-terres-de-lebre\/\" target=\"_blank\" rel=\"noopener noreferrer\">agrupades en aquest apartat (formacions territorials)<\/a>.<\/p>\n<p><strong>El per\u00edode d&#8217;inscripci\u00f3 a aquestes activitats va des del 14 de setembre fins al 27 de setembre, ambd\u00f3s inclosos.<\/strong> <a href=\"https:\/\/serveiseducatius.xtec.cat\/montsia\/formacio\/pla-de-formacio-de-zona\/deteccio-de-necessitats\/\" target=\"_blank\" rel=\"noopener noreferrer\">Aqu\u00ed hi ha disponible m\u00e9s informaci\u00f3 sobre el calendari i termini previstos.<\/a><\/p>\n<p>Recordeu que en el <a href=\"http:\/\/xtec.gencat.cat\/ca\/formacio\/info-general\/cercador-activitats\/\" target=\"_blank\" rel=\"noopener noreferrer\">cercador d&#8217;activitats d&#8217;XTEC<\/a> es poden localitzar totes les activitats de formaci\u00f3 que s&#8217;organitzen arreu de Catalunya.<\/p>\n","protected":false},"excerpt":{"rendered":"<p>Inici del per\u00edode d&#8217;inscripci\u00f3 per a les activitats de formaci\u00f3 del PFZ Montsi\u00e0 2020-2021. Podreu trobar la relaci\u00f3 de totes [&hellip;]<\/p>\n","protected":false},"author":1,"featured_media":10651,"comment_status":"closed","ping_status":"closed","sticky":false,"template":"","format":"standard","meta":{"_bbp_topic_count":0,"_bbp_reply_count":0,"_bbp_total_topic_count":0,"_bbp_total_reply_count":0,"_bbp_voice_count":0,"_bbp_anonymous_reply_count":0,"_bbp_topic_count_hidden":0,"_bbp_reply_count_hidden":0,"_bbp_forum_subforum_count":0,"site-sidebar-layout":"default","site-content-layout":"","ast-site-content-layout":"","site-content-style":"default","site-sidebar-style":"default","ast-global-header-display":"","ast-banner-title-visibility":"","ast-main-header-display":"","ast-hfb-above-header-display":"","ast-hfb-below-header-display":"","ast-hfb-mobile-header-display":"","site-post-title":"","ast-breadcrumbs-content":"","ast-featured-img":"","footer-sml-layout":"","theme-transparent-header-meta":"","adv-header-id-meta":"","stick-header-meta":"","header-above-stick-meta":"","header-main-stick-meta":"","header-below-stick-meta":"","astra-migrate-meta-layouts":"default","ast-page-background-enabled":"default","ast-page-background-meta":{"desktop":{"background-color":"var(--ast-global-color-4)","background-image":"","background-repeat":"repeat","background-position":"center center","background-size":"auto","background-attachment":"scroll","background-type":"","background-media":"","overlay-type":"","overlay-color":"","overlay-opacity":"","overlay-gradient":""},"tablet":{"background-color":"","background-image":"","background-repeat":"repeat","background-position":"center center","background-size":"auto","background-attachment":"scroll","background-type":"","background-media":"","overlay-type":"","overlay-color":"","overlay-opacity":"","overlay-gradient":""},"mobile":{"background-color":"","background-image":"","background-repeat":"repeat","background-position":"center center","background-size":"auto","background-attachment":"scroll","background-type":"","background-media":"","overlay-type":"","overlay-color":"","overlay-opacity":"","overlay-gradient":""}},"ast-content-background-meta":{"desktop":{"background-color":"var(--ast-global-color-5)","background-image":"","background-repeat":"repeat","background-position":"center center","background-size":"auto","background-attachment":"scroll","background-type":"","background-media":"","overlay-type":"","overlay-color":"","overlay-opacity":"","overlay-gradient":""},"tablet":{"background-color":"var(--ast-global-color-5)","background-image":"","background-repeat":"repeat","background-position":"center center","background-size":"auto","background-attachment":"scroll","background-type":"","background-media":"","overlay-type":"","overlay-color":"","overlay-opacity":"","overlay-gradient":""},"mobile":{"background-color":"var(--ast-global-color-5)","background-image":"","background-repeat":"repeat","background-position":"center center","background-size":"auto","background-attachment":"scroll","background-type":"","background-media":"","overlay-type":"","overlay-color":"","overlay-opacity":"","overlay-gradient":""}},"footnotes":""},"categories":[1,29],"tags":[],"class_list":["post-11764","post","type-post","status-publish","format-standard","has-post-thumbnail","hentry","category-general","category-portada"],"post_mailing_queue_ids":[],"_links":{"self":[{"href":"https:\/\/serveiseducatius.xtec.cat\/montsia\/wp-json\/wp\/v2\/posts\/11764","targetHints":{"allow":["GET"]}}],"collection":[{"href":"https:\/\/serveiseducatius.xtec.cat\/montsia\/wp-json\/wp\/v2\/posts"}],"about":[{"href":"https:\/\/serveiseducatius.xtec.cat\/montsia\/wp-json\/wp\/v2\/types\/post"}],"author":[{"embeddable":true,"href":"https:\/\/serveiseducatius.xtec.cat\/montsia\/wp-json\/wp\/v2\/users\/1"}],"replies":[{"embeddable":true,"href":"https:\/\/serveiseducatius.xtec.cat\/montsia\/wp-json\/wp\/v2\/comments?post=11764"}],"version-history":[{"count":1,"href":"https:\/\/serveiseducatius.xtec.cat\/montsia\/wp-json\/wp\/v2\/posts\/11764\/revisions"}],"predecessor-version":[{"id":11766,"href":"https:\/\/serveiseducatius.xtec.cat\/montsia\/wp-json\/wp\/v2\/posts\/11764\/revisions\/11766"}],"wp:featuredmedia":[{"embeddable":true,"href":"https:\/\/serveiseducatius.xtec.cat\/montsia\/wp-json\/wp\/v2\/media\/10651"}],"wp:attachment":[{"href":"https:\/\/serveiseducatius.xtec.cat\/montsia\/wp-json\/wp\/v2\/media?parent=11764"}],"wp:term":[{"taxonomy":"category","embeddable":true,"href":"https:\/\/serveiseducatius.xtec.cat\/montsia\/wp-json\/wp\/v2\/categories?post=11764"},{"taxonomy":"post_tag","embeddable":true,"href":"https:\/\/serveiseducatius.xtec.cat\/montsia\/wp-json\/wp\/v2\/tags?post=11764"}],"curies":[{"name":"wp","href":"https:\/\/api.w.org\/{rel}","templated":true}]}}