{"id":11726,"date":"2020-06-20T21:27:39","date_gmt":"2020-06-20T19:27:39","guid":{"rendered":"http:\/\/serveiseducatius.xtec.cat\/montsia\/?p=11726"},"modified":"2020-06-20T21:27:39","modified_gmt":"2020-06-20T19:27:39","slug":"dia-internacional-per-a-leducacio-no-sexista","status":"publish","type":"post","link":"https:\/\/serveiseducatius.xtec.cat\/montsia\/general\/dia-internacional-per-a-leducacio-no-sexista\/","title":{"rendered":"Dia Internacional per a l&#8217;educaci\u00f3 no sexista"},"content":{"rendered":"<p><img loading=\"lazy\" decoding=\"async\" class=\"wp-image-11727 aligncenter\" src=\"https:\/\/serveiseducatius.xtec.cat\/montsia\/wp-content\/uploads\/usu1125\/2020\/06\/TEAM_FROM_LAKE_HIGHLAND_PREP._SCHOOL_ORLANDO.jpg\" alt=\"\" width=\"497\" height=\"331\" srcset=\"https:\/\/serveiseducatius.xtec.cat\/montsia\/wp-content\/uploads\/usu1125\/2020\/06\/TEAM_FROM_LAKE_HIGHLAND_PREP._SCHOOL_ORLANDO.jpg 1280w, https:\/\/serveiseducatius.xtec.cat\/montsia\/wp-content\/uploads\/usu1125\/2020\/06\/TEAM_FROM_LAKE_HIGHLAND_PREP._SCHOOL_ORLANDO-300x200.jpg 300w, https:\/\/serveiseducatius.xtec.cat\/montsia\/wp-content\/uploads\/usu1125\/2020\/06\/TEAM_FROM_LAKE_HIGHLAND_PREP._SCHOOL_ORLANDO-768x512.jpg 768w, https:\/\/serveiseducatius.xtec.cat\/montsia\/wp-content\/uploads\/usu1125\/2020\/06\/TEAM_FROM_LAKE_HIGHLAND_PREP._SCHOOL_ORLANDO-1024x682.jpg 1024w\" sizes=\"auto, (max-width: 497px) 100vw, 497px\" \/><\/p>\n<p>El <b>21 de juny <\/b>es commemora el <b>Dia Internacional per a l&#8217;Educaci\u00f3 No Sexista<\/b>, que ens recorda la necessitat d\u2019educar-nos i reeducar-nos, reflexionant i transformant la nostra exist\u00e8ncia i l\u2019entorn cap a una societat amb <b>perspectiva de g\u00e8nere, m\u00e9s protectora de les persones<\/b>, en qu\u00e8 <b>les difer\u00e8ncies sexuals i la diversitat afectivosexual <\/b>-des d\u2019una mirada interseccional, parant esment a altres condicionants com discapacitat, \u00e8tnia, edat, classe- <b>no es converteixin en desigualtats.<\/b><\/p>\n<p>A la p\u00e0gina web de l\u2019<a href=\"http:\/\/xtec.gencat.cat\/ca\/curriculum\/coeducacio\/dates-interes\/Dia-Internacional-per-a-Educacio-No-Sexista\/\"><b>xtec<\/b><\/a> disposeu de m\u00e9s informaci\u00f3 i trobareu diversitat de recursos, des de Coeducaci\u00f3 i perspectiva de g\u00e8nere, a lectures per educar en igualtat, educaci\u00f3 no sexista, per aconseguir la igualtat de g\u00e8nere i molts altres.<\/p>\n<p><i>Des del sistema educatiu, treballem perqu\u00e8 el nostre alumnat tingui autoestima, sigui aut\u00f2nom, capa\u00e7 de prendre les seves decisions, assertiu i emp\u00e0tic, obert al m\u00f3n de les emocions i la cura.<\/i><\/p>\n","protected":false},"excerpt":{"rendered":"<p>El 21 de juny es commemora el Dia Internacional per a l&#8217;Educaci\u00f3 No Sexista, que ens recorda la necessitat d\u2019educar-nos [&hellip;]<\/p>\n","protected":false},"author":1,"featured_media":11727,"comment_status":"closed","ping_status":"closed","sticky":false,"template":"","format":"standard","meta":{"_bbp_topic_count":0,"_bbp_reply_count":0,"_bbp_total_topic_count":0,"_bbp_total_reply_count":0,"_bbp_voice_count":0,"_bbp_anonymous_reply_count":0,"_bbp_topic_count_hidden":0,"_bbp_reply_count_hidden":0,"_bbp_forum_subforum_count":0,"site-sidebar-layout":"default","site-content-layout":"","ast-site-content-layout":"","site-content-style":"default","site-sidebar-style":"default","ast-global-header-display":"","ast-banner-title-visibility":"","ast-main-header-display":"","ast-hfb-above-header-display":"","ast-hfb-below-header-display":"","ast-hfb-mobile-header-display":"","site-post-title":"","ast-breadcrumbs-content":"","ast-featured-img":"","footer-sml-layout":"","theme-transparent-header-meta":"","adv-header-id-meta":"","stick-header-meta":"","header-above-stick-meta":"","header-main-stick-meta":"","header-below-stick-meta":"","astra-migrate-meta-layouts":"default","ast-page-background-enabled":"default","ast-page-background-meta":{"desktop":{"background-color":"var(--ast-global-color-4)","background-image":"","background-repeat":"repeat","background-position":"center center","background-size":"auto","background-attachment":"scroll","background-type":"","background-media":"","overlay-type":"","overlay-color":"","overlay-opacity":"","overlay-gradient":""},"tablet":{"background-color":"","background-image":"","background-repeat":"repeat","background-position":"center center","background-size":"auto","background-attachment":"scroll","background-type":"","background-media":"","overlay-type":"","overlay-color":"","overlay-opacity":"","overlay-gradient":""},"mobile":{"background-color":"","background-image":"","background-repeat":"repeat","background-position":"center center","background-size":"auto","background-attachment":"scroll","background-type":"","background-media":"","overlay-type":"","overlay-color":"","overlay-opacity":"","overlay-gradient":""}},"ast-content-background-meta":{"desktop":{"background-color":"var(--ast-global-color-5)","background-image":"","background-repeat":"repeat","background-position":"center center","background-size":"auto","background-attachment":"scroll","background-type":"","background-media":"","overlay-type":"","overlay-color":"","overlay-opacity":"","overlay-gradient":""},"tablet":{"background-color":"var(--ast-global-color-5)","background-image":"","background-repeat":"repeat","background-position":"center center","background-size":"auto","background-attachment":"scroll","background-type":"","background-media":"","overlay-type":"","overlay-color":"","overlay-opacity":"","overlay-gradient":""},"mobile":{"background-color":"var(--ast-global-color-5)","background-image":"","background-repeat":"repeat","background-position":"center center","background-size":"auto","background-attachment":"scroll","background-type":"","background-media":"","overlay-type":"","overlay-color":"","overlay-opacity":"","overlay-gradient":""}},"footnotes":""},"categories":[300,1,29],"tags":[],"class_list":["post-11726","post","type-post","status-publish","format-standard","has-post-thumbnail","hentry","category-covid-19","category-general","category-portada"],"post_mailing_queue_ids":[],"_links":{"self":[{"href":"https:\/\/serveiseducatius.xtec.cat\/montsia\/wp-json\/wp\/v2\/posts\/11726","targetHints":{"allow":["GET"]}}],"collection":[{"href":"https:\/\/serveiseducatius.xtec.cat\/montsia\/wp-json\/wp\/v2\/posts"}],"about":[{"href":"https:\/\/serveiseducatius.xtec.cat\/montsia\/wp-json\/wp\/v2\/types\/post"}],"author":[{"embeddable":true,"href":"https:\/\/serveiseducatius.xtec.cat\/montsia\/wp-json\/wp\/v2\/users\/1"}],"replies":[{"embeddable":true,"href":"https:\/\/serveiseducatius.xtec.cat\/montsia\/wp-json\/wp\/v2\/comments?post=11726"}],"version-history":[{"count":1,"href":"https:\/\/serveiseducatius.xtec.cat\/montsia\/wp-json\/wp\/v2\/posts\/11726\/revisions"}],"predecessor-version":[{"id":11728,"href":"https:\/\/serveiseducatius.xtec.cat\/montsia\/wp-json\/wp\/v2\/posts\/11726\/revisions\/11728"}],"wp:featuredmedia":[{"embeddable":true,"href":"https:\/\/serveiseducatius.xtec.cat\/montsia\/wp-json\/wp\/v2\/media\/11727"}],"wp:attachment":[{"href":"https:\/\/serveiseducatius.xtec.cat\/montsia\/wp-json\/wp\/v2\/media?parent=11726"}],"wp:term":[{"taxonomy":"category","embeddable":true,"href":"https:\/\/serveiseducatius.xtec.cat\/montsia\/wp-json\/wp\/v2\/categories?post=11726"},{"taxonomy":"post_tag","embeddable":true,"href":"https:\/\/serveiseducatius.xtec.cat\/montsia\/wp-json\/wp\/v2\/tags?post=11726"}],"curies":[{"name":"wp","href":"https:\/\/api.w.org\/{rel}","templated":true}]}}