{"id":11712,"date":"2020-06-14T19:31:31","date_gmt":"2020-06-14T17:31:31","guid":{"rendered":"http:\/\/serveiseducatius.xtec.cat\/montsia\/?p=11712"},"modified":"2020-06-14T19:31:31","modified_gmt":"2020-06-14T17:31:31","slug":"jornada-%c2%a8infancia-i-natura%c2%a8","status":"publish","type":"post","link":"https:\/\/serveiseducatius.xtec.cat\/montsia\/general\/jornada-%c2%a8infancia-i-natura%c2%a8\/","title":{"rendered":"Jornada \u00a8Inf\u00e0ncia i Natura\u00a8"},"content":{"rendered":"<p><img loading=\"lazy\" decoding=\"async\" class=\"size-full wp-image-11713 aligncenter\" src=\"https:\/\/serveiseducatius.xtec.cat\/montsia\/wp-content\/uploads\/usu1125\/2020\/06\/jornada-infancia-i-natura.png\" alt=\"\" width=\"631\" height=\"289\" srcset=\"https:\/\/serveiseducatius.xtec.cat\/montsia\/wp-content\/uploads\/usu1125\/2020\/06\/jornada-infancia-i-natura.png 631w, https:\/\/serveiseducatius.xtec.cat\/montsia\/wp-content\/uploads\/usu1125\/2020\/06\/jornada-infancia-i-natura-300x137.png 300w\" sizes=\"auto, (max-width: 631px) 100vw, 631px\" \/><\/p>\n<p><strong>La Jornada \u00a8Inf\u00e0ncia i Natura\u00a8: Llavors i reflexions educatives despr\u00e9s de la Covid 19<\/strong>, es realitzar\u00e0 el <strong>dia 20 de juny de 10:00 a 13:00<\/strong> i es presenta amb un <strong>format en l\u00ednia i gratu\u00eft.<\/strong><\/p>\n<p>Aquesta Jornada neix de la necessitat de fer una reflexi\u00f3 profunda sobre la inf\u00e0ncia i la realitat que estem vivint. Amb la creen\u00e7a que ampliar mirades \u00e9s un cam\u00ed cap a la presa de decisions conscients i, per aquest motiu, s\u2019ha convidat a diverses professionals reconegudes per la seva tasca al voltant de la inf\u00e0ncia i la natura.<\/p>\n<p><b>Organitza<\/b>: Biblioteca Sebasti\u00e0 Juan Arb\u00f3 d\u2019Amposta, el Moviment de Renovaci\u00f3 Pedag\u00f2gica de les Terres de l\u2019Ebre i Casa de Luna.<\/p>\n<p><b>Inscripcions<\/b> gratu\u00eftes: al correu electr\u00f2nic <strong>infanciainaturaonline<span class=\"\">@gmail.co<\/span>m<\/strong><\/p>\n<p>Veure el programa en aquest enlla\u00e7:<a href=\"https:\/\/serveiseducatius.xtec.cat\/montsia\/wp-content\/uploads\/usu1125\/2020\/06\/Programa_Jornada_Infancia-i-Natura.pdf\" target=\"_blank\" rel=\"noopener noreferrer\"> https:\/\/serveiseducatius.xtec.cat\/montsia\/wp-content\/uploads\/usu1125\/2020\/06\/Programa_Jornada_Infancia-i-Natura.pdf<\/a><\/p>\n","protected":false},"excerpt":{"rendered":"<p>La Jornada \u00a8Inf\u00e0ncia i Natura\u00a8: Llavors i reflexions educatives despr\u00e9s de la Covid 19, es realitzar\u00e0 el dia 20 de [&hellip;]<\/p>\n","protected":false},"author":1,"featured_media":11713,"comment_status":"closed","ping_status":"closed","sticky":false,"template":"","format":"standard","meta":{"_bbp_topic_count":0,"_bbp_reply_count":0,"_bbp_total_topic_count":0,"_bbp_total_reply_count":0,"_bbp_voice_count":0,"_bbp_anonymous_reply_count":0,"_bbp_topic_count_hidden":0,"_bbp_reply_count_hidden":0,"_bbp_forum_subforum_count":0,"site-sidebar-layout":"default","site-content-layout":"","ast-site-content-layout":"","site-content-style":"default","site-sidebar-style":"default","ast-global-header-display":"","ast-banner-title-visibility":"","ast-main-header-display":"","ast-hfb-above-header-display":"","ast-hfb-below-header-display":"","ast-hfb-mobile-header-display":"","site-post-title":"","ast-breadcrumbs-content":"","ast-featured-img":"","footer-sml-layout":"","theme-transparent-header-meta":"","adv-header-id-meta":"","stick-header-meta":"","header-above-stick-meta":"","header-main-stick-meta":"","header-below-stick-meta":"","astra-migrate-meta-layouts":"default","ast-page-background-enabled":"default","ast-page-background-meta":{"desktop":{"background-color":"var(--ast-global-color-4)","background-image":"","background-repeat":"repeat","background-position":"center center","background-size":"auto","background-attachment":"scroll","background-type":"","background-media":"","overlay-type":"","overlay-color":"","overlay-opacity":"","overlay-gradient":""},"tablet":{"background-color":"","background-image":"","background-repeat":"repeat","background-position":"center center","background-size":"auto","background-attachment":"scroll","background-type":"","background-media":"","overlay-type":"","overlay-color":"","overlay-opacity":"","overlay-gradient":""},"mobile":{"background-color":"","background-image":"","background-repeat":"repeat","background-position":"center center","background-size":"auto","background-attachment":"scroll","background-type":"","background-media":"","overlay-type":"","overlay-color":"","overlay-opacity":"","overlay-gradient":""}},"ast-content-background-meta":{"desktop":{"background-color":"var(--ast-global-color-5)","background-image":"","background-repeat":"repeat","background-position":"center center","background-size":"auto","background-attachment":"scroll","background-type":"","background-media":"","overlay-type":"","overlay-color":"","overlay-opacity":"","overlay-gradient":""},"tablet":{"background-color":"var(--ast-global-color-5)","background-image":"","background-repeat":"repeat","background-position":"center center","background-size":"auto","background-attachment":"scroll","background-type":"","background-media":"","overlay-type":"","overlay-color":"","overlay-opacity":"","overlay-gradient":""},"mobile":{"background-color":"var(--ast-global-color-5)","background-image":"","background-repeat":"repeat","background-position":"center center","background-size":"auto","background-attachment":"scroll","background-type":"","background-media":"","overlay-type":"","overlay-color":"","overlay-opacity":"","overlay-gradient":""}},"footnotes":""},"categories":[300,1,29],"tags":[],"class_list":["post-11712","post","type-post","status-publish","format-standard","has-post-thumbnail","hentry","category-covid-19","category-general","category-portada"],"post_mailing_queue_ids":[],"_links":{"self":[{"href":"https:\/\/serveiseducatius.xtec.cat\/montsia\/wp-json\/wp\/v2\/posts\/11712","targetHints":{"allow":["GET"]}}],"collection":[{"href":"https:\/\/serveiseducatius.xtec.cat\/montsia\/wp-json\/wp\/v2\/posts"}],"about":[{"href":"https:\/\/serveiseducatius.xtec.cat\/montsia\/wp-json\/wp\/v2\/types\/post"}],"author":[{"embeddable":true,"href":"https:\/\/serveiseducatius.xtec.cat\/montsia\/wp-json\/wp\/v2\/users\/1"}],"replies":[{"embeddable":true,"href":"https:\/\/serveiseducatius.xtec.cat\/montsia\/wp-json\/wp\/v2\/comments?post=11712"}],"version-history":[{"count":1,"href":"https:\/\/serveiseducatius.xtec.cat\/montsia\/wp-json\/wp\/v2\/posts\/11712\/revisions"}],"predecessor-version":[{"id":11714,"href":"https:\/\/serveiseducatius.xtec.cat\/montsia\/wp-json\/wp\/v2\/posts\/11712\/revisions\/11714"}],"wp:featuredmedia":[{"embeddable":true,"href":"https:\/\/serveiseducatius.xtec.cat\/montsia\/wp-json\/wp\/v2\/media\/11713"}],"wp:attachment":[{"href":"https:\/\/serveiseducatius.xtec.cat\/montsia\/wp-json\/wp\/v2\/media?parent=11712"}],"wp:term":[{"taxonomy":"category","embeddable":true,"href":"https:\/\/serveiseducatius.xtec.cat\/montsia\/wp-json\/wp\/v2\/categories?post=11712"},{"taxonomy":"post_tag","embeddable":true,"href":"https:\/\/serveiseducatius.xtec.cat\/montsia\/wp-json\/wp\/v2\/tags?post=11712"}],"curies":[{"name":"wp","href":"https:\/\/api.w.org\/{rel}","templated":true}]}}