{"id":11706,"date":"2020-06-06T08:58:55","date_gmt":"2020-06-06T06:58:55","guid":{"rendered":"http:\/\/serveiseducatius.xtec.cat\/montsia\/?p=11706"},"modified":"2020-06-10T09:01:07","modified_gmt":"2020-06-10T07:01:07","slug":"convocatoria-extraordinaria-de-programes-dinnovacio-pedagogica","status":"publish","type":"post","link":"https:\/\/serveiseducatius.xtec.cat\/montsia\/general\/convocatoria-extraordinaria-de-programes-dinnovacio-pedagogica\/","title":{"rendered":"Convocat\u00f2ria extraordin\u00e0ria de programes d\u2019innovaci\u00f3 pedag\u00f2gica"},"content":{"rendered":"<p><img loading=\"lazy\" decoding=\"async\" class=\"size-full wp-image-11707 aligncenter\" src=\"https:\/\/serveiseducatius.xtec.cat\/montsia\/wp-content\/uploads\/usu1125\/2020\/06\/logo-innovacio-educativa.png\" alt=\"\" width=\"553\" height=\"280\" srcset=\"https:\/\/serveiseducatius.xtec.cat\/montsia\/wp-content\/uploads\/usu1125\/2020\/06\/logo-innovacio-educativa.png 553w, https:\/\/serveiseducatius.xtec.cat\/montsia\/wp-content\/uploads\/usu1125\/2020\/06\/logo-innovacio-educativa-300x152.png 300w\" sizes=\"auto, (max-width: 553px) 100vw, 553px\" \/><\/p>\n<p>Ha comen\u00e7at\u00a0un nou termini perqu\u00e8 els centres educatius puguin participar en Programes d\u2019innovaci\u00f3 pedag\u00f2gica.<\/p>\n<p>Amb la voluntat que la innovaci\u00f3 pedag\u00f2gica ajudi als centres educatius a millorar la qualitat del sistema educatiu a trav\u00e9s de la millora de\u00a0l\u2019atenci\u00f3\u00a0educativa de\u00a0l\u2019alumnat\u00a0i oferint estrat\u00e8gies tant metodol\u00f2giques, com organitzatives i de relaci\u00f3 amb\u00a0l\u2019entorn\u00a0que permetin millorar els aprenentatges de\u00a0l\u2019alumnat; el Departament d\u2019Educaci\u00f3 realitza dos convocat\u00f2ries anuals perqu\u00e8 els centres puguin inscriure\u2019s i participar en algun dels Programes\u00a0d\u2019innovaci\u00f3\u00a0pedag\u00f2gica promoguts des del mateix Departament. Una convocat\u00f2ria ordin\u00e0ria el mes de mar\u00e7 i una extraordin\u00e0ria el mes de juny.<\/p>\n<p>La convocat\u00f2ria del mes de mar\u00e7 ha estat desconvocada definitivament donada la situaci\u00f3 creada per la COVID-19.<\/p>\n<p>En la\u00a0<strong>convocat\u00f2ria extraordin\u00e0ria<\/strong>, que\u00a0<strong>comen\u00e7a el 4 de juny<\/strong>, s\u2019oferta la participaci\u00f3 en\u00a0<strong>11 programes d\u2019innovaci\u00f3 pedag\u00f2gica.<\/strong><\/p>\n<p>Els programes que obren convocat\u00f2ria s\u00f3n:<\/p>\n<ul>\n<li><strong>Els programes que obren convocat\u00f2ria per a ensenyaments d\u2019educaci\u00f3 infantil, prim\u00e0ria, secund\u00e0ria i\/o batxillerat.\u00a0<\/strong><strong>Termini de presentaci\u00f3 de sol\u00b7licituds fins al 31 de juliol de 2020.<\/strong>\n<ul>\n<li><a href=\"http:\/\/xtec.gencat.cat\/ca\/projectes\/ensenyaments-artistics\/araART\/\" data-saferedirecturl=\"https:\/\/www.google.com\/url?q=http:\/\/xtec.gencat.cat\/ca\/projectes\/ensenyaments-artistics\/araART\/&amp;source=gmail&amp;ust=1591374689223000&amp;usg=AFQjCNHLnboLJmW871c-sj7mKNlY8DmdQA\">AraArt<\/a>. Modalitat A.<\/li>\n<li><a href=\"https:\/\/magnet.cat\/\" data-saferedirecturl=\"https:\/\/www.google.com\/url?q=https:\/\/magnet.cat\/&amp;source=gmail&amp;ust=1591374689223000&amp;usg=AFQjCNHPKVAjnalY4wxio772O4-yqBTe5Q\">Magnet<\/a><\/li>\n<li><a href=\"http:\/\/xtec.gencat.cat\/ca\/curriculum\/xarxacb\/\">Xarxa de Compet\u00e8ncies B\u00e0siques<\/a><\/li>\n<\/ul>\n<\/li>\n<li><strong>Els programes que obren convocat\u00f2ria per a ensenyaments de Formaci\u00f3 Professional.<\/strong><strong> Termini de presentaci\u00f3 de sol\u00b7licituds fins al 3 de juliol.<\/strong>\n<ul>\n<li><a href=\"http:\/\/educacio.gencat.cat\/portal\/page\/portal\/Educacio\/PCentrePrivat\/PCPInici\/PCPInnovacioPedagogica\/ActivaFP\" data-saferedirecturl=\"https:\/\/www.google.com\/url?q=http:\/\/educacio.gencat.cat\/portal\/page\/portal\/Educacio\/PCentrePrivat\/PCPInici\/PCPInnovacioPedagogica\/ActivaFP&amp;source=gmail&amp;ust=1591374689223000&amp;usg=AFQjCNEtfV05Hj4D5znMT3Vg1jbIpaaE5w\">ActivaFP<\/a><\/li>\n<li><a href=\"https:\/\/projectes.xtec.cat\/impulsfp\/categoria\/impulsfp\/emprenfp\/\" data-saferedirecturl=\"https:\/\/www.google.com\/url?q=https:\/\/projectes.xtec.cat\/impulsfp\/categoria\/impulsfp\/emprenfp\/&amp;source=gmail&amp;ust=1591374689223000&amp;usg=AFQjCNERsswRczqUvwTtkRx9bwsSoaipyg\">Empr\u00e8nFP<\/a><\/li>\n<li><a href=\"https:\/\/projectes.xtec.cat\/empresafp\/\" data-saferedirecturl=\"https:\/\/www.google.com\/url?q=https:\/\/projectes.xtec.cat\/empresafp\/&amp;source=gmail&amp;ust=1591374689223000&amp;usg=AFQjCNEw22XtYKdZ_HyQoukdM71d6cYG_w\">EmpresaFP<\/a><\/li>\n<li><a href=\"http:\/\/xtec.gencat.cat\/ca\/innovacio\/programes_innovacio\/fp\/transferencia\/\" data-saferedirecturl=\"https:\/\/www.google.com\/url?q=http:\/\/xtec.gencat.cat\/ca\/innovacio\/programes_innovacio\/fp\/transferencia\/&amp;source=gmail&amp;ust=1591374689223000&amp;usg=AFQjCNHiSoUOKJdfSijvtkI1d6anS17a8g\">InnovaFP<\/a><\/li>\n<li><a href=\"https:\/\/projectes.xtec.cat\/mobilitatfp\/inici\/?_ga=2.257098243.944762598.1583132289-490588994.1583132289\" data-saferedirecturl=\"https:\/\/www.google.com\/url?q=https:\/\/projectes.xtec.cat\/mobilitatfp\/inici\/?_ga%3D2.257098243.944762598.1583132289-490588994.1583132289&amp;source=gmail&amp;ust=1591374689223000&amp;usg=AFQjCNGcyXib2ZwtBIhWVCPAkKPgVhMCig\">Mobilitat formativa i cooperaci\u00f3 europea i internacional en els ensenyaments professionals<\/a><\/li>\n<li><a href=\"https:\/\/projectes.xtec.cat\/impulsfp\/categoria\/impulsfp\/orientafp\/\" data-saferedirecturl=\"https:\/\/www.google.com\/url?q=https:\/\/projectes.xtec.cat\/impulsfp\/categoria\/impulsfp\/orientafp\/&amp;source=gmail&amp;ust=1591374689223000&amp;usg=AFQjCNGde6M5kwn1Of_7tf5wfTPKNgk-Lw\">OrientaFP<\/a><\/li>\n<li><a href=\"http:\/\/educacio.gencat.cat\/portal\/page\/portal\/Educacio\/PCentrePrivat\/PCPInici\/PCPInnovacioPedagogica\/ErasmuFPRE\" data-saferedirecturl=\"https:\/\/www.google.com\/url?q=http:\/\/educacio.gencat.cat\/portal\/page\/portal\/Educacio\/PCentrePrivat\/PCPInici\/PCPInnovacioPedagogica\/ErasmuFPRE&amp;source=gmail&amp;ust=1591374689223000&amp;usg=AFQjCNEWOJKjC1RSqNRhlzM1D3tnhA_4fQ\">Reconeixement Erasmus +<\/a><\/li>\n<\/ul>\n<\/li>\n<li><strong>Els programes que obren convocat\u00f2ria per a ensenyaments de R\u00e8gim Especial. <\/strong><strong>Termini de presentaci\u00f3 de sol\u00b7licituds fins al 31 de juliol de 2020.<\/strong>\n<ul>\n<li>\u00a0<a href=\"http:\/\/ensenyament.gencat.cat\/ca\/arees-actuacio\/centres-serveis-educatius\/programes-innovacio-pedagogica\/talent-creatiu-empresa\" data-saferedirecturl=\"https:\/\/www.google.com\/url?q=http:\/\/ensenyament.gencat.cat\/ca\/arees-actuacio\/centres-serveis-educatius\/programes-innovacio-pedagogica\/talent-creatiu-empresa&amp;source=gmail&amp;ust=1591374689223000&amp;usg=AFQjCNE1KMtWA69_R730ohAip6VvgABzyg\">Talent creatiu i empresa<\/a><\/li>\n<\/ul>\n<\/li>\n<\/ul>\n<p>Els centres educatius poden sol\u00b7licitar la participaci\u00f3 en alguns dels programes ofertats a trav\u00e9s de l\u2019apartat d\u2019innovaci\u00f3 pedag\u00f2gica del portal de centre:<a href=\"https:\/\/espai.educacio.gencat.cat\/Centres\/Innovacio-pedagogica\/Pagines\/default.aspx\" data-saferedirecturl=\"https:\/\/www.google.com\/url?q=https:\/\/espai.educacio.gencat.cat\/Centres\/Innovacio-pedagogica\/Pagines\/default.aspx&amp;source=gmail&amp;ust=1591374689223000&amp;usg=AFQjCNHGqlXF4Xd-hexou-aA6u7afc8Dhw\">https:\/\/espai.educacio.gencat.cat\/Centres\/Innovacio-pedagogica\/Pagines\/default.aspx<\/a><\/p>\n<p>Per a m\u00e9s informaci\u00f3 respecte a la convocat\u00f2ria us podeu dirigir al portal XTEC: <a href=\"http:\/\/xtec.gencat.cat\/ca\/innovacio\/convocatoria-programes-innovacio\/\" data-saferedirecturl=\"https:\/\/www.google.com\/url?q=http:\/\/xtec.gencat.cat\/ca\/innovacio\/convocatoria-programes-innovacio\/&amp;source=gmail&amp;ust=1591374689223000&amp;usg=AFQjCNFb7e2N_nwf8ajG2MdsQdnGoJkEeQ\">http:\/\/xtec.gencat.cat\/ca\/innovacio\/convocatoria-programes-innovacio\/<\/a><\/p>\n","protected":false},"excerpt":{"rendered":"<p>Ha comen\u00e7at\u00a0un nou termini perqu\u00e8 els centres educatius puguin participar en Programes d\u2019innovaci\u00f3 pedag\u00f2gica. Amb la voluntat que la innovaci\u00f3 [&hellip;]<\/p>\n","protected":false},"author":1,"featured_media":11707,"comment_status":"closed","ping_status":"closed","sticky":false,"template":"","format":"standard","meta":{"_bbp_topic_count":0,"_bbp_reply_count":0,"_bbp_total_topic_count":0,"_bbp_total_reply_count":0,"_bbp_voice_count":0,"_bbp_anonymous_reply_count":0,"_bbp_topic_count_hidden":0,"_bbp_reply_count_hidden":0,"_bbp_forum_subforum_count":0,"site-sidebar-layout":"default","site-content-layout":"","ast-site-content-layout":"","site-content-style":"default","site-sidebar-style":"default","ast-global-header-display":"","ast-banner-title-visibility":"","ast-main-header-display":"","ast-hfb-above-header-display":"","ast-hfb-below-header-display":"","ast-hfb-mobile-header-display":"","site-post-title":"","ast-breadcrumbs-content":"","ast-featured-img":"","footer-sml-layout":"","theme-transparent-header-meta":"","adv-header-id-meta":"","stick-header-meta":"","header-above-stick-meta":"","header-main-stick-meta":"","header-below-stick-meta":"","astra-migrate-meta-layouts":"default","ast-page-background-enabled":"default","ast-page-background-meta":{"desktop":{"background-color":"var(--ast-global-color-4)","background-image":"","background-repeat":"repeat","background-position":"center center","background-size":"auto","background-attachment":"scroll","background-type":"","background-media":"","overlay-type":"","overlay-color":"","overlay-opacity":"","overlay-gradient":""},"tablet":{"background-color":"","background-image":"","background-repeat":"repeat","background-position":"center center","background-size":"auto","background-attachment":"scroll","background-type":"","background-media":"","overlay-type":"","overlay-color":"","overlay-opacity":"","overlay-gradient":""},"mobile":{"background-color":"","background-image":"","background-repeat":"repeat","background-position":"center center","background-size":"auto","background-attachment":"scroll","background-type":"","background-media":"","overlay-type":"","overlay-color":"","overlay-opacity":"","overlay-gradient":""}},"ast-content-background-meta":{"desktop":{"background-color":"var(--ast-global-color-5)","background-image":"","background-repeat":"repeat","background-position":"center center","background-size":"auto","background-attachment":"scroll","background-type":"","background-media":"","overlay-type":"","overlay-color":"","overlay-opacity":"","overlay-gradient":""},"tablet":{"background-color":"var(--ast-global-color-5)","background-image":"","background-repeat":"repeat","background-position":"center center","background-size":"auto","background-attachment":"scroll","background-type":"","background-media":"","overlay-type":"","overlay-color":"","overlay-opacity":"","overlay-gradient":""},"mobile":{"background-color":"var(--ast-global-color-5)","background-image":"","background-repeat":"repeat","background-position":"center center","background-size":"auto","background-attachment":"scroll","background-type":"","background-media":"","overlay-type":"","overlay-color":"","overlay-opacity":"","overlay-gradient":""}},"footnotes":""},"categories":[300,1,29],"tags":[],"class_list":["post-11706","post","type-post","status-publish","format-standard","has-post-thumbnail","hentry","category-covid-19","category-general","category-portada"],"post_mailing_queue_ids":[],"_links":{"self":[{"href":"https:\/\/serveiseducatius.xtec.cat\/montsia\/wp-json\/wp\/v2\/posts\/11706","targetHints":{"allow":["GET"]}}],"collection":[{"href":"https:\/\/serveiseducatius.xtec.cat\/montsia\/wp-json\/wp\/v2\/posts"}],"about":[{"href":"https:\/\/serveiseducatius.xtec.cat\/montsia\/wp-json\/wp\/v2\/types\/post"}],"author":[{"embeddable":true,"href":"https:\/\/serveiseducatius.xtec.cat\/montsia\/wp-json\/wp\/v2\/users\/1"}],"replies":[{"embeddable":true,"href":"https:\/\/serveiseducatius.xtec.cat\/montsia\/wp-json\/wp\/v2\/comments?post=11706"}],"version-history":[{"count":1,"href":"https:\/\/serveiseducatius.xtec.cat\/montsia\/wp-json\/wp\/v2\/posts\/11706\/revisions"}],"predecessor-version":[{"id":11708,"href":"https:\/\/serveiseducatius.xtec.cat\/montsia\/wp-json\/wp\/v2\/posts\/11706\/revisions\/11708"}],"wp:featuredmedia":[{"embeddable":true,"href":"https:\/\/serveiseducatius.xtec.cat\/montsia\/wp-json\/wp\/v2\/media\/11707"}],"wp:attachment":[{"href":"https:\/\/serveiseducatius.xtec.cat\/montsia\/wp-json\/wp\/v2\/media?parent=11706"}],"wp:term":[{"taxonomy":"category","embeddable":true,"href":"https:\/\/serveiseducatius.xtec.cat\/montsia\/wp-json\/wp\/v2\/categories?post=11706"},{"taxonomy":"post_tag","embeddable":true,"href":"https:\/\/serveiseducatius.xtec.cat\/montsia\/wp-json\/wp\/v2\/tags?post=11706"}],"curies":[{"name":"wp","href":"https:\/\/api.w.org\/{rel}","templated":true}]}}