{"id":11655,"date":"2020-05-27T19:07:07","date_gmt":"2020-05-27T17:07:07","guid":{"rendered":"http:\/\/serveiseducatius.xtec.cat\/montsia\/?p=11655"},"modified":"2020-05-27T19:07:07","modified_gmt":"2020-05-27T17:07:07","slug":"confinats-leducacio-en-els-centres-dart","status":"publish","type":"post","link":"https:\/\/serveiseducatius.xtec.cat\/montsia\/general\/confinats-leducacio-en-els-centres-dart\/","title":{"rendered":"Confinats: l&#8217;educaci\u00f3 en els centres d&#8217;art"},"content":{"rendered":"<p><img loading=\"lazy\" decoding=\"async\" class=\"size-full wp-image-11656 aligncenter\" src=\"https:\/\/serveiseducatius.xtec.cat\/montsia\/wp-content\/uploads\/usu1125\/2020\/05\/tertulia-confinats.png\" alt=\"\" width=\"710\" height=\"375\" srcset=\"https:\/\/serveiseducatius.xtec.cat\/montsia\/wp-content\/uploads\/usu1125\/2020\/05\/tertulia-confinats.png 710w, https:\/\/serveiseducatius.xtec.cat\/montsia\/wp-content\/uploads\/usu1125\/2020\/05\/tertulia-confinats-300x158.png 300w\" sizes=\"auto, (max-width: 710px) 100vw, 710px\" \/><\/p>\n<p>Com encara l&#8217;educaci\u00f3 el <a class=\"_58cn\" href=\"https:\/\/www.facebook.com\/hashtag\/desconfinament?__eep__=6&amp;source=feed_text&amp;epa=HASHTAG&amp;__xts__%5B0%5D=68.ARBdzZTQPCqRiS5pZGVVLQsdAuwL3IOD6ZY17PQLE6Zwi2S0VHkhHI91hY2ADq6jQz9_OdAGazund0Qqpb1c0nNZo2N1hwQ9DukZ3e0s-x88jUIF9ihscWeMsRcojD4W-xxPjhgt1o-RATCuYxe5Be4K7Tk7bi0psL2vCoyyP2kE0qQ55Bmu-OAIPDleJ8Ci0cijK1rY25hX7R325IiQPRlxs4qiTxLnRblyAE9YB8Elc7mK3VM5_RqPAg5ufrKY2v83C8iCEmo12nJPKVtpsjLVBx-ahGzqbsk86kjZkpfo2F4-q_L1n-ds8s1wmVpFYKvwZkPswEHef9hElsBFgi7Lkg&amp;__tn__=%2ANK-R\" data-ft=\"{&quot;type&quot;:104,&quot;tn&quot;:&quot;*N&quot;}\"><span class=\"_5afx\"><span class=\"_58cl _5afz\" aria-label=\"etiqueta\">#<\/span><span class=\"_58cm\">desconfinament<\/span><\/span><\/a>? Qu\u00e8 passa amb les activitats educatives als centres d&#8217;art? Aquests seran els temes que es tractaran el proper dijous 28 de maig, a les 19.00h, a <a class=\"_58cn\" href=\"https:\/\/www.facebook.com\/hashtag\/confinats?__eep__=6&amp;source=feed_text&amp;epa=HASHTAG&amp;__xts__%5B0%5D=68.ARBdzZTQPCqRiS5pZGVVLQsdAuwL3IOD6ZY17PQLE6Zwi2S0VHkhHI91hY2ADq6jQz9_OdAGazund0Qqpb1c0nNZo2N1hwQ9DukZ3e0s-x88jUIF9ihscWeMsRcojD4W-xxPjhgt1o-RATCuYxe5Be4K7Tk7bi0psL2vCoyyP2kE0qQ55Bmu-OAIPDleJ8Ci0cijK1rY25hX7R325IiQPRlxs4qiTxLnRblyAE9YB8Elc7mK3VM5_RqPAg5ufrKY2v83C8iCEmo12nJPKVtpsjLVBx-ahGzqbsk86kjZkpfo2F4-q_L1n-ds8s1wmVpFYKvwZkPswEHef9hElsBFgi7Lkg&amp;__tn__=%2ANK-R\" data-ft=\"{&quot;type&quot;:104,&quot;tn&quot;:&quot;*N&quot;}\"><span class=\"_5afx\"><span class=\"_58cl _5afz\" aria-label=\"etiqueta\">#<\/span><span class=\"_58cm\">confinats<\/span><\/span><\/a> de <strong>Lo Pati<\/strong> amb <strong>Roser Sanju\u00e1n<\/strong> del <a class=\"profileLink\" href=\"https:\/\/www.facebook.com\/pages\/Centre-dArt-la-Panera\/116583781723226?__tn__=K-R&amp;eid=ARBWKSC6lCuHDF1tVzzcFQeJCJcCpLJ9yy7e_c1mzaIYMg8XaZ-ib6nhfyKTuXsKVQzPVTbaUbCbBqlE&amp;fref=mentions&amp;__xts__%5B0%5D=68.ARBdzZTQPCqRiS5pZGVVLQsdAuwL3IOD6ZY17PQLE6Zwi2S0VHkhHI91hY2ADq6jQz9_OdAGazund0Qqpb1c0nNZo2N1hwQ9DukZ3e0s-x88jUIF9ihscWeMsRcojD4W-xxPjhgt1o-RATCuYxe5Be4K7Tk7bi0psL2vCoyyP2kE0qQ55Bmu-OAIPDleJ8Ci0cijK1rY25hX7R325IiQPRlxs4qiTxLnRblyAE9YB8Elc7mK3VM5_RqPAg5ufrKY2v83C8iCEmo12nJPKVtpsjLVBx-ahGzqbsk86kjZkpfo2F4-q_L1n-ds8s1wmVpFYKvwZkPswEHef9hElsBFgi7Lkg\" data-hovercard=\"\/ajax\/hovercard\/page.php?id=116583781723226&amp;extragetparams=%7B%22__tn__%22%3A%22%2CdK-R-R%22%2C%22eid%22%3A%22ARBWKSC6lCuHDF1tVzzcFQeJCJcCpLJ9yy7e_c1mzaIYMg8XaZ-ib6nhfyKTuXsKVQzPVTbaUbCbBqlE%22%2C%22fref%22%3A%22mentions%22%7D\" data-hovercard-prefer-more-content-show=\"1\">Centre d&#8217;Art la Panera<\/a>, <strong>Luis Mart\u00ednez Campo<\/strong> de la <a class=\"profileLink\" href=\"https:\/\/www.facebook.com\/fcerezalesantoninoycinia\/?__tn__=K-R&amp;eid=ARBegG1y4nFZmbPpGvtQTQbqSpk6s_g8DmnZjTQrvdw0fyowEauIJNn4Z2NZsGpsB3L0xLq-5QTKE9vT&amp;fref=mentions&amp;__xts__%5B0%5D=68.ARBdzZTQPCqRiS5pZGVVLQsdAuwL3IOD6ZY17PQLE6Zwi2S0VHkhHI91hY2ADq6jQz9_OdAGazund0Qqpb1c0nNZo2N1hwQ9DukZ3e0s-x88jUIF9ihscWeMsRcojD4W-xxPjhgt1o-RATCuYxe5Be4K7Tk7bi0psL2vCoyyP2kE0qQ55Bmu-OAIPDleJ8Ci0cijK1rY25hX7R325IiQPRlxs4qiTxLnRblyAE9YB8Elc7mK3VM5_RqPAg5ufrKY2v83C8iCEmo12nJPKVtpsjLVBx-ahGzqbsk86kjZkpfo2F4-q_L1n-ds8s1wmVpFYKvwZkPswEHef9hElsBFgi7Lkg\" data-hovercard=\"\/ajax\/hovercard\/page.php?id=117412001613021&amp;extragetparams=%7B%22__tn__%22%3A%22%2CdK-R-R%22%2C%22eid%22%3A%22ARBegG1y4nFZmbPpGvtQTQbqSpk6s_g8DmnZjTQrvdw0fyowEauIJNn4Z2NZsGpsB3L0xLq-5QTKE9vT%22%2C%22fref%22%3A%22mentions%22%7D\" data-hovercard-prefer-more-content-show=\"1\">Fundaci\u00f3n Cerezales Antonino y Cinia<\/a>, <strong>Mar\u00eda Jos\u00e9 Hasta<\/strong> del <a class=\"profileLink\" href=\"https:\/\/www.facebook.com\/cdanhuesca\/?__tn__=K-R&amp;eid=ARAWWo8OB1OLEV3H_Bs27rRmMH_JqQszrtoQFQCLKDC5zQB-7S0ADBXTjbJFze4EYeryoILXNIdZO2Tv&amp;fref=mentions&amp;__xts__%5B0%5D=68.ARBdzZTQPCqRiS5pZGVVLQsdAuwL3IOD6ZY17PQLE6Zwi2S0VHkhHI91hY2ADq6jQz9_OdAGazund0Qqpb1c0nNZo2N1hwQ9DukZ3e0s-x88jUIF9ihscWeMsRcojD4W-xxPjhgt1o-RATCuYxe5Be4K7Tk7bi0psL2vCoyyP2kE0qQ55Bmu-OAIPDleJ8Ci0cijK1rY25hX7R325IiQPRlxs4qiTxLnRblyAE9YB8Elc7mK3VM5_RqPAg5ufrKY2v83C8iCEmo12nJPKVtpsjLVBx-ahGzqbsk86kjZkpfo2F4-q_L1n-ds8s1wmVpFYKvwZkPswEHef9hElsBFgi7Lkg\" data-hovercard=\"\/ajax\/hovercard\/page.php?id=186990911384278&amp;extragetparams=%7B%22__tn__%22%3A%22%2CdK-R-R%22%2C%22eid%22%3A%22ARAWWo8OB1OLEV3H_Bs27rRmMH_JqQszrtoQFQCLKDC5zQB-7S0ADBXTjbJFze4EYeryoILXNIdZO2Tv%22%2C%22fref%22%3A%22mentions%22%7D\" data-hovercard-prefer-more-content-show=\"1\">CDAN \/ Centro de Arte y Naturaleza<\/a> i <strong>Alfred Porres<\/strong> director de L&#8217;Aula al Pati.<\/p>\n<p><span class=\"_5mfr\"><span class=\"_6qdm\">L&#8217;emissi\u00f3 es realitzar\u00e0 a trav\u00e9s del <strong>canal de Facebook<\/strong> de Lo Pati: <a href=\"https:\/\/www.facebook.com\/centreartlopati\" target=\"_blank\" rel=\"noopener noreferrer\">https:\/\/www.facebook.com\/centreartlopati<\/a><\/span><\/span><\/p>\n<div class=\"text_exposed_show\">\n<p><a class=\"_58cn\" href=\"https:\/\/www.facebook.com\/hashtag\/lopatidecada?__eep__=6&amp;source=feed_text&amp;epa=HASHTAG&amp;__xts__%5B0%5D=68.ARBdzZTQPCqRiS5pZGVVLQsdAuwL3IOD6ZY17PQLE6Zwi2S0VHkhHI91hY2ADq6jQz9_OdAGazund0Qqpb1c0nNZo2N1hwQ9DukZ3e0s-x88jUIF9ihscWeMsRcojD4W-xxPjhgt1o-RATCuYxe5Be4K7Tk7bi0psL2vCoyyP2kE0qQ55Bmu-OAIPDleJ8Ci0cijK1rY25hX7R325IiQPRlxs4qiTxLnRblyAE9YB8Elc7mK3VM5_RqPAg5ufrKY2v83C8iCEmo12nJPKVtpsjLVBx-ahGzqbsk86kjZkpfo2F4-q_L1n-ds8s1wmVpFYKvwZkPswEHef9hElsBFgi7Lkg&amp;__tn__=%2ANK-R\" data-ft=\"{&quot;type&quot;:104,&quot;tn&quot;:&quot;*N&quot;}\"><span class=\"_5afx\"><span class=\"_58cl _5afz\" aria-label=\"etiqueta\">#<\/span><span class=\"_58cm\">lopatidecada<\/span><\/span><\/a> <a class=\"_58cn\" href=\"https:\/\/www.facebook.com\/hashtag\/confinats?__eep__=6&amp;source=feed_text&amp;epa=HASHTAG&amp;__xts__%5B0%5D=68.ARBdzZTQPCqRiS5pZGVVLQsdAuwL3IOD6ZY17PQLE6Zwi2S0VHkhHI91hY2ADq6jQz9_OdAGazund0Qqpb1c0nNZo2N1hwQ9DukZ3e0s-x88jUIF9ihscWeMsRcojD4W-xxPjhgt1o-RATCuYxe5Be4K7Tk7bi0psL2vCoyyP2kE0qQ55Bmu-OAIPDleJ8Ci0cijK1rY25hX7R325IiQPRlxs4qiTxLnRblyAE9YB8Elc7mK3VM5_RqPAg5ufrKY2v83C8iCEmo12nJPKVtpsjLVBx-ahGzqbsk86kjZkpfo2F4-q_L1n-ds8s1wmVpFYKvwZkPswEHef9hElsBFgi7Lkg&amp;__tn__=%2ANK-R\" data-ft=\"{&quot;type&quot;:104,&quot;tn&quot;:&quot;*N&quot;}\"><span class=\"_5afx\"><span class=\"_58cl _5afz\" aria-label=\"etiqueta\">#<\/span><span class=\"_58cm\">confinats<\/span><\/span><\/a> <a class=\"_58cn\" href=\"https:\/\/www.facebook.com\/hashtag\/educacio?__eep__=6&amp;source=feed_text&amp;epa=HASHTAG&amp;__xts__%5B0%5D=68.ARBdzZTQPCqRiS5pZGVVLQsdAuwL3IOD6ZY17PQLE6Zwi2S0VHkhHI91hY2ADq6jQz9_OdAGazund0Qqpb1c0nNZo2N1hwQ9DukZ3e0s-x88jUIF9ihscWeMsRcojD4W-xxPjhgt1o-RATCuYxe5Be4K7Tk7bi0psL2vCoyyP2kE0qQ55Bmu-OAIPDleJ8Ci0cijK1rY25hX7R325IiQPRlxs4qiTxLnRblyAE9YB8Elc7mK3VM5_RqPAg5ufrKY2v83C8iCEmo12nJPKVtpsjLVBx-ahGzqbsk86kjZkpfo2F4-q_L1n-ds8s1wmVpFYKvwZkPswEHef9hElsBFgi7Lkg&amp;__tn__=%2ANK-R\" data-ft=\"{&quot;type&quot;:104,&quot;tn&quot;:&quot;*N&quot;}\"><span class=\"_5afx\"><span class=\"_58cl _5afz\" aria-label=\"etiqueta\">#<\/span><span class=\"_58cm\">educacio<\/span><\/span><\/a><\/p>\n<\/div>\n","protected":false},"excerpt":{"rendered":"<p>Com encara l&#8217;educaci\u00f3 el #desconfinament? Qu\u00e8 passa amb les activitats educatives als centres d&#8217;art? Aquests seran els temes que es [&hellip;]<\/p>\n","protected":false},"author":1,"featured_media":11656,"comment_status":"closed","ping_status":"closed","sticky":false,"template":"","format":"standard","meta":{"_bbp_topic_count":0,"_bbp_reply_count":0,"_bbp_total_topic_count":0,"_bbp_total_reply_count":0,"_bbp_voice_count":0,"_bbp_anonymous_reply_count":0,"_bbp_topic_count_hidden":0,"_bbp_reply_count_hidden":0,"_bbp_forum_subforum_count":0,"site-sidebar-layout":"default","site-content-layout":"","ast-site-content-layout":"","site-content-style":"default","site-sidebar-style":"default","ast-global-header-display":"","ast-banner-title-visibility":"","ast-main-header-display":"","ast-hfb-above-header-display":"","ast-hfb-below-header-display":"","ast-hfb-mobile-header-display":"","site-post-title":"","ast-breadcrumbs-content":"","ast-featured-img":"","footer-sml-layout":"","theme-transparent-header-meta":"","adv-header-id-meta":"","stick-header-meta":"","header-above-stick-meta":"","header-main-stick-meta":"","header-below-stick-meta":"","astra-migrate-meta-layouts":"default","ast-page-background-enabled":"default","ast-page-background-meta":{"desktop":{"background-color":"var(--ast-global-color-4)","background-image":"","background-repeat":"repeat","background-position":"center center","background-size":"auto","background-attachment":"scroll","background-type":"","background-media":"","overlay-type":"","overlay-color":"","overlay-opacity":"","overlay-gradient":""},"tablet":{"background-color":"","background-image":"","background-repeat":"repeat","background-position":"center center","background-size":"auto","background-attachment":"scroll","background-type":"","background-media":"","overlay-type":"","overlay-color":"","overlay-opacity":"","overlay-gradient":""},"mobile":{"background-color":"","background-image":"","background-repeat":"repeat","background-position":"center center","background-size":"auto","background-attachment":"scroll","background-type":"","background-media":"","overlay-type":"","overlay-color":"","overlay-opacity":"","overlay-gradient":""}},"ast-content-background-meta":{"desktop":{"background-color":"var(--ast-global-color-5)","background-image":"","background-repeat":"repeat","background-position":"center center","background-size":"auto","background-attachment":"scroll","background-type":"","background-media":"","overlay-type":"","overlay-color":"","overlay-opacity":"","overlay-gradient":""},"tablet":{"background-color":"var(--ast-global-color-5)","background-image":"","background-repeat":"repeat","background-position":"center center","background-size":"auto","background-attachment":"scroll","background-type":"","background-media":"","overlay-type":"","overlay-color":"","overlay-opacity":"","overlay-gradient":""},"mobile":{"background-color":"var(--ast-global-color-5)","background-image":"","background-repeat":"repeat","background-position":"center center","background-size":"auto","background-attachment":"scroll","background-type":"","background-media":"","overlay-type":"","overlay-color":"","overlay-opacity":"","overlay-gradient":""}},"footnotes":""},"categories":[300,1,29],"tags":[],"class_list":["post-11655","post","type-post","status-publish","format-standard","has-post-thumbnail","hentry","category-covid-19","category-general","category-portada"],"post_mailing_queue_ids":[],"_links":{"self":[{"href":"https:\/\/serveiseducatius.xtec.cat\/montsia\/wp-json\/wp\/v2\/posts\/11655","targetHints":{"allow":["GET"]}}],"collection":[{"href":"https:\/\/serveiseducatius.xtec.cat\/montsia\/wp-json\/wp\/v2\/posts"}],"about":[{"href":"https:\/\/serveiseducatius.xtec.cat\/montsia\/wp-json\/wp\/v2\/types\/post"}],"author":[{"embeddable":true,"href":"https:\/\/serveiseducatius.xtec.cat\/montsia\/wp-json\/wp\/v2\/users\/1"}],"replies":[{"embeddable":true,"href":"https:\/\/serveiseducatius.xtec.cat\/montsia\/wp-json\/wp\/v2\/comments?post=11655"}],"version-history":[{"count":1,"href":"https:\/\/serveiseducatius.xtec.cat\/montsia\/wp-json\/wp\/v2\/posts\/11655\/revisions"}],"predecessor-version":[{"id":11657,"href":"https:\/\/serveiseducatius.xtec.cat\/montsia\/wp-json\/wp\/v2\/posts\/11655\/revisions\/11657"}],"wp:featuredmedia":[{"embeddable":true,"href":"https:\/\/serveiseducatius.xtec.cat\/montsia\/wp-json\/wp\/v2\/media\/11656"}],"wp:attachment":[{"href":"https:\/\/serveiseducatius.xtec.cat\/montsia\/wp-json\/wp\/v2\/media?parent=11655"}],"wp:term":[{"taxonomy":"category","embeddable":true,"href":"https:\/\/serveiseducatius.xtec.cat\/montsia\/wp-json\/wp\/v2\/categories?post=11655"},{"taxonomy":"post_tag","embeddable":true,"href":"https:\/\/serveiseducatius.xtec.cat\/montsia\/wp-json\/wp\/v2\/tags?post=11655"}],"curies":[{"name":"wp","href":"https:\/\/api.w.org\/{rel}","templated":true}]}}