{"id":9398,"date":"2022-09-23T19:33:33","date_gmt":"2022-09-23T17:33:33","guid":{"rendered":"https:\/\/serveiseducatius.xtec.cat\/mataro\/?p=9398"},"modified":"2022-09-23T19:33:33","modified_gmt":"2022-09-23T17:33:33","slug":"iv-jornada-stem-a-lespai","status":"publish","type":"post","link":"https:\/\/serveiseducatius.xtec.cat\/mataro\/general\/iv-jornada-stem-a-lespai\/","title":{"rendered":"IV Jornada Stem a l&#8217;espai"},"content":{"rendered":"<p style=\"font-weight: 400;\">El proper <strong>dissabte 1 d\u2019octubre<\/strong>\u00a0tindr\u00e0 lloc la IV Jornada a l\u2019<u><a href=\"https:\/\/www.google.com\/maps\/place\/UPC+Escola+d'Enginyeria+de+Telecomunicaci%C3%B3+i+Aeroespacial+de+Castelldefels+(EETAC)\/@41.2741999,1.9861879,17z\/data=!4m5!3m4!1s0x0:0x53aec7154de459b3!8m2!3d41.2755182!4d1.9872179\" data-saferedirecturl=\"https:\/\/www.google.com\/url?q=https:\/\/www.google.com\/maps\/place\/UPC%2BEscola%2Bd'Enginyeria%2Bde%2BTelecomunicaci%25C3%25B3%2Bi%2BAeroespacial%2Bde%2BCastelldefels%2B(EETAC)\/@41.2741999,1.9861879,17z\/data%3D!4m5!3m4!1s0x0:0x53aec7154de459b3!8m2!3d41.2755182!4d1.9872179&amp;source=gmail&amp;ust=1664039482410000&amp;usg=AOvVaw3lkdX9jYcb5wE9i8HzOZh4\">Escola d\u2019Enginyeria deTelecomunicaci\u00f3 i Aeroespacial de Castelldefels<\/a><\/u>. La inscripci\u00f3 est\u00e0 oberta a trav\u00e9s del seg\u00fcent <u><a href=\"https:\/\/docs.google.com\/forms\/d\/e\/1FAIpQLSe0MVZkhn1C8CVQ8qPN2ykRgD36vhy61YpSv5ghF4eivdenXw\/viewform\" data-saferedirecturl=\"https:\/\/www.google.com\/url?q=https:\/\/docs.google.com\/forms\/d\/e\/1FAIpQLSe0MVZkhn1C8CVQ8qPN2ykRgD36vhy61YpSv5ghF4eivdenXw\/viewform&amp;source=gmail&amp;ust=1664039482410000&amp;usg=AOvVaw36lvrCVeuDGg_oYP39rLvY\">Formulari d\u2019assist\u00e8ncia<\/a><\/u> fins <strong>dilluns 26 de setembre<\/strong>.<\/p>\n<p style=\"font-weight: 400;\">La jornada comptar\u00e0 amb una confer\u00e8ncia plen\u00e0ria i una taula rodona sobre la sostenibilitat a l\u2019espai. Tamb\u00e9 hi tindr\u00e0 un paper destacat la presentaci\u00f3 del Programa educatiu de l\u2019Estrat\u00e8gia NewSpace de Catalunya. Tots els tallers i fires i gaireb\u00e9 totes les pon\u00e8ncies s\u00f3n presencials, aix\u00f2 facilitar\u00e0 la participaci\u00f3 i l\u2019intercanvi d\u2019informacions diverses entre ponents i assistents.<\/p>\n<p style=\"font-weight: 400;\">Horaris i continguts: <u><a href=\"https:\/\/drive.google.com\/file\/d\/1KOajVceLr6ToNxCh9OvjCzOQHLs6uwst\/view\" data-saferedirecturl=\"https:\/\/www.google.com\/url?q=https:\/\/drive.google.com\/file\/d\/1KOajVceLr6ToNxCh9OvjCzOQHLs6uwst\/view&amp;source=gmail&amp;ust=1664039482410000&amp;usg=AOvVaw2GdH_L7pvnlVc5P93fxSe3\">Programa preliminar de la Jornada<\/a><\/u>.<\/p>\n<p style=\"font-weight: 400;\">L\u2019aperitiu de la jornada ser\u00e0 el vespre\/nit del divendres anterior, 30 de setembre, on es transmetr\u00e0 una activitat d\u2019observaci\u00f3 des d\u2019un observatori de Catalunya.<\/p>\n<p style=\"font-weight: 400;\">En el formulari es pot fer la tria dels tallers en qu\u00e8 es vulgui participar. Cal dur ordinador port\u00e0til (\u00e9s necessari en la majoria de tallers).<\/p>\n<p style=\"font-weight: 400;\">Les pon\u00e8ncies de les sales 1 i 2 s\u2019enregistraran i es podran visualitzar-les m\u00e9s endavant, un cop acabada la jornada.<\/p>\n","protected":false},"excerpt":{"rendered":"<p>El proper dissabte 1 d\u2019octubre\u00a0tindr\u00e0 lloc la IV Jornada a l\u2019Escola d\u2019Enginyeria deTelecomunicaci\u00f3 i Aeroespacial de Castelldefels. La inscripci\u00f3 est\u00e0 [&hellip;]<\/p>\n","protected":false},"author":1,"featured_media":9399,"comment_status":"open","ping_status":"closed","sticky":false,"template":"","format":"standard","meta":{"_bbp_topic_count":0,"_bbp_reply_count":0,"_bbp_total_topic_count":0,"_bbp_total_reply_count":0,"_bbp_voice_count":0,"_bbp_anonymous_reply_count":0,"_bbp_topic_count_hidden":0,"_bbp_reply_count_hidden":0,"_bbp_forum_subforum_count":0,"site-sidebar-layout":"default","site-content-layout":"","ast-site-content-layout":"","site-content-style":"default","site-sidebar-style":"default","ast-global-header-display":"","ast-banner-title-visibility":"","ast-main-header-display":"","ast-hfb-above-header-display":"","ast-hfb-below-header-display":"","ast-hfb-mobile-header-display":"","site-post-title":"","ast-breadcrumbs-content":"","ast-featured-img":"","footer-sml-layout":"","theme-transparent-header-meta":"","adv-header-id-meta":"","stick-header-meta":"","header-above-stick-meta":"","header-main-stick-meta":"","header-below-stick-meta":"","astra-migrate-meta-layouts":"default","ast-page-background-enabled":"default","ast-page-background-meta":{"desktop":{"background-color":"var(--ast-global-color-4)","background-image":"","background-repeat":"repeat","background-position":"center center","background-size":"auto","background-attachment":"scroll","background-type":"","background-media":"","overlay-type":"","overlay-color":"","overlay-opacity":"","overlay-gradient":""},"tablet":{"background-color":"","background-image":"","background-repeat":"repeat","background-position":"center center","background-size":"auto","background-attachment":"scroll","background-type":"","background-media":"","overlay-type":"","overlay-color":"","overlay-opacity":"","overlay-gradient":""},"mobile":{"background-color":"","background-image":"","background-repeat":"repeat","background-position":"center center","background-size":"auto","background-attachment":"scroll","background-type":"","background-media":"","overlay-type":"","overlay-color":"","overlay-opacity":"","overlay-gradient":""}},"ast-content-background-meta":{"desktop":{"background-color":"var(--ast-global-color-5)","background-image":"","background-repeat":"repeat","background-position":"center center","background-size":"auto","background-attachment":"scroll","background-type":"","background-media":"","overlay-type":"","overlay-color":"","overlay-opacity":"","overlay-gradient":""},"tablet":{"background-color":"var(--ast-global-color-5)","background-image":"","background-repeat":"repeat","background-position":"center center","background-size":"auto","background-attachment":"scroll","background-type":"","background-media":"","overlay-type":"","overlay-color":"","overlay-opacity":"","overlay-gradient":""},"mobile":{"background-color":"var(--ast-global-color-5)","background-image":"","background-repeat":"repeat","background-position":"center center","background-size":"auto","background-attachment":"scroll","background-type":"","background-media":"","overlay-type":"","overlay-color":"","overlay-opacity":"","overlay-gradient":""}},"footnotes":""},"categories":[299,1,296,29],"tags":[],"class_list":["post-9398","post","type-post","status-publish","format-standard","has-post-thumbnail","hentry","category-formacio","category-general","category-se-mataro","category-portada"],"post_mailing_queue_ids":[],"_links":{"self":[{"href":"https:\/\/serveiseducatius.xtec.cat\/mataro\/wp-json\/wp\/v2\/posts\/9398","targetHints":{"allow":["GET"]}}],"collection":[{"href":"https:\/\/serveiseducatius.xtec.cat\/mataro\/wp-json\/wp\/v2\/posts"}],"about":[{"href":"https:\/\/serveiseducatius.xtec.cat\/mataro\/wp-json\/wp\/v2\/types\/post"}],"author":[{"embeddable":true,"href":"https:\/\/serveiseducatius.xtec.cat\/mataro\/wp-json\/wp\/v2\/users\/1"}],"replies":[{"embeddable":true,"href":"https:\/\/serveiseducatius.xtec.cat\/mataro\/wp-json\/wp\/v2\/comments?post=9398"}],"version-history":[{"count":1,"href":"https:\/\/serveiseducatius.xtec.cat\/mataro\/wp-json\/wp\/v2\/posts\/9398\/revisions"}],"predecessor-version":[{"id":9400,"href":"https:\/\/serveiseducatius.xtec.cat\/mataro\/wp-json\/wp\/v2\/posts\/9398\/revisions\/9400"}],"wp:featuredmedia":[{"embeddable":true,"href":"https:\/\/serveiseducatius.xtec.cat\/mataro\/wp-json\/wp\/v2\/media\/9399"}],"wp:attachment":[{"href":"https:\/\/serveiseducatius.xtec.cat\/mataro\/wp-json\/wp\/v2\/media?parent=9398"}],"wp:term":[{"taxonomy":"category","embeddable":true,"href":"https:\/\/serveiseducatius.xtec.cat\/mataro\/wp-json\/wp\/v2\/categories?post=9398"},{"taxonomy":"post_tag","embeddable":true,"href":"https:\/\/serveiseducatius.xtec.cat\/mataro\/wp-json\/wp\/v2\/tags?post=9398"}],"curies":[{"name":"wp","href":"https:\/\/api.w.org\/{rel}","templated":true}]}}