{"id":8820,"date":"2021-11-02T18:15:47","date_gmt":"2021-11-02T17:15:47","guid":{"rendered":"https:\/\/serveiseducatius.xtec.cat\/mataro\/?p=8820"},"modified":"2021-11-02T18:15:47","modified_gmt":"2021-11-02T17:15:47","slug":"jornada-educar-a-letapa-0-6-situacio-actual-i-perspectives","status":"publish","type":"post","link":"https:\/\/serveiseducatius.xtec.cat\/mataro\/general\/jornada-educar-a-letapa-0-6-situacio-actual-i-perspectives\/","title":{"rendered":"Jornada: Educar a l&#8217;etapa 0-6: Situaci\u00f3 actual i perspectives"},"content":{"rendered":"<p style=\"font-weight: 400;\">La Federaci\u00f3 de Moviments de Renovaci\u00f3 Pedag\u00f2gica de Catalunya presenta la jornada &#8220;Educar a l&#8217;Etapa 0-6: Situaci\u00f3 actual i perspectives&#8221;.<br \/>\n4 de novembre, de 17:45 a 20:00h<br \/>\nBiblioteca Antoni Comas. Matar\u00f3.<br \/>\nYoutube FMRPC<\/p>\n<p style=\"font-weight: 400;\">Amb la presentaci\u00f3 i moderaci\u00f3 de l&#8217;equip Coordinador de la FMRPC:<\/p>\n<p style=\"font-weight: 400;\">Confer\u00e8ncia: <em>Caracter\u00edstiques de l&#8217;etapa 0-6 anys<\/em><br \/>\n<strong>Elisenda Pascual<\/strong>, Psic\u00f2loga i fundadora d&#8217;Acompanyament Familiar<\/p>\n<p>Taula Rodona:\u00a0<em>El 0-6, una etapa educativa.<\/em><br \/>\n<strong>Teresa Sambola<\/strong>, Coordinadora de l&#8217;\u00e0rea d&#8217;Educaci\u00f3, Esports i Joventut de la Diputaci\u00f3 de Barcelona.<br \/>\n<strong>Rafael Homet<\/strong>, Assessor d&#8217;Educaci\u00f3 de l&#8217;Ajuntament de Terrassa.<br \/>\n<strong>Mireia Della Marcet<\/strong>, Educadora del 0-3, membre de CCOO Educaci\u00f3.<br \/>\n<strong>Anna Castro<\/strong>, Membre de la Coordinadora d&#8217;EB de Catalunya de la FMRPC<\/p>\n<p>Intervenci\u00f3 final:<br \/>\nDepartament d&#8217;Educaci\u00f3: Pol\u00edtiques educatives en aquest \u00e0mbit.<\/p>\n<p>Inscripcions:\u00a0<a href=\"https:\/\/forms.gle\/GQnQnfUCfBuvxkTf7\" data-saferedirecturl=\"https:\/\/www.google.com\/url?q=https:\/\/forms.gle\/GQnQnfUCfBuvxkTf7&amp;source=gmail&amp;ust=1635923440653000&amp;usg=AFQjCNHK6SQ0dYwrPrLtacTYVZhwsUpSEA\">FORMULARI<\/a><\/p>\n<p style=\"font-weight: 400;\">M\u00e9s informaci\u00f3 al <a href=\"http:\/\/www.mrp.cat\/inici\/383\/jornada-0-6\" data-saferedirecturl=\"https:\/\/www.google.com\/url?q=http:\/\/www.mrp.cat\/inici\/383\/jornada-0-6&amp;source=gmail&amp;ust=1635923440653000&amp;usg=AFQjCNGIAdq0PwZfwwh8DAbfl3ZnpH25yg\">web<\/a>.<\/p>\n","protected":false},"excerpt":{"rendered":"<p>La Federaci\u00f3 de Moviments de Renovaci\u00f3 Pedag\u00f2gica de Catalunya presenta la jornada &#8220;Educar a l&#8217;Etapa 0-6: Situaci\u00f3 actual i perspectives&#8221;. [&hellip;]<\/p>\n","protected":false},"author":1,"featured_media":8821,"comment_status":"open","ping_status":"closed","sticky":false,"template":"","format":"standard","meta":{"_bbp_topic_count":0,"_bbp_reply_count":0,"_bbp_total_topic_count":0,"_bbp_total_reply_count":0,"_bbp_voice_count":0,"_bbp_anonymous_reply_count":0,"_bbp_topic_count_hidden":0,"_bbp_reply_count_hidden":0,"_bbp_forum_subforum_count":0,"site-sidebar-layout":"default","site-content-layout":"","ast-site-content-layout":"","site-content-style":"default","site-sidebar-style":"default","ast-global-header-display":"","ast-banner-title-visibility":"","ast-main-header-display":"","ast-hfb-above-header-display":"","ast-hfb-below-header-display":"","ast-hfb-mobile-header-display":"","site-post-title":"","ast-breadcrumbs-content":"","ast-featured-img":"","footer-sml-layout":"","theme-transparent-header-meta":"","adv-header-id-meta":"","stick-header-meta":"","header-above-stick-meta":"","header-main-stick-meta":"","header-below-stick-meta":"","astra-migrate-meta-layouts":"default","ast-page-background-enabled":"default","ast-page-background-meta":{"desktop":{"background-color":"var(--ast-global-color-4)","background-image":"","background-repeat":"repeat","background-position":"center center","background-size":"auto","background-attachment":"scroll","background-type":"","background-media":"","overlay-type":"","overlay-color":"","overlay-opacity":"","overlay-gradient":""},"tablet":{"background-color":"","background-image":"","background-repeat":"repeat","background-position":"center center","background-size":"auto","background-attachment":"scroll","background-type":"","background-media":"","overlay-type":"","overlay-color":"","overlay-opacity":"","overlay-gradient":""},"mobile":{"background-color":"","background-image":"","background-repeat":"repeat","background-position":"center center","background-size":"auto","background-attachment":"scroll","background-type":"","background-media":"","overlay-type":"","overlay-color":"","overlay-opacity":"","overlay-gradient":""}},"ast-content-background-meta":{"desktop":{"background-color":"var(--ast-global-color-5)","background-image":"","background-repeat":"repeat","background-position":"center center","background-size":"auto","background-attachment":"scroll","background-type":"","background-media":"","overlay-type":"","overlay-color":"","overlay-opacity":"","overlay-gradient":""},"tablet":{"background-color":"var(--ast-global-color-5)","background-image":"","background-repeat":"repeat","background-position":"center center","background-size":"auto","background-attachment":"scroll","background-type":"","background-media":"","overlay-type":"","overlay-color":"","overlay-opacity":"","overlay-gradient":""},"mobile":{"background-color":"var(--ast-global-color-5)","background-image":"","background-repeat":"repeat","background-position":"center center","background-size":"auto","background-attachment":"scroll","background-type":"","background-media":"","overlay-type":"","overlay-color":"","overlay-opacity":"","overlay-gradient":""}},"footnotes":""},"categories":[299,1,296,29],"tags":[],"class_list":["post-8820","post","type-post","status-publish","format-standard","has-post-thumbnail","hentry","category-formacio","category-general","category-se-mataro","category-portada"],"post_mailing_queue_ids":[],"_links":{"self":[{"href":"https:\/\/serveiseducatius.xtec.cat\/mataro\/wp-json\/wp\/v2\/posts\/8820","targetHints":{"allow":["GET"]}}],"collection":[{"href":"https:\/\/serveiseducatius.xtec.cat\/mataro\/wp-json\/wp\/v2\/posts"}],"about":[{"href":"https:\/\/serveiseducatius.xtec.cat\/mataro\/wp-json\/wp\/v2\/types\/post"}],"author":[{"embeddable":true,"href":"https:\/\/serveiseducatius.xtec.cat\/mataro\/wp-json\/wp\/v2\/users\/1"}],"replies":[{"embeddable":true,"href":"https:\/\/serveiseducatius.xtec.cat\/mataro\/wp-json\/wp\/v2\/comments?post=8820"}],"version-history":[{"count":1,"href":"https:\/\/serveiseducatius.xtec.cat\/mataro\/wp-json\/wp\/v2\/posts\/8820\/revisions"}],"predecessor-version":[{"id":8822,"href":"https:\/\/serveiseducatius.xtec.cat\/mataro\/wp-json\/wp\/v2\/posts\/8820\/revisions\/8822"}],"wp:featuredmedia":[{"embeddable":true,"href":"https:\/\/serveiseducatius.xtec.cat\/mataro\/wp-json\/wp\/v2\/media\/8821"}],"wp:attachment":[{"href":"https:\/\/serveiseducatius.xtec.cat\/mataro\/wp-json\/wp\/v2\/media?parent=8820"}],"wp:term":[{"taxonomy":"category","embeddable":true,"href":"https:\/\/serveiseducatius.xtec.cat\/mataro\/wp-json\/wp\/v2\/categories?post=8820"},{"taxonomy":"post_tag","embeddable":true,"href":"https:\/\/serveiseducatius.xtec.cat\/mataro\/wp-json\/wp\/v2\/tags?post=8820"}],"curies":[{"name":"wp","href":"https:\/\/api.w.org\/{rel}","templated":true}]}}