{"id":8797,"date":"2021-10-29T12:51:12","date_gmt":"2021-10-29T10:51:12","guid":{"rendered":"https:\/\/serveiseducatius.xtec.cat\/mataro\/?p=8797"},"modified":"2021-10-29T12:51:12","modified_gmt":"2021-10-29T10:51:12","slug":"setmana-europea-de-la-prevencio-de-residus","status":"publish","type":"post","link":"https:\/\/serveiseducatius.xtec.cat\/mataro\/general\/setmana-europea-de-la-prevencio-de-residus\/","title":{"rendered":"Setmana europea de la prevenci\u00f3 de residus"},"content":{"rendered":"<div class=\"col-sm-8 basic_text_peq\">\n<div class=\"pd-15x\">\n<p>La 13 edici\u00f3 de la Setmana Europea de la Prevenci\u00f3 de Residus tindr\u00e0 lloc del <strong>20 al 28 de novembre de 2021<\/strong> i el dia tem\u00e0tic posa el focus en el binomi <a href=\"https:\/\/eur03.safelinks.protection.outlook.com\/?url=http%3A%2F%2Fresidus.gencat.cat%2Fca%2Fambits_dactuacio%2Fprevencio%2Fsetmana_europea%2Fdies_tematics%2F&amp;data=04%7C01%7Cpperezc%40gencat.cat%7Ca9aca4300ced42009f5708d995341a02%7C3b9427dcd30e43bc8c06ff7253676fec%7C1%7C0%7C637704873288722545%7CUnknown%7CTWFpbGZsb3d8eyJWIjoiMC4wLjAwMDAiLCJQIjoiV2luMzIiLCJBTiI6Ik1haWwiLCJXVCI6Mn0%3D%7C1000&amp;sdata=BPTdG3Ed0OEpX%2BIFDQLjIC%2BYvWT6Mf%2BiQqugWq6dOAo%3D&amp;reserved=0\" data-saferedirecturl=\"https:\/\/www.google.com\/url?q=https:\/\/eur03.safelinks.protection.outlook.com\/?url%3Dhttp%253A%252F%252Fresidus.gencat.cat%252Fca%252Fambits_dactuacio%252Fprevencio%252Fsetmana_europea%252Fdies_tematics%252F%26data%3D04%257C01%257Cpperezc%2540gencat.cat%257Ca9aca4300ced42009f5708d995341a02%257C3b9427dcd30e43bc8c06ff7253676fec%257C1%257C0%257C637704873288722545%257CUnknown%257CTWFpbGZsb3d8eyJWIjoiMC4wLjAwMDAiLCJQIjoiV2luMzIiLCJBTiI6Ik1haWwiLCJXVCI6Mn0%253D%257C1000%26sdata%3DBPTdG3Ed0OEpX%252BIFDQLjIC%252BYvWT6Mf%252BiQqugWq6dOAo%253D%26reserved%3D0&amp;source=gmail&amp;ust=1635418474880000&amp;usg=AFQjCNGQqY5RWQlDwR4JLsYnHf6mScTNjA\">comunitats circulars, comunitats sostenibles<\/a>, treballem plegats per un planeta amb residus zero!<\/p>\n<p>A l&#8217;<a href=\"http:\/\/residus.gencat.cat\/ca\/ambits_dactuacio\/prevencio\/setmana_europea\/\" target=\"_blank\" rel=\"noopener\">espai web<\/a> es facilita el<a href=\"https:\/\/eur03.safelinks.protection.outlook.com\/?url=http%3A%2F%2Fresidus.gencat.cat%2Fca%2Fambits_dactuacio%2Fprevencio%2Fsetmana_europea%2Fcataleg_accions_de_prevencio%2F&amp;data=04%7C01%7Cpperezc%40gencat.cat%7Ca9aca4300ced42009f5708d995341a02%7C3b9427dcd30e43bc8c06ff7253676fec%7C1%7C0%7C637704873288712551%7CUnknown%7CTWFpbGZsb3d8eyJWIjoiMC4wLjAwMDAiLCJQIjoiV2luMzIiLCJBTiI6Ik1haWwiLCJXVCI6Mn0%3D%7C1000&amp;sdata=t9IGMnib8S1DehZg%2FtHjwbPnMqBBQjVq04fDswzh5wk%3D&amp;reserved=0\" data-saferedirecturl=\"https:\/\/www.google.com\/url?q=https:\/\/eur03.safelinks.protection.outlook.com\/?url%3Dhttp%253A%252F%252Fresidus.gencat.cat%252Fca%252Fambits_dactuacio%252Fprevencio%252Fsetmana_europea%252Fcataleg_accions_de_prevencio%252F%26data%3D04%257C01%257Cpperezc%2540gencat.cat%257Ca9aca4300ced42009f5708d995341a02%257C3b9427dcd30e43bc8c06ff7253676fec%257C1%257C0%257C637704873288712551%257CUnknown%257CTWFpbGZsb3d8eyJWIjoiMC4wLjAwMDAiLCJQIjoiV2luMzIiLCJBTiI6Ik1haWwiLCJXVCI6Mn0%253D%257C1000%26sdata%3Dt9IGMnib8S1DehZg%252FtHjwbPnMqBBQjVq04fDswzh5wk%253D%26reserved%3D0&amp;source=gmail&amp;ust=1635418474880000&amp;usg=AFQjCNGlMPsMuvuMtJsdkveQZ0TV_8-xJg\">\u00a0cat\u00e0leg d\u2019accions,<\/a> amb idees, eines i fitxes descriptives per crear un taller, un mercat o una campanya que ajudin a reduir la generaci\u00f3 de residus; el proc\u00e9s per registrar\u2013la\u00a0al\u00a0<a href=\"https:\/\/eur03.safelinks.protection.outlook.com\/?url=http%3A%2F%2Fsdr.arc.cat%2Fsdr%2FGetLogin.do&amp;data=04%7C01%7Cpperezc%40gencat.cat%7Ca9aca4300ced42009f5708d995341a02%7C3b9427dcd30e43bc8c06ff7253676fec%7C1%7C0%7C637704873288722545%7CUnknown%7CTWFpbGZsb3d8eyJWIjoiMC4wLjAwMDAiLCJQIjoiV2luMzIiLCJBTiI6Ik1haWwiLCJXVCI6Mn0%3D%7C1000&amp;sdata=j5jPcl4EM5rfwGVctGWxf2ns02T76cLyYEk6XeFZvEQ%3D&amp;reserved=0\" data-saferedirecturl=\"https:\/\/www.google.com\/url?q=https:\/\/eur03.safelinks.protection.outlook.com\/?url%3Dhttp%253A%252F%252Fsdr.arc.cat%252Fsdr%252FGetLogin.do%26data%3D04%257C01%257Cpperezc%2540gencat.cat%257Ca9aca4300ced42009f5708d995341a02%257C3b9427dcd30e43bc8c06ff7253676fec%257C1%257C0%257C637704873288722545%257CUnknown%257CTWFpbGZsb3d8eyJWIjoiMC4wLjAwMDAiLCJQIjoiV2luMzIiLCJBTiI6Ik1haWwiLCJXVCI6Mn0%253D%257C1000%26sdata%3Dj5jPcl4EM5rfwGVctGWxf2ns02T76cLyYEk6XeFZvEQ%253D%26reserved%3D0&amp;source=gmail&amp;ust=1635418474880000&amp;usg=AFQjCNFztYNvJqoXlohhbDtubf2ShTSeMQ\">sistema<\/a> (fins el 4 de Novembre), i per difondre-la <a href=\"https:\/\/eur03.safelinks.protection.outlook.com\/?url=http%3A%2F%2Fwww.arc.cat%2Fagendaewwr%2F&amp;data=04%7C01%7Cpperezc%40gencat.cat%7Ca9aca4300ced42009f5708d995341a02%7C3b9427dcd30e43bc8c06ff7253676fec%7C1%7C0%7C637704873288732543%7CUnknown%7CTWFpbGZsb3d8eyJWIjoiMC4wLjAwMDAiLCJQIjoiV2luMzIiLCJBTiI6Ik1haWwiLCJXVCI6Mn0%3D%7C1000&amp;sdata=1pLID4V6d57varr0BJ7GV0nYilHbe5V%2FCRF9wBEAk%2BU%3D&amp;reserved=0\" data-saferedirecturl=\"https:\/\/www.google.com\/url?q=https:\/\/eur03.safelinks.protection.outlook.com\/?url%3Dhttp%253A%252F%252Fwww.arc.cat%252Fagendaewwr%252F%26data%3D04%257C01%257Cpperezc%2540gencat.cat%257Ca9aca4300ced42009f5708d995341a02%257C3b9427dcd30e43bc8c06ff7253676fec%257C1%257C0%257C637704873288732543%257CUnknown%257CTWFpbGZsb3d8eyJWIjoiMC4wLjAwMDAiLCJQIjoiV2luMzIiLCJBTiI6Ik1haWwiLCJXVCI6Mn0%253D%257C1000%26sdata%3D1pLID4V6d57varr0BJ7GV0nYilHbe5V%252FCRF9wBEAk%252BU%253D%26reserved%3D0&amp;source=gmail&amp;ust=1635418474880000&amp;usg=AFQjCNFlt6_GGFjU1bQ_XC6KopCDzitCRg\">entre la comunitat<\/a>.<\/p>\n<p>La Setmana Europea de la Prevenci\u00f3 de Residus neix d&#8217;un projecte de 3 anys que rep el suport del programa LIFE+ de la Comissi\u00f3 Europea. L&#8217;objectiu \u00e9s organitzar durant una mateixa setmana i arreu d&#8217;Europa, accions de sensibilitzaci\u00f3 sobre la prevenci\u00f3 de residus.<\/p>\n<p><strong>Una Setmana Europea per:<\/strong><\/p>\n<ul>\n<li>Donar a con\u00e8ixer estrat\u00e8gies de reducci\u00f3 de residus i la pol\u00edtica de la Uni\u00f3 Europea i dels seus Estats membres en aquesta mat\u00e8ria.<\/li>\n<li>Fomentar accions sostenibles per reduir els residus arreu d&#8217;Europa.<\/li>\n<li>Fer p\u00fablic les tasques dutes a terme pels diversos actors mitjan\u00e7ant exemples concrets de reducci\u00f3 de residus.<\/li>\n<li>Fer canviar el comportament quotidi\u00e0 dels europeus (consum, producci\u00f3).<\/li>\n<\/ul>\n<\/div>\n<\/div>\n<p>&nbsp;<\/p>\n","protected":false},"excerpt":{"rendered":"<p>La 13 edici\u00f3 de la Setmana Europea de la Prevenci\u00f3 de Residus tindr\u00e0 lloc del 20 al 28 de novembre [&hellip;]<\/p>\n","protected":false},"author":1,"featured_media":8798,"comment_status":"open","ping_status":"closed","sticky":false,"template":"","format":"standard","meta":{"_bbp_topic_count":0,"_bbp_reply_count":0,"_bbp_total_topic_count":0,"_bbp_total_reply_count":0,"_bbp_voice_count":0,"_bbp_anonymous_reply_count":0,"_bbp_topic_count_hidden":0,"_bbp_reply_count_hidden":0,"_bbp_forum_subforum_count":0,"site-sidebar-layout":"default","site-content-layout":"","ast-site-content-layout":"","site-content-style":"default","site-sidebar-style":"default","ast-global-header-display":"","ast-banner-title-visibility":"","ast-main-header-display":"","ast-hfb-above-header-display":"","ast-hfb-below-header-display":"","ast-hfb-mobile-header-display":"","site-post-title":"","ast-breadcrumbs-content":"","ast-featured-img":"","footer-sml-layout":"","theme-transparent-header-meta":"","adv-header-id-meta":"","stick-header-meta":"","header-above-stick-meta":"","header-main-stick-meta":"","header-below-stick-meta":"","astra-migrate-meta-layouts":"default","ast-page-background-enabled":"default","ast-page-background-meta":{"desktop":{"background-color":"var(--ast-global-color-4)","background-image":"","background-repeat":"repeat","background-position":"center center","background-size":"auto","background-attachment":"scroll","background-type":"","background-media":"","overlay-type":"","overlay-color":"","overlay-opacity":"","overlay-gradient":""},"tablet":{"background-color":"","background-image":"","background-repeat":"repeat","background-position":"center center","background-size":"auto","background-attachment":"scroll","background-type":"","background-media":"","overlay-type":"","overlay-color":"","overlay-opacity":"","overlay-gradient":""},"mobile":{"background-color":"","background-image":"","background-repeat":"repeat","background-position":"center center","background-size":"auto","background-attachment":"scroll","background-type":"","background-media":"","overlay-type":"","overlay-color":"","overlay-opacity":"","overlay-gradient":""}},"ast-content-background-meta":{"desktop":{"background-color":"var(--ast-global-color-5)","background-image":"","background-repeat":"repeat","background-position":"center center","background-size":"auto","background-attachment":"scroll","background-type":"","background-media":"","overlay-type":"","overlay-color":"","overlay-opacity":"","overlay-gradient":""},"tablet":{"background-color":"var(--ast-global-color-5)","background-image":"","background-repeat":"repeat","background-position":"center center","background-size":"auto","background-attachment":"scroll","background-type":"","background-media":"","overlay-type":"","overlay-color":"","overlay-opacity":"","overlay-gradient":""},"mobile":{"background-color":"var(--ast-global-color-5)","background-image":"","background-repeat":"repeat","background-position":"center center","background-size":"auto","background-attachment":"scroll","background-type":"","background-media":"","overlay-type":"","overlay-color":"","overlay-opacity":"","overlay-gradient":""}},"footnotes":""},"categories":[1,296,29],"tags":[],"class_list":["post-8797","post","type-post","status-publish","format-standard","has-post-thumbnail","hentry","category-general","category-se-mataro","category-portada"],"post_mailing_queue_ids":[],"_links":{"self":[{"href":"https:\/\/serveiseducatius.xtec.cat\/mataro\/wp-json\/wp\/v2\/posts\/8797","targetHints":{"allow":["GET"]}}],"collection":[{"href":"https:\/\/serveiseducatius.xtec.cat\/mataro\/wp-json\/wp\/v2\/posts"}],"about":[{"href":"https:\/\/serveiseducatius.xtec.cat\/mataro\/wp-json\/wp\/v2\/types\/post"}],"author":[{"embeddable":true,"href":"https:\/\/serveiseducatius.xtec.cat\/mataro\/wp-json\/wp\/v2\/users\/1"}],"replies":[{"embeddable":true,"href":"https:\/\/serveiseducatius.xtec.cat\/mataro\/wp-json\/wp\/v2\/comments?post=8797"}],"version-history":[{"count":1,"href":"https:\/\/serveiseducatius.xtec.cat\/mataro\/wp-json\/wp\/v2\/posts\/8797\/revisions"}],"predecessor-version":[{"id":8799,"href":"https:\/\/serveiseducatius.xtec.cat\/mataro\/wp-json\/wp\/v2\/posts\/8797\/revisions\/8799"}],"wp:featuredmedia":[{"embeddable":true,"href":"https:\/\/serveiseducatius.xtec.cat\/mataro\/wp-json\/wp\/v2\/media\/8798"}],"wp:attachment":[{"href":"https:\/\/serveiseducatius.xtec.cat\/mataro\/wp-json\/wp\/v2\/media?parent=8797"}],"wp:term":[{"taxonomy":"category","embeddable":true,"href":"https:\/\/serveiseducatius.xtec.cat\/mataro\/wp-json\/wp\/v2\/categories?post=8797"},{"taxonomy":"post_tag","embeddable":true,"href":"https:\/\/serveiseducatius.xtec.cat\/mataro\/wp-json\/wp\/v2\/tags?post=8797"}],"curies":[{"name":"wp","href":"https:\/\/api.w.org\/{rel}","templated":true}]}}