{"id":8778,"date":"2021-10-21T16:28:07","date_gmt":"2021-10-21T14:28:07","guid":{"rendered":"https:\/\/serveiseducatius.xtec.cat\/mataro\/?p=8778"},"modified":"2021-10-21T17:15:11","modified_gmt":"2021-10-21T15:15:11","slug":"1r-seminari-web-subxarxes-cultura-digital","status":"publish","type":"post","link":"https:\/\/serveiseducatius.xtec.cat\/mataro\/general\/1r-seminari-web-subxarxes-cultura-digital\/","title":{"rendered":"1r seminari web. Subxarxes Cultura Digital"},"content":{"rendered":"<p><strong>Avui, 21 d\u2019octubre de 2021<\/strong> a les 17:30h s\u2019emetr\u00e0 en directe el primer seminari web de les 3 <a href=\"https:\/\/projectes.xtec.cat\/xtcd\/\" target=\"_blank\" rel=\"noopener\"><strong>subxarxes de Cultura digital<\/strong><\/a>. Es tracta d&#8217;un seminari web en l\u00ednia que consta de dues parts dues parts:<\/p>\n<p>De 17:30 a 18h: Una primera part, on <strong>Francesc Rambla<\/strong>, del Servei d&#8217;Inclusi\u00f3 i Capacitaci\u00f3 Digital de la Secretaria de Pol\u00edtiques Digitals, ens parlar\u00e0 de la\u00a0<strong>compet\u00e8ncia digital de la ciutadania<\/strong>.<\/p>\n<p><a href=\"https:\/\/www.youtube.com\/watch?v=NJyp0IzM5j8\" target=\"_blank\" rel=\"noopener\"><img loading=\"lazy\" decoding=\"async\" class=\"aligncenter wp-image-11073 size-full\" src=\"https:\/\/serveiseducatius.xtec.cat\/baixllobregat7\/wp-content\/uploads\/usu1179\/2021\/10\/XTCD-S1.png\" alt=\"\" width=\"254\" height=\"145\" \/><\/a><\/p>\n<p>A les 18h: Una segona part amb continguts espec\u00edfics de cada subxarxa. Tots els seminaris s&#8217;enregistraran i podran visionar-se posteriorment en <a href=\"https:\/\/projectes.xtec.cat\/xtcd\/sessions-2021-22\/\">aquesta secci\u00f3<\/a>\u00a0del web.<\/p>\n<table>\n<tbody>\n<tr>\n<td>Subxarxa CDD<br \/>\n<strong>Compet\u00e8ncia digital docent<br \/>\n<\/strong><a href=\"https:\/\/www.youtube.com\/watch?v=ApxV6d10FKc\" target=\"_blank\" rel=\"noopener\"><img loading=\"lazy\" decoding=\"async\" class=\"aligncenter wp-image-11069 size-medium\" src=\"https:\/\/serveiseducatius.xtec.cat\/baixllobregat7\/wp-content\/uploads\/usu1179\/2021\/10\/CDD-300x169.png\" sizes=\"auto, (max-width: 300px) 100vw, 300px\" srcset=\"https:\/\/serveiseducatius.xtec.cat\/baixllobregat7\/wp-content\/uploads\/usu1179\/2021\/10\/CDD-300x169.png 300w, https:\/\/serveiseducatius.xtec.cat\/baixllobregat7\/wp-content\/uploads\/usu1179\/2021\/10\/CDD.png 323w\" alt=\"\" width=\"300\" height=\"169\" \/><\/a><\/td>\n<td>Subxarxa EDC<br \/>\n<strong>Comissions d\u2019Estrat\u00e8gia digital de centre<br \/>\n<\/strong><a href=\"https:\/\/www.youtube.com\/watch?v=qvXq2Q-7a68\" target=\"_blank\" rel=\"noopener\"><img loading=\"lazy\" decoding=\"async\" class=\"aligncenter wp-image-11071 size-medium\" src=\"https:\/\/serveiseducatius.xtec.cat\/baixllobregat7\/wp-content\/uploads\/usu1179\/2021\/10\/EDC-1-300x172.png\" sizes=\"auto, (max-width: 300px) 100vw, 300px\" srcset=\"https:\/\/serveiseducatius.xtec.cat\/baixllobregat7\/wp-content\/uploads\/usu1179\/2021\/10\/EDC-1-300x172.png 300w, https:\/\/serveiseducatius.xtec.cat\/baixllobregat7\/wp-content\/uploads\/usu1179\/2021\/10\/EDC-1.png 320w\" alt=\"\" width=\"300\" height=\"172\" \/><\/a><\/td>\n<td>Subxarxa CDC<br \/>\n<strong>Coordinaci\u00f3 digital de centre<a href=\"https:\/\/www.youtube.com\/watch?v=wigrHm7aB8I\" target=\"_blank\" rel=\"noopener\"><img loading=\"lazy\" decoding=\"async\" class=\"aligncenter wp-image-11072 size-medium\" src=\"https:\/\/serveiseducatius.xtec.cat\/baixllobregat7\/wp-content\/uploads\/usu1179\/2021\/10\/CDC-300x174.png\" sizes=\"auto, (max-width: 300px) 100vw, 300px\" srcset=\"https:\/\/serveiseducatius.xtec.cat\/baixllobregat7\/wp-content\/uploads\/usu1179\/2021\/10\/CDC-300x174.png 300w, https:\/\/serveiseducatius.xtec.cat\/baixllobregat7\/wp-content\/uploads\/usu1179\/2021\/10\/CDC.png 320w\" alt=\"\" width=\"300\" height=\"174\" \/><\/a><\/strong><\/td>\n<\/tr>\n<tr>\n<td>En aquesta xarxa participen docents de qualsevol nivell educatiu que, de manera individual, volen con\u00e8ixer el Marc competencial i millorar la seva Compet\u00e8ncia digital docent.<\/td>\n<td>Hi participen membres de les Comissions EDC dels centres que reben assessorament durant aquest curs.<\/td>\n<td>Hi participen les persones\u00a0 Coordinadores digitals de centre, per tractar temes relacionats amb aquest c\u00e0rrec i amb la dinamitzaci\u00f3 de la Cultura digital del seu centre.<\/td>\n<\/tr>\n<\/tbody>\n<\/table>\n<p>Tots els seminaris web s\u2019enregistraran i podran visionar-se posteriorment a la\u00a0<a href=\"https:\/\/projectes.xtec.cat\/xtcd\/sessions-2021-22\/\" target=\"_blank\" rel=\"noopener\">secci\u00f3 Sessions<\/a>\u00a0de la web Xarxa Territorial de Cultura digital<\/p>\n","protected":false},"excerpt":{"rendered":"<p>Avui, 21 d\u2019octubre de 2021 a les 17:30h s\u2019emetr\u00e0 en directe el primer seminari web de les 3 subxarxes de [&hellip;]<\/p>\n","protected":false},"author":1,"featured_media":8783,"comment_status":"open","ping_status":"closed","sticky":false,"template":"","format":"standard","meta":{"_bbp_topic_count":0,"_bbp_reply_count":0,"_bbp_total_topic_count":0,"_bbp_total_reply_count":0,"_bbp_voice_count":0,"_bbp_anonymous_reply_count":0,"_bbp_topic_count_hidden":0,"_bbp_reply_count_hidden":0,"_bbp_forum_subforum_count":0,"site-sidebar-layout":"default","site-content-layout":"","ast-site-content-layout":"","site-content-style":"default","site-sidebar-style":"default","ast-global-header-display":"","ast-banner-title-visibility":"","ast-main-header-display":"","ast-hfb-above-header-display":"","ast-hfb-below-header-display":"","ast-hfb-mobile-header-display":"","site-post-title":"","ast-breadcrumbs-content":"","ast-featured-img":"","footer-sml-layout":"","theme-transparent-header-meta":"","adv-header-id-meta":"","stick-header-meta":"","header-above-stick-meta":"","header-main-stick-meta":"","header-below-stick-meta":"","astra-migrate-meta-layouts":"default","ast-page-background-enabled":"default","ast-page-background-meta":{"desktop":{"background-color":"var(--ast-global-color-4)","background-image":"","background-repeat":"repeat","background-position":"center center","background-size":"auto","background-attachment":"scroll","background-type":"","background-media":"","overlay-type":"","overlay-color":"","overlay-opacity":"","overlay-gradient":""},"tablet":{"background-color":"","background-image":"","background-repeat":"repeat","background-position":"center center","background-size":"auto","background-attachment":"scroll","background-type":"","background-media":"","overlay-type":"","overlay-color":"","overlay-opacity":"","overlay-gradient":""},"mobile":{"background-color":"","background-image":"","background-repeat":"repeat","background-position":"center center","background-size":"auto","background-attachment":"scroll","background-type":"","background-media":"","overlay-type":"","overlay-color":"","overlay-opacity":"","overlay-gradient":""}},"ast-content-background-meta":{"desktop":{"background-color":"var(--ast-global-color-5)","background-image":"","background-repeat":"repeat","background-position":"center center","background-size":"auto","background-attachment":"scroll","background-type":"","background-media":"","overlay-type":"","overlay-color":"","overlay-opacity":"","overlay-gradient":""},"tablet":{"background-color":"var(--ast-global-color-5)","background-image":"","background-repeat":"repeat","background-position":"center center","background-size":"auto","background-attachment":"scroll","background-type":"","background-media":"","overlay-type":"","overlay-color":"","overlay-opacity":"","overlay-gradient":""},"mobile":{"background-color":"var(--ast-global-color-5)","background-image":"","background-repeat":"repeat","background-position":"center center","background-size":"auto","background-attachment":"scroll","background-type":"","background-media":"","overlay-type":"","overlay-color":"","overlay-opacity":"","overlay-gradient":""}},"footnotes":""},"categories":[1,296,29,302],"tags":[],"class_list":["post-8778","post","type-post","status-publish","format-standard","has-post-thumbnail","hentry","category-general","category-se-mataro","category-portada","category-xarxes-educatives"],"post_mailing_queue_ids":[],"_links":{"self":[{"href":"https:\/\/serveiseducatius.xtec.cat\/mataro\/wp-json\/wp\/v2\/posts\/8778","targetHints":{"allow":["GET"]}}],"collection":[{"href":"https:\/\/serveiseducatius.xtec.cat\/mataro\/wp-json\/wp\/v2\/posts"}],"about":[{"href":"https:\/\/serveiseducatius.xtec.cat\/mataro\/wp-json\/wp\/v2\/types\/post"}],"author":[{"embeddable":true,"href":"https:\/\/serveiseducatius.xtec.cat\/mataro\/wp-json\/wp\/v2\/users\/1"}],"replies":[{"embeddable":true,"href":"https:\/\/serveiseducatius.xtec.cat\/mataro\/wp-json\/wp\/v2\/comments?post=8778"}],"version-history":[{"count":3,"href":"https:\/\/serveiseducatius.xtec.cat\/mataro\/wp-json\/wp\/v2\/posts\/8778\/revisions"}],"predecessor-version":[{"id":8784,"href":"https:\/\/serveiseducatius.xtec.cat\/mataro\/wp-json\/wp\/v2\/posts\/8778\/revisions\/8784"}],"wp:featuredmedia":[{"embeddable":true,"href":"https:\/\/serveiseducatius.xtec.cat\/mataro\/wp-json\/wp\/v2\/media\/8783"}],"wp:attachment":[{"href":"https:\/\/serveiseducatius.xtec.cat\/mataro\/wp-json\/wp\/v2\/media?parent=8778"}],"wp:term":[{"taxonomy":"category","embeddable":true,"href":"https:\/\/serveiseducatius.xtec.cat\/mataro\/wp-json\/wp\/v2\/categories?post=8778"},{"taxonomy":"post_tag","embeddable":true,"href":"https:\/\/serveiseducatius.xtec.cat\/mataro\/wp-json\/wp\/v2\/tags?post=8778"}],"curies":[{"name":"wp","href":"https:\/\/api.w.org\/{rel}","templated":true}]}}