{"id":8648,"date":"2021-06-11T09:10:57","date_gmt":"2021-06-11T07:10:57","guid":{"rendered":"http:\/\/serveiseducatius.xtec.cat\/mataro\/?p=8648"},"modified":"2021-06-11T09:18:04","modified_gmt":"2021-06-11T07:18:04","slug":"engega-la-usapps","status":"publish","type":"post","link":"https:\/\/serveiseducatius.xtec.cat\/mataro\/general\/engega-la-usapps\/","title":{"rendered":"Engega la UsApps"},"content":{"rendered":"<p><a href=\"https:\/\/serveiseducatius.xtec.cat\/mataro\/wp-content\/uploads\/usu1139\/2021\/06\/UsApps.png\"><img loading=\"lazy\" decoding=\"async\" class=\"size-large wp-image-8649 aligncenter\" src=\"https:\/\/serveiseducatius.xtec.cat\/mataro\/wp-content\/uploads\/usu1139\/2021\/06\/UsApps-709x1024.png\" alt=\"\" width=\"709\" height=\"1024\" srcset=\"https:\/\/serveiseducatius.xtec.cat\/mataro\/wp-content\/uploads\/usu1139\/2021\/06\/UsApps-709x1024.png 709w, https:\/\/serveiseducatius.xtec.cat\/mataro\/wp-content\/uploads\/usu1139\/2021\/06\/UsApps-208x300.png 208w, https:\/\/serveiseducatius.xtec.cat\/mataro\/wp-content\/uploads\/usu1139\/2021\/06\/UsApps-768x1109.png 768w, https:\/\/serveiseducatius.xtec.cat\/mataro\/wp-content\/uploads\/usu1139\/2021\/06\/UsApps.png 1524w\" sizes=\"auto, (max-width: 709px) 100vw, 709px\" \/><\/a><\/p>\n<p>Aquest dilluns 7 de juny de 2021 ha entrat en funcionament la <a href=\"https:\/\/usav.educacio.gencat.cat\/\" target=\"_blank\" rel=\"noopener noreferrer\"><strong>UsApps<\/strong><\/a>.<\/p>\n<p>Qu\u00e8 \u00e9s la <a href=\"https:\/\/usav.educacio.gencat.cat\/\" target=\"_blank\" rel=\"noopener noreferrer\"><strong>UsApps<\/strong><\/a>? \u00c9s una aplicaci\u00f3 web del Departament d\u2019Educaci\u00f3 per comunicar situacions de viol\u00e8ncia que pot viure tot l\u2019alumnat de Catalunya d\u2019una forma f\u00e0cil, intu\u00eftiva i efica\u00e7.<\/p>\n<p>La pot utilitzar l\u2019alumnat, exalumnat i tota la comunitat educativa, tant si \u00e9s una persona que viu directament una situaci\u00f3 de viol\u00e8ncia com si n\u2019\u00e9s testimoni.<\/p>\n<p>La UsApps t\u00e9 l\u2019objectiu de donar veu a les persones afectades, trencar el silenci i l\u2019a\u00efllament en qu\u00e8 viuen, garantir la confidencialitat i iniciar la intervenci\u00f3 espec\u00edfica.<\/p>\n<p>Darrere de la <strong>UsApps<\/strong> hi ha la <strong>Unitat de Suport a l\u2019Alumnat en Situaci\u00f3 de Viol\u00e8ncia<\/strong> (USAV), un equip de professionals que acollir\u00e0 la den\u00fancia o malestar, gestionar\u00e0 el cas de viol\u00e8ncia, en coordinar\u00e0 l\u2019abordatge. Aquest equip dur\u00e0 a terme una escolta activa de les v\u00edctimes i treballar\u00e0 per facilitar una actuaci\u00f3 sense demora treballant conjuntament amb els i les referents de la xarxa de coordinaci\u00f3 territorial\u00a0de les Escoles lliures de viol\u00e8ncies i amb els centres educatius, fent les derivacions oportunes als circuits d\u2019abordatge de les viol\u00e8ncies a Catalunya.<\/p>\n<p>La <strong>UsApps<\/strong> \u00e9s el nou canal de comunicaci\u00f3 i den\u00fancia que pret\u00e9n visibilitzar les viol\u00e8ncies ocultes als centres educatius, identificar-les i actuar-hi per protegir infants i adolescents.<\/p>\n<p>Els principis del bon tracte, la rapidesa en l\u2019actuaci\u00f3, el suport jur\u00eddic i institucional, les normes clares d\u2019actuaci\u00f3 per a tots i totes han de contribuir a fer dels centres educatius uns espais de seguretat.<\/p>\n<p><span class=\"gmail_default\">Podeu trobar m\u00e9s informaci\u00f3 al v\u00eddeo de <a href=\"https:\/\/youtu.be\/nkgENcCaHH8\" target=\"_blank\" rel=\"noopener noreferrer\">presentaci\u00f3 de la UsApps<\/a> i a la <a href=\"https:\/\/drive.google.com\/file\/d\/1ejnZcE7s79ZrZpj1Gf1n7MjHuPpUfhMc\/view?usp=sharing\" target=\"_blank\" rel=\"noopener noreferrer\">Infografia<\/a>. Adjuntem tamb\u00e9 la informaci\u00f3 del Pla Les escoles lliures de viol\u00e8ncies<\/span>\u00a0<a href=\"http:\/\/educacio.gencat.cat\/ca\/departament\/linies-estrategiques\/escoles-lliures-de-violencies\/\" target=\"_blank\" rel=\"noopener noreferrer\" data-saferedirecturl=\"https:\/\/www.google.com\/url?q=http:\/\/educacio.gencat.cat\/ca\/departament\/linies-estrategiques\/escoles-lliures-de-violencies\/&amp;source=gmail&amp;ust=1622897562265000&amp;usg=AFQjCNG6rmj632sMQzVeC5jd-0gGTAHy5w\">LELV<\/a> i la presentaci\u00f3 de la <a href=\"https:\/\/youtu.be\/ScinKwzCBBc\" target=\"_blank\" rel=\"noopener noreferrer\" data-saferedirecturl=\"https:\/\/www.google.com\/url?q=https:\/\/youtu.be\/ScinKwzCBBc&amp;source=gmail&amp;ust=1622897562265000&amp;usg=AFQjCNEVsH3pLp7thKqyR365TJjY5oLYrA\">Jornades de les escoles lliures de viol\u00e8ncia.<\/a><\/p>\n<p><strong>#Lesescoleslliuresdeviol\u00e8ncies<\/strong><\/p>\n","protected":false},"excerpt":{"rendered":"<p>Aquest dilluns 7 de juny de 2021 ha entrat en funcionament la UsApps. Qu\u00e8 \u00e9s la UsApps? \u00c9s una aplicaci\u00f3 [&hellip;]<\/p>\n","protected":false},"author":1,"featured_media":8650,"comment_status":"open","ping_status":"closed","sticky":false,"template":"","format":"standard","meta":{"_bbp_topic_count":0,"_bbp_reply_count":0,"_bbp_total_topic_count":0,"_bbp_total_reply_count":0,"_bbp_voice_count":0,"_bbp_anonymous_reply_count":0,"_bbp_topic_count_hidden":0,"_bbp_reply_count_hidden":0,"_bbp_forum_subforum_count":0,"site-sidebar-layout":"default","site-content-layout":"","ast-site-content-layout":"","site-content-style":"default","site-sidebar-style":"default","ast-global-header-display":"","ast-banner-title-visibility":"","ast-main-header-display":"","ast-hfb-above-header-display":"","ast-hfb-below-header-display":"","ast-hfb-mobile-header-display":"","site-post-title":"","ast-breadcrumbs-content":"","ast-featured-img":"","footer-sml-layout":"","theme-transparent-header-meta":"","adv-header-id-meta":"","stick-header-meta":"","header-above-stick-meta":"","header-main-stick-meta":"","header-below-stick-meta":"","astra-migrate-meta-layouts":"default","ast-page-background-enabled":"default","ast-page-background-meta":{"desktop":{"background-color":"var(--ast-global-color-4)","background-image":"","background-repeat":"repeat","background-position":"center center","background-size":"auto","background-attachment":"scroll","background-type":"","background-media":"","overlay-type":"","overlay-color":"","overlay-opacity":"","overlay-gradient":""},"tablet":{"background-color":"","background-image":"","background-repeat":"repeat","background-position":"center center","background-size":"auto","background-attachment":"scroll","background-type":"","background-media":"","overlay-type":"","overlay-color":"","overlay-opacity":"","overlay-gradient":""},"mobile":{"background-color":"","background-image":"","background-repeat":"repeat","background-position":"center center","background-size":"auto","background-attachment":"scroll","background-type":"","background-media":"","overlay-type":"","overlay-color":"","overlay-opacity":"","overlay-gradient":""}},"ast-content-background-meta":{"desktop":{"background-color":"var(--ast-global-color-5)","background-image":"","background-repeat":"repeat","background-position":"center center","background-size":"auto","background-attachment":"scroll","background-type":"","background-media":"","overlay-type":"","overlay-color":"","overlay-opacity":"","overlay-gradient":""},"tablet":{"background-color":"var(--ast-global-color-5)","background-image":"","background-repeat":"repeat","background-position":"center center","background-size":"auto","background-attachment":"scroll","background-type":"","background-media":"","overlay-type":"","overlay-color":"","overlay-opacity":"","overlay-gradient":""},"mobile":{"background-color":"var(--ast-global-color-5)","background-image":"","background-repeat":"repeat","background-position":"center center","background-size":"auto","background-attachment":"scroll","background-type":"","background-media":"","overlay-type":"","overlay-color":"","overlay-opacity":"","overlay-gradient":""}},"footnotes":""},"categories":[1,296,29],"tags":[310],"class_list":["post-8648","post","type-post","status-publish","format-standard","has-post-thumbnail","hentry","category-general","category-se-mataro","category-portada","tag-eap"],"post_mailing_queue_ids":[],"_links":{"self":[{"href":"https:\/\/serveiseducatius.xtec.cat\/mataro\/wp-json\/wp\/v2\/posts\/8648","targetHints":{"allow":["GET"]}}],"collection":[{"href":"https:\/\/serveiseducatius.xtec.cat\/mataro\/wp-json\/wp\/v2\/posts"}],"about":[{"href":"https:\/\/serveiseducatius.xtec.cat\/mataro\/wp-json\/wp\/v2\/types\/post"}],"author":[{"embeddable":true,"href":"https:\/\/serveiseducatius.xtec.cat\/mataro\/wp-json\/wp\/v2\/users\/1"}],"replies":[{"embeddable":true,"href":"https:\/\/serveiseducatius.xtec.cat\/mataro\/wp-json\/wp\/v2\/comments?post=8648"}],"version-history":[{"count":3,"href":"https:\/\/serveiseducatius.xtec.cat\/mataro\/wp-json\/wp\/v2\/posts\/8648\/revisions"}],"predecessor-version":[{"id":8653,"href":"https:\/\/serveiseducatius.xtec.cat\/mataro\/wp-json\/wp\/v2\/posts\/8648\/revisions\/8653"}],"wp:featuredmedia":[{"embeddable":true,"href":"https:\/\/serveiseducatius.xtec.cat\/mataro\/wp-json\/wp\/v2\/media\/8650"}],"wp:attachment":[{"href":"https:\/\/serveiseducatius.xtec.cat\/mataro\/wp-json\/wp\/v2\/media?parent=8648"}],"wp:term":[{"taxonomy":"category","embeddable":true,"href":"https:\/\/serveiseducatius.xtec.cat\/mataro\/wp-json\/wp\/v2\/categories?post=8648"},{"taxonomy":"post_tag","embeddable":true,"href":"https:\/\/serveiseducatius.xtec.cat\/mataro\/wp-json\/wp\/v2\/tags?post=8648"}],"curies":[{"name":"wp","href":"https:\/\/api.w.org\/{rel}","templated":true}]}}