{"id":14143,"date":"2026-09-04T09:12:28","date_gmt":"2026-09-04T07:12:28","guid":{"rendered":"https:\/\/serveiseducatius.xtec.cat\/mataro\/?p=14143"},"modified":"2026-09-04T09:12:30","modified_gmt":"2026-09-04T07:12:30","slug":"inscripcions-obertes-per-al-curs-preparatori-del-nivell-c2","status":"publish","type":"post","link":"https:\/\/serveiseducatius.xtec.cat\/mataro\/general\/inscripcions-obertes-per-al-curs-preparatori-del-nivell-c2\/","title":{"rendered":"Inscripcions obertes per al curs preparatori del nivell C2"},"content":{"rendered":"\n<p><a href=\"https:\/\/projectes.xtec.cat\/usdelallengua\/general\/inscripcions-obertes-per-al-curs-preparatori-del-nivell-c2\/#respond\">Feu un comentari<\/a>&nbsp;\/ Per&nbsp;<a href=\"https:\/\/projectes.xtec.cat\/usdelallengua\/author\/admin\/\">admin&nbsp;<\/a>\/&nbsp;03\/09\/2026&nbsp;\/&nbsp;<a href=\"https:\/\/projectes.xtec.cat\/usdelallengua\/categoria\/formacio\/\">FORMACI\u00d3<\/a>&nbsp;<a href=\"https:\/\/projectes.xtec.cat\/usdelallengua\/categoria\/general\/\">General<\/a>&nbsp;<a href=\"https:\/\/projectes.xtec.cat\/usdelallengua\/categoria\/portada\/\">Portada<\/a><\/p>\n\n\n\n<figure class=\"wp-block-image alignwide\"><a href=\"https:\/\/projectes.xtec.cat\/usdelallengua\/wp-content\/uploads\/usu2313\/2026\/09\/formacio-C2.jpg\"><img decoding=\"async\" src=\"https:\/\/projectes.xtec.cat\/usdelallengua\/wp-content\/uploads\/usu2313\/2026\/09\/formacio-C2.jpg\" alt=\"\" class=\"wp-image-10233\"\/><\/a><\/figure>\n\n\n\n<p>Des del divendres&nbsp;<strong>4 de setembre al diumenge 20 de setembre de 2026&nbsp;<\/strong>us podeu inscriure al curs preparatori de nivell superior de llengua catalana (nivell C2) organitzat pel Servei de Suports i Recursos Ling\u00fc\u00edstics (Departament d\u2019Educaci\u00f3 i Formaci\u00f3 Professional), adre\u00e7at a docents en actiu&nbsp;docents en actiu d\u2019Infantil, Prim\u00e0ria, Secund\u00e0ria i Formaci\u00f3 Professional.<\/p>\n\n\n\n<p><strong>Aquest curs consta de 60 hores,<\/strong>&nbsp;d\u2019autoaprenentatge en format telem\u00e0tic, amb correcci\u00f3 de les tasques d\u2019expressi\u00f3 escrita i expressi\u00f3 oral. Totes les activitats s\u00f3n autocorrectives excepte quatre (3 expressions escrites i 1 expressi\u00f3 oral), que rebran la retroacci\u00f3 d\u2019un formador. Aquest curs certifica 60&nbsp; hores de formaci\u00f3 permanent si se supera el 100% de les activitats. Aquesta formaci\u00f3 s\u2019impartir\u00e0 en l\u00ednia en format as\u00edncron, s\u2019inicia el 13 d\u2019octubre&nbsp; del 2026 i acaba el 30 de mar\u00e7 del 2027.&nbsp;<\/p>\n\n\n\n<p>Per sol\u00b7licitar-hi una pla\u00e7a s\u2019ha de disposar d\u2019usuari i contrasenya XTEC actualitzats.&nbsp;La sol\u00b7licitud d\u2019una pla\u00e7a significa acceptar les condicions d\u2019inscripci\u00f3 i tot all\u00f2 que consta a la descripci\u00f3 de l\u2019activitat en refer\u00e8ncia a dates, objectius, continguts, persones destinat\u00e0ries i requisits d\u2019acreditaci\u00f3.<\/p>\n\n\n\n<p>Trobareu m\u00e9s informaci\u00f3 sobre la inscripci\u00f3 en aquest&nbsp;<a href=\"https:\/\/xtec.gencat.cat\/ca\/formacio\/formaciogeneralprofessorat\/llengues\/consolidacio_llengua_catalana\/\">enlla\u00e7.<\/a>&nbsp;Els criteris d\u2019adjudicaci\u00f3 podeu consultar-los&nbsp;<a href=\"https:\/\/projectes.xtec.cat\/usdelallengua\/general\/inscripcions-obertes-per-al-curs-preparatori-del-nivell-c2\/_wp_link_placeholder\">aqu\u00ed.<\/a><\/p>\n\n\n\n<p><\/p>\n","protected":false},"excerpt":{"rendered":"<p>Feu un comentari&nbsp;\/ Per&nbsp;admin&nbsp;\/&nbsp;03\/09\/2026&nbsp;\/&nbsp;FORMACI\u00d3&nbsp;General&nbsp;Portada Des del divendres&nbsp;4 de setembre al diumenge 20 de setembre de 2026&nbsp;us podeu inscriure al curs [&hellip;]<\/p>\n","protected":false},"author":3,"featured_media":14144,"comment_status":"open","ping_status":"open","sticky":false,"template":"","format":"standard","meta":{"_bbp_topic_count":0,"_bbp_reply_count":0,"_bbp_total_topic_count":0,"_bbp_total_reply_count":0,"_bbp_voice_count":0,"_bbp_anonymous_reply_count":0,"_bbp_topic_count_hidden":0,"_bbp_reply_count_hidden":0,"_bbp_forum_subforum_count":0,"site-sidebar-layout":"default","site-content-layout":"","ast-site-content-layout":"default","site-content-style":"default","site-sidebar-style":"default","ast-global-header-display":"","ast-banner-title-visibility":"","ast-main-header-display":"","ast-hfb-above-header-display":"","ast-hfb-below-header-display":"","ast-hfb-mobile-header-display":"","site-post-title":"","ast-breadcrumbs-content":"","ast-featured-img":"","footer-sml-layout":"","theme-transparent-header-meta":"","adv-header-id-meta":"","stick-header-meta":"","header-above-stick-meta":"","header-main-stick-meta":"","header-below-stick-meta":"","astra-migrate-meta-layouts":"set","ast-page-background-enabled":"default","ast-page-background-meta":{"desktop":{"background-color":"var(--ast-global-color-4)","background-image":"","background-repeat":"repeat","background-position":"center center","background-size":"auto","background-attachment":"scroll","background-type":"","background-media":"","overlay-type":"","overlay-color":"","overlay-opacity":"","overlay-gradient":""},"tablet":{"background-color":"","background-image":"","background-repeat":"repeat","background-position":"center center","background-size":"auto","background-attachment":"scroll","background-type":"","background-media":"","overlay-type":"","overlay-color":"","overlay-opacity":"","overlay-gradient":""},"mobile":{"background-color":"","background-image":"","background-repeat":"repeat","background-position":"center center","background-size":"auto","background-attachment":"scroll","background-type":"","background-media":"","overlay-type":"","overlay-color":"","overlay-opacity":"","overlay-gradient":""}},"ast-content-background-meta":{"desktop":{"background-color":"var(--ast-global-color-5)","background-image":"","background-repeat":"repeat","background-position":"center center","background-size":"auto","background-attachment":"scroll","background-type":"","background-media":"","overlay-type":"","overlay-color":"","overlay-opacity":"","overlay-gradient":""},"tablet":{"background-color":"var(--ast-global-color-5)","background-image":"","background-repeat":"repeat","background-position":"center center","background-size":"auto","background-attachment":"scroll","background-type":"","background-media":"","overlay-type":"","overlay-color":"","overlay-opacity":"","overlay-gradient":""},"mobile":{"background-color":"var(--ast-global-color-5)","background-image":"","background-repeat":"repeat","background-position":"center center","background-size":"auto","background-attachment":"scroll","background-type":"","background-media":"","overlay-type":"","overlay-color":"","overlay-opacity":"","overlay-gradient":""}},"footnotes":""},"categories":[299,1],"tags":[],"class_list":["post-14143","post","type-post","status-publish","format-standard","has-post-thumbnail","hentry","category-formacio","category-general"],"post_mailing_queue_ids":[],"_links":{"self":[{"href":"https:\/\/serveiseducatius.xtec.cat\/mataro\/wp-json\/wp\/v2\/posts\/14143","targetHints":{"allow":["GET"]}}],"collection":[{"href":"https:\/\/serveiseducatius.xtec.cat\/mataro\/wp-json\/wp\/v2\/posts"}],"about":[{"href":"https:\/\/serveiseducatius.xtec.cat\/mataro\/wp-json\/wp\/v2\/types\/post"}],"author":[{"embeddable":true,"href":"https:\/\/serveiseducatius.xtec.cat\/mataro\/wp-json\/wp\/v2\/users\/3"}],"replies":[{"embeddable":true,"href":"https:\/\/serveiseducatius.xtec.cat\/mataro\/wp-json\/wp\/v2\/comments?post=14143"}],"version-history":[{"count":2,"href":"https:\/\/serveiseducatius.xtec.cat\/mataro\/wp-json\/wp\/v2\/posts\/14143\/revisions"}],"predecessor-version":[{"id":14146,"href":"https:\/\/serveiseducatius.xtec.cat\/mataro\/wp-json\/wp\/v2\/posts\/14143\/revisions\/14146"}],"wp:featuredmedia":[{"embeddable":true,"href":"https:\/\/serveiseducatius.xtec.cat\/mataro\/wp-json\/wp\/v2\/media\/14144"}],"wp:attachment":[{"href":"https:\/\/serveiseducatius.xtec.cat\/mataro\/wp-json\/wp\/v2\/media?parent=14143"}],"wp:term":[{"taxonomy":"category","embeddable":true,"href":"https:\/\/serveiseducatius.xtec.cat\/mataro\/wp-json\/wp\/v2\/categories?post=14143"},{"taxonomy":"post_tag","embeddable":true,"href":"https:\/\/serveiseducatius.xtec.cat\/mataro\/wp-json\/wp\/v2\/tags?post=14143"}],"curies":[{"name":"wp","href":"https:\/\/api.w.org\/{rel}","templated":true}]}}