{"id":14132,"date":"2026-09-02T13:39:10","date_gmt":"2026-09-02T11:39:10","guid":{"rendered":"https:\/\/serveiseducatius.xtec.cat\/mataro\/?p=14132"},"modified":"2026-09-02T13:39:10","modified_gmt":"2026-09-02T11:39:10","slug":"orientacions-de-larea-deducacio-fisica-de-primaria","status":"publish","type":"post","link":"https:\/\/serveiseducatius.xtec.cat\/mataro\/general\/orientacions-de-larea-deducacio-fisica-de-primaria\/","title":{"rendered":"Orientacions de l\u2019\u00e0rea d\u2019Educaci\u00f3 F\u00edsica de prim\u00e0ria"},"content":{"rendered":"\n<p>Les orientacions de l\u2019\u00e0rea d\u2019Educaci\u00f3 F\u00edsica de prim\u00e0ria consten de diverses parts: des de la concreci\u00f3 i seq\u00fcenciaci\u00f3 dels sabers, fins a activitats per treballar-los.<\/p>\n\n\n\n<p>A continuaci\u00f3 es poden trobar els enlla\u00e7os als arxius en format pdf amb la concreci\u00f3 i la seq\u00fcenciaci\u00f3 dels sabers marcats pel curr\u00edculum:<\/p>\n\n\n\n<p><img loading=\"lazy\" decoding=\"async\" width=\"35\" height=\"35\" src=\"https:\/\/projectes.xtec.cat\/nou-curriculum\/wp-content\/uploads\/usu2072\/2023\/01\/pdf-2.png\" alt=\"\" srcset=\"https:\/\/projectes.xtec.cat\/nou-curriculum\/wp-content\/uploads\/usu2072\/2023\/01\/pdf-2.png 256w, https:\/\/projectes.xtec.cat\/nou-curriculum\/wp-content\/uploads\/usu2072\/2023\/01\/pdf-2-150x150.png 150w\"><a href=\"https:\/\/xtec.gencat.cat\/web\/.content\/curriculum\/primaria\/concrecions-curriculars\/Orientacions-curriculars_primaria_ef_per_blocs.pdf\" target=\"_blank\" rel=\"noreferrer noopener\">Seq\u00fcenciaci\u00f3 i concreci\u00f3: proposta per blocs<\/a><br><img loading=\"lazy\" decoding=\"async\" width=\"35\" height=\"35\" src=\"https:\/\/projectes.xtec.cat\/nou-curriculum\/wp-content\/uploads\/usu2072\/2023\/01\/pdf-2.png\" alt=\"\" srcset=\"https:\/\/projectes.xtec.cat\/nou-curriculum\/wp-content\/uploads\/usu2072\/2023\/01\/pdf-2.png 256w, https:\/\/projectes.xtec.cat\/nou-curriculum\/wp-content\/uploads\/usu2072\/2023\/01\/pdf-2-150x150.png 150w\"><a href=\"https:\/\/xtec.gencat.cat\/web\/.content\/curriculum\/primaria\/concrecions-curriculars\/Orientacions-curriculars_primaria_ef_per_cursos.pdf\" target=\"_blank\" rel=\"noreferrer noopener\">Seq\u00fcenciaci\u00f3 i concreci\u00f3: proposta per cursos<\/a><\/p>\n\n\n\n<p>En el primer arxiu es pot trobar una breu introducci\u00f3 i una taula amb la concreci\u00f3 i la seq\u00fcenciaci\u00f3 per cada curs de prim\u00e0ria.<\/p>\n\n\n\n<figure class=\"wp-block-image\"><a href=\"https:\/\/projectes.xtec.cat\/nou-curriculum\/wp-content\/uploads\/usu2072\/2026\/07\/efp.png\"><img decoding=\"async\" src=\"https:\/\/projectes.xtec.cat\/nou-curriculum\/wp-content\/uploads\/usu2072\/2026\/07\/efp.png\" alt=\"\" class=\"wp-image-17346\"\/><\/a><\/figure>\n\n\n\n<p>En les taules s\u2019indiquen els sabers relacionats amb l\u2019etiqueta&nbsp;<mark>[ESS]<\/mark><mark>&nbsp;<\/mark>aquells sabers que es consideren essencials, \u00e9s a dir, que \u00e9s necessari aprendre\u2019ls per poder seguir avan\u00e7ant en els sabers posteriors de la mat\u00e8ria.<\/p>\n\n\n\n<p>En el segon arxiu es pot trobar la llista de sabers concretats per cada curs.<\/p>\n\n\n\n<p>Per accedir a les orientacions completes, amb activitats, recomanacions, suggeriments i la mateixa seq\u00fcenciaci\u00f3 i concreci\u00f3 i altres recursos, cal accedir al seg\u00fcent enlla\u00e7:<\/p>\n\n\n\n<p><a href=\"https:\/\/projectes.xtec.cat\/nou-curriculum\/orientacions-curriculars\/orientacions-curriculars-deducacio-fisica-de-primaria\/\" target=\"_blank\" rel=\"noreferrer noopener\">Acc\u00e9s a les orientacions completes de l\u2019\u00e0rea d\u2019Educaci\u00f3 F\u00edsica de prim\u00e0ria<\/a><\/p>\n\n\n\n<p><a href=\"https:\/\/projectes.xtec.cat\/nou-curriculum\/orientacions-curriculars\/orientacions-curriculars-deducacio-fisica-de-primaria\/\" target=\"_blank\" rel=\"noreferrer noopener\">Acc\u00e9s a les orientacions completes de l\u2019\u00e0rea d\u2019Educaci\u00f3 F\u00edsica de prim\u00e0ria<\/a><\/p>\n\n\n\n<p><a href=\"https:\/\/projectes.xtec.cat\/#facebook\" rel=\"noreferrer noopener\" target=\"_blank\">Facebook<\/a><a href=\"https:\/\/projectes.xtec.cat\/#twitter\" rel=\"noreferrer noopener\" target=\"_blank\">Twitter<\/a><a href=\"https:\/\/projectes.xtec.cat\/#whatsapp\" rel=\"noreferrer noopener\" target=\"_blank\">WhatsApp<\/a><a href=\"https:\/\/projectes.xtec.cat\/#google_gmail\" rel=\"noreferrer noopener\" target=\"_blank\">Gmail<\/a><\/p>\n","protected":false},"excerpt":{"rendered":"<p>Les orientacions de l\u2019\u00e0rea d\u2019Educaci\u00f3 F\u00edsica de prim\u00e0ria consten de diverses parts: des de la concreci\u00f3 i seq\u00fcenciaci\u00f3 dels sabers, [&hellip;]<\/p>\n","protected":false},"author":3,"featured_media":14133,"comment_status":"open","ping_status":"open","sticky":false,"template":"","format":"standard","meta":{"_bbp_topic_count":0,"_bbp_reply_count":0,"_bbp_total_topic_count":0,"_bbp_total_reply_count":0,"_bbp_voice_count":0,"_bbp_anonymous_reply_count":0,"_bbp_topic_count_hidden":0,"_bbp_reply_count_hidden":0,"_bbp_forum_subforum_count":0,"site-sidebar-layout":"default","site-content-layout":"","ast-site-content-layout":"default","site-content-style":"default","site-sidebar-style":"default","ast-global-header-display":"","ast-banner-title-visibility":"","ast-main-header-display":"","ast-hfb-above-header-display":"","ast-hfb-below-header-display":"","ast-hfb-mobile-header-display":"","site-post-title":"","ast-breadcrumbs-content":"","ast-featured-img":"","footer-sml-layout":"","theme-transparent-header-meta":"","adv-header-id-meta":"","stick-header-meta":"","header-above-stick-meta":"","header-main-stick-meta":"","header-below-stick-meta":"","astra-migrate-meta-layouts":"set","ast-page-background-enabled":"default","ast-page-background-meta":{"desktop":{"background-color":"var(--ast-global-color-4)","background-image":"","background-repeat":"repeat","background-position":"center center","background-size":"auto","background-attachment":"scroll","background-type":"","background-media":"","overlay-type":"","overlay-color":"","overlay-opacity":"","overlay-gradient":""},"tablet":{"background-color":"","background-image":"","background-repeat":"repeat","background-position":"center center","background-size":"auto","background-attachment":"scroll","background-type":"","background-media":"","overlay-type":"","overlay-color":"","overlay-opacity":"","overlay-gradient":""},"mobile":{"background-color":"","background-image":"","background-repeat":"repeat","background-position":"center center","background-size":"auto","background-attachment":"scroll","background-type":"","background-media":"","overlay-type":"","overlay-color":"","overlay-opacity":"","overlay-gradient":""}},"ast-content-background-meta":{"desktop":{"background-color":"var(--ast-global-color-5)","background-image":"","background-repeat":"repeat","background-position":"center center","background-size":"auto","background-attachment":"scroll","background-type":"","background-media":"","overlay-type":"","overlay-color":"","overlay-opacity":"","overlay-gradient":""},"tablet":{"background-color":"var(--ast-global-color-5)","background-image":"","background-repeat":"repeat","background-position":"center center","background-size":"auto","background-attachment":"scroll","background-type":"","background-media":"","overlay-type":"","overlay-color":"","overlay-opacity":"","overlay-gradient":""},"mobile":{"background-color":"var(--ast-global-color-5)","background-image":"","background-repeat":"repeat","background-position":"center center","background-size":"auto","background-attachment":"scroll","background-type":"","background-media":"","overlay-type":"","overlay-color":"","overlay-opacity":"","overlay-gradient":""}},"footnotes":""},"categories":[1],"tags":[],"class_list":["post-14132","post","type-post","status-publish","format-standard","has-post-thumbnail","hentry","category-general"],"post_mailing_queue_ids":[],"_links":{"self":[{"href":"https:\/\/serveiseducatius.xtec.cat\/mataro\/wp-json\/wp\/v2\/posts\/14132","targetHints":{"allow":["GET"]}}],"collection":[{"href":"https:\/\/serveiseducatius.xtec.cat\/mataro\/wp-json\/wp\/v2\/posts"}],"about":[{"href":"https:\/\/serveiseducatius.xtec.cat\/mataro\/wp-json\/wp\/v2\/types\/post"}],"author":[{"embeddable":true,"href":"https:\/\/serveiseducatius.xtec.cat\/mataro\/wp-json\/wp\/v2\/users\/3"}],"replies":[{"embeddable":true,"href":"https:\/\/serveiseducatius.xtec.cat\/mataro\/wp-json\/wp\/v2\/comments?post=14132"}],"version-history":[{"count":1,"href":"https:\/\/serveiseducatius.xtec.cat\/mataro\/wp-json\/wp\/v2\/posts\/14132\/revisions"}],"predecessor-version":[{"id":14134,"href":"https:\/\/serveiseducatius.xtec.cat\/mataro\/wp-json\/wp\/v2\/posts\/14132\/revisions\/14134"}],"wp:featuredmedia":[{"embeddable":true,"href":"https:\/\/serveiseducatius.xtec.cat\/mataro\/wp-json\/wp\/v2\/media\/14133"}],"wp:attachment":[{"href":"https:\/\/serveiseducatius.xtec.cat\/mataro\/wp-json\/wp\/v2\/media?parent=14132"}],"wp:term":[{"taxonomy":"category","embeddable":true,"href":"https:\/\/serveiseducatius.xtec.cat\/mataro\/wp-json\/wp\/v2\/categories?post=14132"},{"taxonomy":"post_tag","embeddable":true,"href":"https:\/\/serveiseducatius.xtec.cat\/mataro\/wp-json\/wp\/v2\/tags?post=14132"}],"curies":[{"name":"wp","href":"https:\/\/api.w.org\/{rel}","templated":true}]}}