{"id":14059,"date":"2026-06-29T09:09:11","date_gmt":"2026-06-29T07:09:11","guid":{"rendered":"https:\/\/serveiseducatius.xtec.cat\/mataro\/?p=14059"},"modified":"2026-06-29T09:23:55","modified_gmt":"2026-06-29T07:23:55","slug":"i-jornades-de-siei-i-siei-plus-de-mataro-teixint-xarxa-i-compartint-talent","status":"publish","type":"post","link":"https:\/\/serveiseducatius.xtec.cat\/mataro\/general\/i-jornades-de-siei-i-siei-plus-de-mataro-teixint-xarxa-i-compartint-talent\/","title":{"rendered":"\u00a0 I Jornades de SIEI i SIEI Plus de Matar\u00f3: teixint xarxa i compartint talent\u00a0\u00a0"},"content":{"rendered":"\n<figure class=\"wp-block-image alignleft size-full is-resized\"><a href=\"https:\/\/serveiseducatius.xtec.cat\/mataro\/wp-content\/uploads\/usu1139\/2026\/06\/Captura-de-pantalla-2026-06-29-083936-1.png\"><img loading=\"lazy\" decoding=\"async\" width=\"571\" height=\"397\" src=\"https:\/\/serveiseducatius.xtec.cat\/mataro\/wp-content\/uploads\/usu1139\/2026\/06\/Captura-de-pantalla-2026-06-29-083936-1.png\" alt=\"\" class=\"wp-image-14061\" style=\"width:646px;height:auto\" srcset=\"https:\/\/serveiseducatius.xtec.cat\/mataro\/wp-content\/uploads\/usu1139\/2026\/06\/Captura-de-pantalla-2026-06-29-083936-1.png 571w, https:\/\/serveiseducatius.xtec.cat\/mataro\/wp-content\/uploads\/usu1139\/2026\/06\/Captura-de-pantalla-2026-06-29-083936-1-300x209.png 300w\" sizes=\"auto, (max-width: 571px) 100vw, 571px\" \/><\/a><\/figure>\n\n\n\n<p class=\"has-text-align-left\">El passat 22 de juny, el Servei Educatiu de Matar\u00f3 va acollir les\u00a0<strong>I Jornades de SIEI i SIEI Plus<\/strong>, una iniciativa nascuda amb el ferm prop\u00f2sit de trencar l&#8217;a\u00efllament dels equips i posar en valor el gran talent que batega als nostres centres. La trobada va ser tot un \u00e8xit i va comptar amb la representaci\u00f3 de la pr\u00e0ctica totalitat dels centres de la ciutat que disposen d&#8217;aquest recurs intensiu. En lloc de discursos te\u00f2rics, la jornada es va plantejar com una activaci\u00f3 de xarxa en viu, on la metodologia del \u00abtu a tu\u00bb i l&#8217;intercanvi d&#8217;experi\u00e8ncies reals van ser els aut\u00e8ntics protagonistes.<\/p>\n\n\n\n<p class=\"has-text-align-left\">Els professionals vam poder con\u00e8ixer-nos, debatre de manera reflexiva i endur-nos un ventall de maneres de fer diferents i idees pr\u00e0ctiques per aterrar de cara al setembre. A m\u00e9s a m\u00e9s, vam comptar amb la col\u00b7laboraci\u00f3 de les DEI, equip que ens va parlar de les MISU i la import\u00e0ncia d&#8217;aplicar-les a les aules, donant-nos recursos espec\u00edfics.&nbsp;<\/p>\n\n\n\n<p class=\"has-text-align-left\">M\u00e9s enll\u00e0 de validar la gran tasca realitzada durant el curs, aquest mat\u00ed de connexi\u00f3 ha servit per fer pinya i consolidar unes aliances estrat\u00e8giques que, de ben segur, enfortiran el dia a dia de la nostra comunitat educativa. Gr\u00e0cies a totes les direccions pel vostre impuls i a tots els equips per fer possible aquesta xarxa de veritat; marxem amb l&#8217;energia renovada i agafant embranzida per al curs vinent!<\/p>\n\n\n\n<figure class=\"wp-block-image aligncenter size-full\"><a href=\"https:\/\/serveiseducatius.xtec.cat\/mataro\/wp-content\/uploads\/usu1139\/2026\/06\/Captura-de-pantalla-2026-06-29-085628.png\"><img loading=\"lazy\" decoding=\"async\" width=\"757\" height=\"697\" src=\"https:\/\/serveiseducatius.xtec.cat\/mataro\/wp-content\/uploads\/usu1139\/2026\/06\/Captura-de-pantalla-2026-06-29-085628.png\" alt=\"\" class=\"wp-image-14064\" srcset=\"https:\/\/serveiseducatius.xtec.cat\/mataro\/wp-content\/uploads\/usu1139\/2026\/06\/Captura-de-pantalla-2026-06-29-085628.png 757w, https:\/\/serveiseducatius.xtec.cat\/mataro\/wp-content\/uploads\/usu1139\/2026\/06\/Captura-de-pantalla-2026-06-29-085628-300x276.png 300w\" sizes=\"auto, (max-width: 757px) 100vw, 757px\" \/><\/a><\/figure>\n\n\n\n<p>Equip l&#8217;EAP-Matar\u00f3 09<\/p>\n\n\n","protected":false},"excerpt":{"rendered":"<p>El passat 22 de juny, el Servei Educatiu de Matar\u00f3 va acollir les\u00a0I Jornades de SIEI i SIEI Plus, una [&hellip;]<\/p>\n","protected":false},"author":5,"featured_media":14060,"comment_status":"open","ping_status":"open","sticky":false,"template":"","format":"standard","meta":{"_bbp_topic_count":0,"_bbp_reply_count":0,"_bbp_total_topic_count":0,"_bbp_total_reply_count":0,"_bbp_voice_count":0,"_bbp_anonymous_reply_count":0,"_bbp_topic_count_hidden":0,"_bbp_reply_count_hidden":0,"_bbp_forum_subforum_count":0,"site-sidebar-layout":"default","site-content-layout":"","ast-site-content-layout":"default","site-content-style":"default","site-sidebar-style":"default","ast-global-header-display":"","ast-banner-title-visibility":"","ast-main-header-display":"","ast-hfb-above-header-display":"","ast-hfb-below-header-display":"","ast-hfb-mobile-header-display":"","site-post-title":"","ast-breadcrumbs-content":"","ast-featured-img":"","footer-sml-layout":"","theme-transparent-header-meta":"","adv-header-id-meta":"","stick-header-meta":"","header-above-stick-meta":"","header-main-stick-meta":"","header-below-stick-meta":"","astra-migrate-meta-layouts":"set","ast-page-background-enabled":"default","ast-page-background-meta":{"desktop":{"background-color":"var(--ast-global-color-4)","background-image":"","background-repeat":"repeat","background-position":"center center","background-size":"auto","background-attachment":"scroll","background-type":"","background-media":"","overlay-type":"","overlay-color":"","overlay-opacity":"","overlay-gradient":""},"tablet":{"background-color":"","background-image":"","background-repeat":"repeat","background-position":"center center","background-size":"auto","background-attachment":"scroll","background-type":"","background-media":"","overlay-type":"","overlay-color":"","overlay-opacity":"","overlay-gradient":""},"mobile":{"background-color":"","background-image":"","background-repeat":"repeat","background-position":"center center","background-size":"auto","background-attachment":"scroll","background-type":"","background-media":"","overlay-type":"","overlay-color":"","overlay-opacity":"","overlay-gradient":""}},"ast-content-background-meta":{"desktop":{"background-color":"var(--ast-global-color-5)","background-image":"","background-repeat":"repeat","background-position":"center center","background-size":"auto","background-attachment":"scroll","background-type":"","background-media":"","overlay-type":"","overlay-color":"","overlay-opacity":"","overlay-gradient":""},"tablet":{"background-color":"var(--ast-global-color-5)","background-image":"","background-repeat":"repeat","background-position":"center center","background-size":"auto","background-attachment":"scroll","background-type":"","background-media":"","overlay-type":"","overlay-color":"","overlay-opacity":"","overlay-gradient":""},"mobile":{"background-color":"var(--ast-global-color-5)","background-image":"","background-repeat":"repeat","background-position":"center center","background-size":"auto","background-attachment":"scroll","background-type":"","background-media":"","overlay-type":"","overlay-color":"","overlay-opacity":"","overlay-gradient":""}},"footnotes":""},"categories":[373,393,370,1,411,412,302],"tags":[],"class_list":["post-14059","post","type-post","status-publish","format-standard","has-post-thumbnail","hentry","category-coeducacio","category-eap-b-09","category-elic","category-general","category-salut","category-steam","category-xarxes-educatives"],"post_mailing_queue_ids":[],"_links":{"self":[{"href":"https:\/\/serveiseducatius.xtec.cat\/mataro\/wp-json\/wp\/v2\/posts\/14059","targetHints":{"allow":["GET"]}}],"collection":[{"href":"https:\/\/serveiseducatius.xtec.cat\/mataro\/wp-json\/wp\/v2\/posts"}],"about":[{"href":"https:\/\/serveiseducatius.xtec.cat\/mataro\/wp-json\/wp\/v2\/types\/post"}],"author":[{"embeddable":true,"href":"https:\/\/serveiseducatius.xtec.cat\/mataro\/wp-json\/wp\/v2\/users\/5"}],"replies":[{"embeddable":true,"href":"https:\/\/serveiseducatius.xtec.cat\/mataro\/wp-json\/wp\/v2\/comments?post=14059"}],"version-history":[{"count":6,"href":"https:\/\/serveiseducatius.xtec.cat\/mataro\/wp-json\/wp\/v2\/posts\/14059\/revisions"}],"predecessor-version":[{"id":14075,"href":"https:\/\/serveiseducatius.xtec.cat\/mataro\/wp-json\/wp\/v2\/posts\/14059\/revisions\/14075"}],"wp:featuredmedia":[{"embeddable":true,"href":"https:\/\/serveiseducatius.xtec.cat\/mataro\/wp-json\/wp\/v2\/media\/14060"}],"wp:attachment":[{"href":"https:\/\/serveiseducatius.xtec.cat\/mataro\/wp-json\/wp\/v2\/media?parent=14059"}],"wp:term":[{"taxonomy":"category","embeddable":true,"href":"https:\/\/serveiseducatius.xtec.cat\/mataro\/wp-json\/wp\/v2\/categories?post=14059"},{"taxonomy":"post_tag","embeddable":true,"href":"https:\/\/serveiseducatius.xtec.cat\/mataro\/wp-json\/wp\/v2\/tags?post=14059"}],"curies":[{"name":"wp","href":"https:\/\/api.w.org\/{rel}","templated":true}]}}