{"id":13879,"date":"2026-04-29T08:49:23","date_gmt":"2026-04-29T06:49:23","guid":{"rendered":"https:\/\/serveiseducatius.xtec.cat\/mataro\/?p=13879"},"modified":"2026-04-29T08:49:26","modified_gmt":"2026-04-29T06:49:26","slug":"formacio-docent-destiu-llengua-i-literatura","status":"publish","type":"post","link":"https:\/\/serveiseducatius.xtec.cat\/mataro\/formacio\/formacio-docent-destiu-llengua-i-literatura\/","title":{"rendered":"Formaci\u00f3 docent d\u2019estiu: llengua i literatura"},"content":{"rendered":"\n<p><strong>Jornada Escriure, llegir i pensar: claus per transformar l\u2019aula de llengua avui<\/strong><\/p>\n\n\n\n<p>Malgrat que el curs escolar no hagi acabat, l\u2019<strong>oferta formativa&nbsp;<\/strong>d\u2019estiu per als docents ja est\u00e0 en marxa. Us fem arribar una activitat&nbsp;<strong>gratu\u00efta<\/strong>&nbsp;adre\u00e7ada a professorat d\u2019educaci\u00f3 prim\u00e0ria i secund\u00e0ria que es realitzar\u00e0 dissabte&nbsp;<strong>27 de juny<\/strong>&nbsp;a la Universitat Aut\u00f2noma de Barcelona (UAB) i que est\u00e0 organitzada pel Grup de Recerca en Educaci\u00f3, Interacci\u00f3 i Pluriling\u00fcisme (GREIP).<\/p>\n\n\n\n<p>La jornada vol proposar un espai de reflexi\u00f3 i intercanvi que interpel\u00b7lin directament la pr\u00e0ctica docent en l\u2019\u00e0mbit de la llengua. &nbsp;Adscrita en el marc del&nbsp;<a href=\"https:\/\/sites.google.com\/view\/arle-barcelona2026-catala\/inici\">congr\u00e9s ARLE\/IFTE Barcelona 2026,<\/a>&nbsp;neix amb la voluntat de ser una oportunitat per&nbsp;<strong>repensar l\u2019ensenyament de la llengua i la literatura<\/strong>&nbsp;des d\u2019una perspectiva actual, cr\u00edtica i connectada amb la recerca internacional.<\/p>\n\n\n\n<p>El programa combina&nbsp;<strong>confer\u00e8ncies<\/strong>&nbsp;sobre el potencial de l\u2019escriptura per construir coneixement i sobre l\u2019impacte de la intel\u00b7lig\u00e8ncia artificial generativa en les pr\u00e0ctiques lletrades, amb una&nbsp;<strong>taula rodona<\/strong>&nbsp;que reivindica el valor social i educatiu de pensar les lleng\u00fces. La jornada es tanca amb un taller vivencial en forma de ruta liter\u00e0ria per Barcelona, que convida a explorar noves maneres d\u2019apropar la literatura a l\u2019alumnat.<\/p>\n\n\n\n<p>Podeu consultar la descripci\u00f3 de la jornada i el programa en aquest enlla\u00e7:&nbsp;<a href=\"https:\/\/www.uab.cat\/ca\/ice\/jornada-escriure-llegir-pensar\">Jornada Escriure, llegir i pensar: claus per transformar l\u2019aula de llengua avui \u2013 Institut de Ci\u00e8ncies de l\u2019Educaci\u00f3 (ICE) \u2013 UAB Barcelona<\/a><\/p>\n\n\n\n<p>Esperem que l\u2019activitat sigui del vostre inter\u00e8s.&nbsp;<\/p>\n\n\n\n<figure class=\"wp-block-image\"><a href=\"https:\/\/projectes.xtec.cat\/educacio-literaria\/wp-content\/uploads\/usu2578\/2026\/04\/UAB_1.png\"><img decoding=\"async\" src=\"https:\/\/projectes.xtec.cat\/educacio-literaria\/wp-content\/uploads\/usu2578\/2026\/04\/UAB_1-1024x532.png\" alt=\"\" class=\"wp-image-10371\"\/><\/a><\/figure>\n","protected":false},"excerpt":{"rendered":"<p>Jornada Escriure, llegir i pensar: claus per transformar l\u2019aula de llengua avui Malgrat que el curs escolar no hagi acabat, [&hellip;]<\/p>\n","protected":false},"author":3,"featured_media":13880,"comment_status":"open","ping_status":"open","sticky":false,"template":"","format":"standard","meta":{"_bbp_topic_count":0,"_bbp_reply_count":0,"_bbp_total_topic_count":0,"_bbp_total_reply_count":0,"_bbp_voice_count":0,"_bbp_anonymous_reply_count":0,"_bbp_topic_count_hidden":0,"_bbp_reply_count_hidden":0,"_bbp_forum_subforum_count":0,"site-sidebar-layout":"default","site-content-layout":"","ast-site-content-layout":"default","site-content-style":"default","site-sidebar-style":"default","ast-global-header-display":"","ast-banner-title-visibility":"","ast-main-header-display":"","ast-hfb-above-header-display":"","ast-hfb-below-header-display":"","ast-hfb-mobile-header-display":"","site-post-title":"","ast-breadcrumbs-content":"","ast-featured-img":"","footer-sml-layout":"","theme-transparent-header-meta":"","adv-header-id-meta":"","stick-header-meta":"","header-above-stick-meta":"","header-main-stick-meta":"","header-below-stick-meta":"","astra-migrate-meta-layouts":"set","ast-page-background-enabled":"default","ast-page-background-meta":{"desktop":{"background-color":"var(--ast-global-color-4)","background-image":"","background-repeat":"repeat","background-position":"center center","background-size":"auto","background-attachment":"scroll","background-type":"","background-media":"","overlay-type":"","overlay-color":"","overlay-opacity":"","overlay-gradient":""},"tablet":{"background-color":"","background-image":"","background-repeat":"repeat","background-position":"center center","background-size":"auto","background-attachment":"scroll","background-type":"","background-media":"","overlay-type":"","overlay-color":"","overlay-opacity":"","overlay-gradient":""},"mobile":{"background-color":"","background-image":"","background-repeat":"repeat","background-position":"center center","background-size":"auto","background-attachment":"scroll","background-type":"","background-media":"","overlay-type":"","overlay-color":"","overlay-opacity":"","overlay-gradient":""}},"ast-content-background-meta":{"desktop":{"background-color":"var(--ast-global-color-5)","background-image":"","background-repeat":"repeat","background-position":"center center","background-size":"auto","background-attachment":"scroll","background-type":"","background-media":"","overlay-type":"","overlay-color":"","overlay-opacity":"","overlay-gradient":""},"tablet":{"background-color":"var(--ast-global-color-5)","background-image":"","background-repeat":"repeat","background-position":"center center","background-size":"auto","background-attachment":"scroll","background-type":"","background-media":"","overlay-type":"","overlay-color":"","overlay-opacity":"","overlay-gradient":""},"mobile":{"background-color":"var(--ast-global-color-5)","background-image":"","background-repeat":"repeat","background-position":"center center","background-size":"auto","background-attachment":"scroll","background-type":"","background-media":"","overlay-type":"","overlay-color":"","overlay-opacity":"","overlay-gradient":""}},"footnotes":""},"categories":[299],"tags":[413,226,359],"class_list":["post-13879","post","type-post","status-publish","format-standard","has-post-thumbnail","hentry","category-formacio","tag-docent-destiu","tag-formacio","tag-recursos"],"post_mailing_queue_ids":[],"_links":{"self":[{"href":"https:\/\/serveiseducatius.xtec.cat\/mataro\/wp-json\/wp\/v2\/posts\/13879","targetHints":{"allow":["GET"]}}],"collection":[{"href":"https:\/\/serveiseducatius.xtec.cat\/mataro\/wp-json\/wp\/v2\/posts"}],"about":[{"href":"https:\/\/serveiseducatius.xtec.cat\/mataro\/wp-json\/wp\/v2\/types\/post"}],"author":[{"embeddable":true,"href":"https:\/\/serveiseducatius.xtec.cat\/mataro\/wp-json\/wp\/v2\/users\/3"}],"replies":[{"embeddable":true,"href":"https:\/\/serveiseducatius.xtec.cat\/mataro\/wp-json\/wp\/v2\/comments?post=13879"}],"version-history":[{"count":1,"href":"https:\/\/serveiseducatius.xtec.cat\/mataro\/wp-json\/wp\/v2\/posts\/13879\/revisions"}],"predecessor-version":[{"id":13881,"href":"https:\/\/serveiseducatius.xtec.cat\/mataro\/wp-json\/wp\/v2\/posts\/13879\/revisions\/13881"}],"wp:featuredmedia":[{"embeddable":true,"href":"https:\/\/serveiseducatius.xtec.cat\/mataro\/wp-json\/wp\/v2\/media\/13880"}],"wp:attachment":[{"href":"https:\/\/serveiseducatius.xtec.cat\/mataro\/wp-json\/wp\/v2\/media?parent=13879"}],"wp:term":[{"taxonomy":"category","embeddable":true,"href":"https:\/\/serveiseducatius.xtec.cat\/mataro\/wp-json\/wp\/v2\/categories?post=13879"},{"taxonomy":"post_tag","embeddable":true,"href":"https:\/\/serveiseducatius.xtec.cat\/mataro\/wp-json\/wp\/v2\/tags?post=13879"}],"curies":[{"name":"wp","href":"https:\/\/api.w.org\/{rel}","templated":true}]}}