{"id":13867,"date":"2026-04-22T12:51:57","date_gmt":"2026-04-22T10:51:57","guid":{"rendered":"https:\/\/serveiseducatius.xtec.cat\/mataro\/?p=13867"},"modified":"2026-04-22T12:51:59","modified_gmt":"2026-04-22T10:51:59","slug":"i-jornada-de-docents-de-persones-adultes-del-maresme-i-valles-oriental","status":"publish","type":"post","link":"https:\/\/serveiseducatius.xtec.cat\/mataro\/general\/i-jornada-de-docents-de-persones-adultes-del-maresme-i-valles-oriental\/","title":{"rendered":"I Jornada de docents de persones adultes del Maresme i Vall\u00e8s Oriental"},"content":{"rendered":"\n<p>La I Jornada de docents de persones adultes del Maresme i Vall\u00e8s Oriental, celebrada a Matar\u00f3 el 17 d\u2019abril de 2026 sota el lema \u201cTeixint xarxes i obrint fronteres\u201d, va reunir m\u00e9s de 170 docents amb l\u2019objectiu de compartir experi\u00e8ncies i proposar millores en els diferents ensenyaments dels CFA.<\/p>\n\n\n\n<p>La jornada es va iniciar amb taules de treball al CFA Els Tarongers, on el professorat va intercanviar idees i va fomentar la col\u00b7laboraci\u00f3. L\u2019esdeveniment, amb suport institucional, va destacar la necessitat de crear xarxes entre docents per superar l\u2019a\u00efllament i potenciar el treball cooperatiu.<\/p>\n\n\n\n<p>A la segona part, diverses pon\u00e8ncies i intervencions van abordar la import\u00e0ncia de la formaci\u00f3 d\u2019adults, la seva evoluci\u00f3 a Europa i oportunitats com el programa Erasmus+. Tamb\u00e9 es van presentar conclusions dels grups de treball, amb la demanda de m\u00e9s temps en futures edicions.<\/p>\n\n\n\n<p>La jornada es va tancar amb un missatge de reconeixement i impuls a la tasca del professorat, i amb la previsi\u00f3 de donar continu\u00eftat a aquesta iniciativa en els propers cursos.<\/p>\n\n\n\n<p>Les imatges de la jornada es poden consultar al perfil d\u2019Instagram<br>@jornadadocentscfamvo<\/p>\n\n\n\n<figure class=\"wp-block-image alignfull\"><img decoding=\"async\" src=\"https:\/\/projectes.xtec.cat\/xarxadults\/wp-content\/uploads\/usu1741\/2026\/04\/Diseno-sin-titulo-3-966x1024.jpg\" alt=\"\" class=\"wp-image-15145\"\/><\/figure>\n","protected":false},"excerpt":{"rendered":"<p>La I Jornada de docents de persones adultes del Maresme i Vall\u00e8s Oriental, celebrada a Matar\u00f3 el 17 d\u2019abril de [&hellip;]<\/p>\n","protected":false},"author":3,"featured_media":13868,"comment_status":"open","ping_status":"open","sticky":false,"template":"","format":"standard","meta":{"_bbp_topic_count":0,"_bbp_reply_count":0,"_bbp_total_topic_count":0,"_bbp_total_reply_count":0,"_bbp_voice_count":0,"_bbp_anonymous_reply_count":0,"_bbp_topic_count_hidden":0,"_bbp_reply_count_hidden":0,"_bbp_forum_subforum_count":0,"site-sidebar-layout":"default","site-content-layout":"","ast-site-content-layout":"default","site-content-style":"default","site-sidebar-style":"default","ast-global-header-display":"","ast-banner-title-visibility":"","ast-main-header-display":"","ast-hfb-above-header-display":"","ast-hfb-below-header-display":"","ast-hfb-mobile-header-display":"","site-post-title":"","ast-breadcrumbs-content":"","ast-featured-img":"","footer-sml-layout":"","theme-transparent-header-meta":"","adv-header-id-meta":"","stick-header-meta":"","header-above-stick-meta":"","header-main-stick-meta":"","header-below-stick-meta":"","astra-migrate-meta-layouts":"set","ast-page-background-enabled":"default","ast-page-background-meta":{"desktop":{"background-color":"var(--ast-global-color-4)","background-image":"","background-repeat":"repeat","background-position":"center center","background-size":"auto","background-attachment":"scroll","background-type":"","background-media":"","overlay-type":"","overlay-color":"","overlay-opacity":"","overlay-gradient":""},"tablet":{"background-color":"","background-image":"","background-repeat":"repeat","background-position":"center center","background-size":"auto","background-attachment":"scroll","background-type":"","background-media":"","overlay-type":"","overlay-color":"","overlay-opacity":"","overlay-gradient":""},"mobile":{"background-color":"","background-image":"","background-repeat":"repeat","background-position":"center center","background-size":"auto","background-attachment":"scroll","background-type":"","background-media":"","overlay-type":"","overlay-color":"","overlay-opacity":"","overlay-gradient":""}},"ast-content-background-meta":{"desktop":{"background-color":"var(--ast-global-color-5)","background-image":"","background-repeat":"repeat","background-position":"center center","background-size":"auto","background-attachment":"scroll","background-type":"","background-media":"","overlay-type":"","overlay-color":"","overlay-opacity":"","overlay-gradient":""},"tablet":{"background-color":"var(--ast-global-color-5)","background-image":"","background-repeat":"repeat","background-position":"center center","background-size":"auto","background-attachment":"scroll","background-type":"","background-media":"","overlay-type":"","overlay-color":"","overlay-opacity":"","overlay-gradient":""},"mobile":{"background-color":"var(--ast-global-color-5)","background-image":"","background-repeat":"repeat","background-position":"center center","background-size":"auto","background-attachment":"scroll","background-type":"","background-media":"","overlay-type":"","overlay-color":"","overlay-opacity":"","overlay-gradient":""}},"footnotes":""},"categories":[301,1,76,77],"tags":[],"class_list":["post-13867","post","type-post","status-publish","format-standard","has-post-thumbnail","hentry","category-dinamitzacio","category-general","category-recursos","category-servei-comunitari"],"post_mailing_queue_ids":[],"_links":{"self":[{"href":"https:\/\/serveiseducatius.xtec.cat\/mataro\/wp-json\/wp\/v2\/posts\/13867","targetHints":{"allow":["GET"]}}],"collection":[{"href":"https:\/\/serveiseducatius.xtec.cat\/mataro\/wp-json\/wp\/v2\/posts"}],"about":[{"href":"https:\/\/serveiseducatius.xtec.cat\/mataro\/wp-json\/wp\/v2\/types\/post"}],"author":[{"embeddable":true,"href":"https:\/\/serveiseducatius.xtec.cat\/mataro\/wp-json\/wp\/v2\/users\/3"}],"replies":[{"embeddable":true,"href":"https:\/\/serveiseducatius.xtec.cat\/mataro\/wp-json\/wp\/v2\/comments?post=13867"}],"version-history":[{"count":1,"href":"https:\/\/serveiseducatius.xtec.cat\/mataro\/wp-json\/wp\/v2\/posts\/13867\/revisions"}],"predecessor-version":[{"id":13869,"href":"https:\/\/serveiseducatius.xtec.cat\/mataro\/wp-json\/wp\/v2\/posts\/13867\/revisions\/13869"}],"wp:featuredmedia":[{"embeddable":true,"href":"https:\/\/serveiseducatius.xtec.cat\/mataro\/wp-json\/wp\/v2\/media\/13868"}],"wp:attachment":[{"href":"https:\/\/serveiseducatius.xtec.cat\/mataro\/wp-json\/wp\/v2\/media?parent=13867"}],"wp:term":[{"taxonomy":"category","embeddable":true,"href":"https:\/\/serveiseducatius.xtec.cat\/mataro\/wp-json\/wp\/v2\/categories?post=13867"},{"taxonomy":"post_tag","embeddable":true,"href":"https:\/\/serveiseducatius.xtec.cat\/mataro\/wp-json\/wp\/v2\/tags?post=13867"}],"curies":[{"name":"wp","href":"https:\/\/api.w.org\/{rel}","templated":true}]}}