{"id":13756,"date":"2026-03-18T17:14:01","date_gmt":"2026-03-18T16:14:01","guid":{"rendered":"https:\/\/serveiseducatius.xtec.cat\/mataro\/?p=13756"},"modified":"2026-03-18T17:14:03","modified_gmt":"2026-03-18T16:14:03","slug":"celebrem-la-vinyeta-dia-del-comic","status":"publish","type":"post","link":"https:\/\/serveiseducatius.xtec.cat\/mataro\/general\/celebrem-la-vinyeta-dia-del-comic\/","title":{"rendered":"Celebrem la vinyeta: Dia del c\u00f2mic"},"content":{"rendered":"\n<p>Per&nbsp;<a href=\"https:\/\/serveiseducatius.xtec.cat\/badalona\/author\/mpozo11\/\">Andrea Pozo&nbsp;<\/a>\/&nbsp;11\/03\/2026&nbsp;\/&nbsp;<a href=\"https:\/\/serveiseducatius.xtec.cat\/badalona\/categoria\/general\/\">General<\/a>&nbsp;<a href=\"https:\/\/serveiseducatius.xtec.cat\/badalona\/categoria\/biblioteca-escolar\/\">Lectura i biblioteca<\/a>&nbsp;<a href=\"https:\/\/serveiseducatius.xtec.cat\/badalona\/categoria\/portada\/\">Portada<\/a>&nbsp;\/&nbsp;<a href=\"https:\/\/serveiseducatius.xtec.cat\/badalona\/tag\/bescat\/\">bescat<\/a>,&nbsp;<a href=\"https:\/\/serveiseducatius.xtec.cat\/badalona\/tag\/comic-2\/\">c\u00f3mic<\/a>,&nbsp;<a href=\"https:\/\/serveiseducatius.xtec.cat\/badalona\/tag\/educacio-primaria\/\">educaci\u00f3 prim\u00e0ria<\/a>,&nbsp;<a href=\"https:\/\/serveiseducatius.xtec.cat\/badalona\/tag\/educacio-secundaria\/\">educaci\u00f3 secund\u00e0ria<\/a>,&nbsp;<a href=\"https:\/\/serveiseducatius.xtec.cat\/badalona\/tag\/lectura\/\">lectura<\/a>,&nbsp;<a href=\"https:\/\/serveiseducatius.xtec.cat\/badalona\/tag\/plamib\/\">plamib<\/a><\/p>\n\n\n\n<p><a href=\"https:\/\/www.addtoany.com\/share#url=https%3A%2F%2Fserveiseducatius.xtec.cat%2Fbadalona%2Fgeneral%2Fcelebrem-la-vinyeta-dia-del-comic%2F&amp;title=Celebrem%20la%20vinyeta%3A%20Dia%20del%20c%C3%B2mic\">Comparteix<\/a><\/p>\n\n\n\n<p>Des de fa quatre anys, cada 17 de mar\u00e7 es celebra el Dia del C\u00f2mic i del Tebeo, com a manera de recon\u00e8ixer el valor del c\u00f2mic, el pes de la seva hist\u00f2ria i la seva import\u00e0ncia en el context actual, la seva diversitat, creativitat i qualitat.<\/p>\n\n\n\n<p>Per commemorar la data, el Ministerio Cultura publica cada any un cartell creat per la persona guanyadora del Premio Nacional del C\u00f3mic de l\u2019any anterior. Enguany, es tracta de la il\u00b7lustradora i autora de c\u00f2mic Candela Sierra, guardonada con el Premio Nacional del C\u00f3mic 2025 per la seva obra:<a href=\"https:\/\/aladi.diba.cat\/record=b2070132~S171*cat\">&nbsp;Lo sabes aunque no te lo he dicho<\/a>.<\/p>\n\n\n\n<figure class=\"wp-block-image\"><img decoding=\"async\" src=\"https:\/\/serveiseducatius.xtec.cat\/badalona\/wp-content\/uploads\/usu1088\/2026\/03\/Captura-de-pantalla-2026-03-11-141753.png\" alt=\"\" class=\"wp-image-27383\"\/><\/figure>\n\n\n\n<p>La data es va triar en homenatge al dia d\u2019inici en 1917 de la publicaci\u00f3 de la revista d\u2019historietes \u2018TBO\u2019, que va popularitzar el model editorial de manera expansiva a Espanya i va donar nom al propi fenomen.<\/p>\n\n\n\n<p>Podeu descarregar el cartell en els diferents idiomes del territori en aquest&nbsp;<a href=\"https:\/\/www.cultura.gob.es\/cultura\/areas\/libro\/mc\/dia-comic-y-tebeo-2026\/cartel.html\">enlla\u00e7<\/a>.<\/p>\n\n\n\n<hr class=\"wp-block-separator has-alpha-channel-opacity\"\/>\n\n\n\n<p>Aqu\u00ed us deixem algunes idees per celebrar l\u2019esdeveniment, mentre gaudim de les millors vinyetes:<\/p>\n\n\n\n<p>1.Participar en la proposta del BESCAT:<a href=\"https:\/\/projectes.xtec.cat\/bescat\/general\/donem-veu-al-comic-celebrem-el-dia-del-comic\/\">&nbsp;Donem veu al c\u00f2mic<\/a>.<\/p>\n\n\n\n<ol class=\"wp-block-list\">\n<li><\/li>\n<\/ol>\n\n\n\n<figure class=\"wp-block-image\"><img decoding=\"async\" src=\"https:\/\/serveiseducatius.xtec.cat\/badalona\/wp-content\/uploads\/usu1088\/2026\/03\/Captura-de-pantalla-2026-03-11-142232.png\" alt=\"\" class=\"wp-image-27384\"\/><\/figure>\n\n\n\n<p>2. Visitar el&nbsp;<a href=\"https:\/\/www.grafcomic.com\/\">GRAF 26<\/a>&nbsp;(festival de c\u00f2mic i autoedici\u00f3) aquest cap de setmana a la&nbsp;<a href=\"https:\/\/www.grafcomic.com\/#location\"><strong>Fabra i Coats<\/strong><\/a>&nbsp;els dies 14-15 de mar\u00e7.<\/p>\n\n\n\n<figure class=\"wp-block-image\"><img decoding=\"async\" src=\"https:\/\/serveiseducatius.xtec.cat\/badalona\/wp-content\/uploads\/usu1088\/2026\/03\/69aa775647ff4845fa685703_cabecera20web20buena201-p-2000.jpg\" alt=\"\" class=\"wp-image-27388\"\/><\/figure>\n\n\n\n<p>3. Reservar alguna de les maletes de c\u00f2mic disponibles al Servei Educatiu, tant per&nbsp;<a href=\"https:\/\/serveiseducatius.xtec.cat\/badalona\/portada\/nova-maleta-comic-a-primaria-8-12-anys\/\">prim\u00e0ria<\/a>, com per&nbsp;<a href=\"https:\/\/drive.google.com\/file\/d\/1cGqNYyd9f5vtFIInUXCVL6wH13fPZHHG\/view\">secund\u00e0ria<\/a>.<\/p>\n\n\n\n<figure class=\"wp-block-image\"><img decoding=\"async\" src=\"https:\/\/serveiseducatius.xtec.cat\/badalona\/wp-content\/uploads\/usu1088\/2026\/03\/Captura-1.png\" alt=\"\" class=\"wp-image-27389\"\/><\/figure>\n\n\n\n<p>4. O simplement, cercar a les biblioteques p\u00fabliques els c\u00f2mics del guardonats amb el&nbsp;<a href=\"https:\/\/www.cultura.gob.es\/premiado\/busquedaPremioParticularAction.do?action=busquedaInicial&amp;params.id_tipo_premio=11730&amp;layout=PremioNacComicLibro&amp;cache=init&amp;language=es\">Premio Nacional del C\u00f3mic<\/a>.<\/p>\n\n\n\n<p>Bones vinyetes!<\/p>\n","protected":false},"excerpt":{"rendered":"<p>Per&nbsp;Andrea Pozo&nbsp;\/&nbsp;11\/03\/2026&nbsp;\/&nbsp;General&nbsp;Lectura i biblioteca&nbsp;Portada&nbsp;\/&nbsp;bescat,&nbsp;c\u00f3mic,&nbsp;educaci\u00f3 prim\u00e0ria,&nbsp;educaci\u00f3 secund\u00e0ria,&nbsp;lectura,&nbsp;plamib Comparteix Des de fa quatre anys, cada 17 de mar\u00e7 es celebra el Dia [&hellip;]<\/p>\n","protected":false},"author":3,"featured_media":13757,"comment_status":"open","ping_status":"open","sticky":false,"template":"","format":"standard","meta":{"_bbp_topic_count":0,"_bbp_reply_count":0,"_bbp_total_topic_count":0,"_bbp_total_reply_count":0,"_bbp_voice_count":0,"_bbp_anonymous_reply_count":0,"_bbp_topic_count_hidden":0,"_bbp_reply_count_hidden":0,"_bbp_forum_subforum_count":0,"site-sidebar-layout":"default","site-content-layout":"","ast-site-content-layout":"default","site-content-style":"default","site-sidebar-style":"default","ast-global-header-display":"","ast-banner-title-visibility":"","ast-main-header-display":"","ast-hfb-above-header-display":"","ast-hfb-below-header-display":"","ast-hfb-mobile-header-display":"","site-post-title":"","ast-breadcrumbs-content":"","ast-featured-img":"","footer-sml-layout":"","theme-transparent-header-meta":"","adv-header-id-meta":"","stick-header-meta":"","header-above-stick-meta":"","header-main-stick-meta":"","header-below-stick-meta":"","astra-migrate-meta-layouts":"set","ast-page-background-enabled":"default","ast-page-background-meta":{"desktop":{"background-color":"var(--ast-global-color-4)","background-image":"","background-repeat":"repeat","background-position":"center center","background-size":"auto","background-attachment":"scroll","background-type":"","background-media":"","overlay-type":"","overlay-color":"","overlay-opacity":"","overlay-gradient":""},"tablet":{"background-color":"","background-image":"","background-repeat":"repeat","background-position":"center center","background-size":"auto","background-attachment":"scroll","background-type":"","background-media":"","overlay-type":"","overlay-color":"","overlay-opacity":"","overlay-gradient":""},"mobile":{"background-color":"","background-image":"","background-repeat":"repeat","background-position":"center center","background-size":"auto","background-attachment":"scroll","background-type":"","background-media":"","overlay-type":"","overlay-color":"","overlay-opacity":"","overlay-gradient":""}},"ast-content-background-meta":{"desktop":{"background-color":"var(--ast-global-color-5)","background-image":"","background-repeat":"repeat","background-position":"center center","background-size":"auto","background-attachment":"scroll","background-type":"","background-media":"","overlay-type":"","overlay-color":"","overlay-opacity":"","overlay-gradient":""},"tablet":{"background-color":"var(--ast-global-color-5)","background-image":"","background-repeat":"repeat","background-position":"center center","background-size":"auto","background-attachment":"scroll","background-type":"","background-media":"","overlay-type":"","overlay-color":"","overlay-opacity":"","overlay-gradient":""},"mobile":{"background-color":"var(--ast-global-color-5)","background-image":"","background-repeat":"repeat","background-position":"center center","background-size":"auto","background-attachment":"scroll","background-type":"","background-media":"","overlay-type":"","overlay-color":"","overlay-opacity":"","overlay-gradient":""}},"footnotes":""},"categories":[81,383,384,1],"tags":[],"class_list":["post-13756","post","type-post","status-publish","format-standard","has-post-thumbnail","hentry","category-biblioteca-escolar","category-primaria","category-secundaria","category-general"],"post_mailing_queue_ids":[],"_links":{"self":[{"href":"https:\/\/serveiseducatius.xtec.cat\/mataro\/wp-json\/wp\/v2\/posts\/13756","targetHints":{"allow":["GET"]}}],"collection":[{"href":"https:\/\/serveiseducatius.xtec.cat\/mataro\/wp-json\/wp\/v2\/posts"}],"about":[{"href":"https:\/\/serveiseducatius.xtec.cat\/mataro\/wp-json\/wp\/v2\/types\/post"}],"author":[{"embeddable":true,"href":"https:\/\/serveiseducatius.xtec.cat\/mataro\/wp-json\/wp\/v2\/users\/3"}],"replies":[{"embeddable":true,"href":"https:\/\/serveiseducatius.xtec.cat\/mataro\/wp-json\/wp\/v2\/comments?post=13756"}],"version-history":[{"count":1,"href":"https:\/\/serveiseducatius.xtec.cat\/mataro\/wp-json\/wp\/v2\/posts\/13756\/revisions"}],"predecessor-version":[{"id":13758,"href":"https:\/\/serveiseducatius.xtec.cat\/mataro\/wp-json\/wp\/v2\/posts\/13756\/revisions\/13758"}],"wp:featuredmedia":[{"embeddable":true,"href":"https:\/\/serveiseducatius.xtec.cat\/mataro\/wp-json\/wp\/v2\/media\/13757"}],"wp:attachment":[{"href":"https:\/\/serveiseducatius.xtec.cat\/mataro\/wp-json\/wp\/v2\/media?parent=13756"}],"wp:term":[{"taxonomy":"category","embeddable":true,"href":"https:\/\/serveiseducatius.xtec.cat\/mataro\/wp-json\/wp\/v2\/categories?post=13756"},{"taxonomy":"post_tag","embeddable":true,"href":"https:\/\/serveiseducatius.xtec.cat\/mataro\/wp-json\/wp\/v2\/tags?post=13756"}],"curies":[{"name":"wp","href":"https:\/\/api.w.org\/{rel}","templated":true}]}}