{"id":13124,"date":"2025-11-13T12:12:42","date_gmt":"2025-11-13T11:12:42","guid":{"rendered":"https:\/\/serveiseducatius.xtec.cat\/mataro\/?p=13124"},"modified":"2025-11-13T12:12:45","modified_gmt":"2025-11-13T11:12:45","slug":"maleta-audiovisual-us-de-la-llengua","status":"publish","type":"post","link":"https:\/\/serveiseducatius.xtec.cat\/mataro\/general\/maleta-audiovisual-us-de-la-llengua\/","title":{"rendered":"Maleta audiovisual: \u00fas de la llengua"},"content":{"rendered":"\n<h1 class=\"wp-block-heading has-medium-font-size\">Des del NODES de Biblioteques escolars de Catalunya comparteixen un conjunt de propostes que esdevenen experi\u00e8ncies que fomenten l\u2019\u00fas de la llengua amb una visi\u00f3 integradora i globalitzadora dels aprenentatges ling\u00fc\u00edstics utilitzant els elements de\u00a0<a href=\"https:\/\/projectes.xtec.cat\/digital\/equipaments-i-infraestructures\/maleta-audiovisual\/\" target=\"_blank\" rel=\"noreferrer noopener\">la maleta audiovisual<\/a>\u00a0(trobareu m\u00e9s informaci\u00f3 de la maleta audiovisual al nodes digital).<\/h1>\n\n\n\n<p>Totes les propostes s\u00f3n treballs en equip: Canal de reporters, \u00e0rea de cultura digital i el programa de biblioteques escolars.<\/p>\n\n\n\n<h2 class=\"wp-block-heading\"><a href=\"https:\/\/projectes.xtec.cat\/digital\/equipaments-i-infraestructures\/maleta-audiovisual\/conte-audiovisual\/\" target=\"_blank\" rel=\"noreferrer noopener\">Conte audiovisual<\/a><\/h2>\n\n\n\n<figure class=\"wp-block-image\"><img decoding=\"async\" src=\"https:\/\/projectes.xtec.cat\/bescat\/wp-content\/uploads\/usu793\/2025\/11\/Un-conte-petit.png\" alt=\"\" class=\"wp-image-16143\"\/><\/figure>\n\n\n\n<h2 class=\"wp-block-heading\"><a href=\"https:\/\/drive.google.com\/file\/d\/1GS46zMmCriAoeHI_pkGFjDYT8ij1ke4A\/view\" target=\"_blank\" rel=\"noreferrer noopener\">Previsi\u00f3 lectora<\/a><\/h2>\n\n\n\n<figure class=\"wp-block-image\"><img decoding=\"async\" src=\"https:\/\/projectes.xtec.cat\/bescat\/wp-content\/uploads\/usu793\/2025\/11\/previsio-2.png\" alt=\"\" class=\"wp-image-16172\"\/><\/figure>\n\n\n\n<h2 class=\"wp-block-heading\"><a href=\"https:\/\/www.youtube.com\/watch?v=9y6-ekGzA6s\" target=\"_blank\" rel=\"noreferrer noopener\">Carnet BE<\/a><\/h2>\n\n\n\n<figure class=\"wp-block-image\"><img decoding=\"async\" src=\"https:\/\/projectes.xtec.cat\/bescat\/wp-content\/uploads\/usu793\/2025\/11\/Carnet-1.png\" alt=\"\" class=\"wp-image-16146\"\/><\/figure>\n\n\n\n<h2 class=\"wp-block-heading\"><a href=\"https:\/\/drive.google.com\/file\/d\/17hCI_pan5S76yrLFlhHoCOkdZG2soKBr\/view\" target=\"_blank\" rel=\"noreferrer noopener\">Entrevista C. Correro<\/a><\/h2>\n\n\n\n<figure class=\"wp-block-image\"><img decoding=\"async\" src=\"https:\/\/projectes.xtec.cat\/bescat\/wp-content\/uploads\/usu793\/2025\/05\/Entrevista-Correro-e1747989417981.png\" alt=\"\" class=\"wp-image-15491\"\/><\/figure>\n\n\n\n<h2 class=\"wp-block-heading\"><a href=\"https:\/\/www.youtube.com\/watch?v=JqKnyA3zy-g\" target=\"_blank\" rel=\"noreferrer noopener\">Entrevista J. Portell<\/a><\/h2>\n\n\n\n<figure class=\"wp-block-image\"><img decoding=\"async\" src=\"https:\/\/projectes.xtec.cat\/bescat\/wp-content\/uploads\/usu793\/2025\/11\/entrevista.png\" alt=\"\" class=\"wp-image-16150\"\/><\/figure>\n\n\n\n<h2 class=\"wp-block-heading\"><a href=\"https:\/\/drive.google.com\/file\/d\/1ICofFOFk6W7PevnoALVBJ-wHcNI8lxk0\/view\" target=\"_blank\" rel=\"noreferrer noopener\">Revista digital<\/a><\/h2>\n\n\n\n<figure class=\"wp-block-image\"><img decoding=\"async\" src=\"https:\/\/projectes.xtec.cat\/bescat\/wp-content\/uploads\/usu793\/2025\/11\/RevistaDigital-Voluntaris-contra-la-desinformacio.png\" alt=\"\" class=\"wp-image-16154\"\/><\/figure>\n\n\n\n<h2 class=\"wp-block-heading\"><a href=\"https:\/\/drive.google.com\/file\/d\/1jKoKLkKvD9DbYa8Ctd_eEzQPu1LMHOsB\/view\" target=\"_blank\" rel=\"noreferrer noopener\">Revista digital<\/a><\/h2>\n\n\n\n<figure class=\"wp-block-image\"><img decoding=\"async\" src=\"https:\/\/projectes.xtec.cat\/bescat\/wp-content\/uploads\/usu793\/2025\/11\/logo-revista-periodisme-cientific-i-divulgatiu.png\" alt=\"\" class=\"wp-image-16155\"\/><\/figure>\n\n\n\n<h2 class=\"wp-block-heading\"><a href=\"https:\/\/drive.google.com\/file\/d\/1o9CpwfLr6KQy5a0tGAiwosmd1O7uy-WP\/view\" target=\"_blank\" rel=\"noreferrer noopener\">Propostes AMI<\/a><\/h2>\n\n\n\n<figure class=\"wp-block-image\"><img decoding=\"async\" src=\"https:\/\/projectes.xtec.cat\/bescat\/wp-content\/uploads\/usu793\/2025\/11\/Propostes_Treball_AMI-2023-2024.png\" alt=\"\" class=\"wp-image-16153\"\/><\/figure>\n\n\n\n<h2 class=\"wp-block-heading\"><a href=\"https:\/\/drive.google.com\/file\/d\/1jKoKLkKvD9DbYa8Ctd_eEzQPu1LMHOsB\/view\" target=\"_blank\" rel=\"noreferrer noopener\">Dossier treball<\/a><\/h2>\n\n\n\n<figure class=\"wp-block-image\"><img decoding=\"async\" src=\"https:\/\/projectes.xtec.cat\/bescat\/wp-content\/uploads\/usu793\/2025\/11\/logo-dossier-2024-2025.png\" alt=\"\" class=\"wp-image-16152\"\/><\/figure>\n\n\n\n<h2 class=\"wp-block-heading\"><a href=\"https:\/\/drive.google.com\/file\/d\/1v9jfVVvVbd_oVTQPSOveAI-j6lr2mKHq\/view\" target=\"_blank\" rel=\"noreferrer noopener\">Dossier treball<\/a><\/h2>\n\n\n\n<figure class=\"wp-block-image\"><img decoding=\"async\" src=\"https:\/\/projectes.xtec.cat\/bescat\/wp-content\/uploads\/usu793\/2025\/11\/dossier-AMI-2025-2026.png\" alt=\"\" class=\"wp-image-16151\"\/><\/figure>\n","protected":false},"excerpt":{"rendered":"<p>Des del NODES de Biblioteques escolars de Catalunya comparteixen un conjunt de propostes que esdevenen experi\u00e8ncies que fomenten l\u2019\u00fas de [&hellip;]<\/p>\n","protected":false},"author":1,"featured_media":13126,"comment_status":"open","ping_status":"open","sticky":false,"template":"","format":"standard","meta":{"_bbp_topic_count":0,"_bbp_reply_count":0,"_bbp_total_topic_count":0,"_bbp_total_reply_count":0,"_bbp_voice_count":0,"_bbp_anonymous_reply_count":0,"_bbp_topic_count_hidden":0,"_bbp_reply_count_hidden":0,"_bbp_forum_subforum_count":0,"site-sidebar-layout":"default","site-content-layout":"","ast-site-content-layout":"default","site-content-style":"default","site-sidebar-style":"default","ast-global-header-display":"","ast-banner-title-visibility":"","ast-main-header-display":"","ast-hfb-above-header-display":"","ast-hfb-below-header-display":"","ast-hfb-mobile-header-display":"","site-post-title":"","ast-breadcrumbs-content":"","ast-featured-img":"","footer-sml-layout":"","theme-transparent-header-meta":"","adv-header-id-meta":"","stick-header-meta":"","header-above-stick-meta":"","header-main-stick-meta":"","header-below-stick-meta":"","astra-migrate-meta-layouts":"set","ast-page-background-enabled":"default","ast-page-background-meta":{"desktop":{"background-color":"var(--ast-global-color-4)","background-image":"","background-repeat":"repeat","background-position":"center center","background-size":"auto","background-attachment":"scroll","background-type":"","background-media":"","overlay-type":"","overlay-color":"","overlay-opacity":"","overlay-gradient":""},"tablet":{"background-color":"","background-image":"","background-repeat":"repeat","background-position":"center center","background-size":"auto","background-attachment":"scroll","background-type":"","background-media":"","overlay-type":"","overlay-color":"","overlay-opacity":"","overlay-gradient":""},"mobile":{"background-color":"","background-image":"","background-repeat":"repeat","background-position":"center center","background-size":"auto","background-attachment":"scroll","background-type":"","background-media":"","overlay-type":"","overlay-color":"","overlay-opacity":"","overlay-gradient":""}},"ast-content-background-meta":{"desktop":{"background-color":"var(--ast-global-color-5)","background-image":"","background-repeat":"repeat","background-position":"center center","background-size":"auto","background-attachment":"scroll","background-type":"","background-media":"","overlay-type":"","overlay-color":"","overlay-opacity":"","overlay-gradient":""},"tablet":{"background-color":"var(--ast-global-color-5)","background-image":"","background-repeat":"repeat","background-position":"center center","background-size":"auto","background-attachment":"scroll","background-type":"","background-media":"","overlay-type":"","overlay-color":"","overlay-opacity":"","overlay-gradient":""},"mobile":{"background-color":"var(--ast-global-color-5)","background-image":"","background-repeat":"repeat","background-position":"center center","background-size":"auto","background-attachment":"scroll","background-type":"","background-media":"","overlay-type":"","overlay-color":"","overlay-opacity":"","overlay-gradient":""}},"footnotes":""},"categories":[1],"tags":[166,196],"class_list":["post-13124","post","type-post","status-publish","format-standard","has-post-thumbnail","hentry","category-general","tag-biblioteca-escolar","tag-competencia-digital"],"post_mailing_queue_ids":[],"_links":{"self":[{"href":"https:\/\/serveiseducatius.xtec.cat\/mataro\/wp-json\/wp\/v2\/posts\/13124","targetHints":{"allow":["GET"]}}],"collection":[{"href":"https:\/\/serveiseducatius.xtec.cat\/mataro\/wp-json\/wp\/v2\/posts"}],"about":[{"href":"https:\/\/serveiseducatius.xtec.cat\/mataro\/wp-json\/wp\/v2\/types\/post"}],"author":[{"embeddable":true,"href":"https:\/\/serveiseducatius.xtec.cat\/mataro\/wp-json\/wp\/v2\/users\/1"}],"replies":[{"embeddable":true,"href":"https:\/\/serveiseducatius.xtec.cat\/mataro\/wp-json\/wp\/v2\/comments?post=13124"}],"version-history":[{"count":1,"href":"https:\/\/serveiseducatius.xtec.cat\/mataro\/wp-json\/wp\/v2\/posts\/13124\/revisions"}],"predecessor-version":[{"id":13127,"href":"https:\/\/serveiseducatius.xtec.cat\/mataro\/wp-json\/wp\/v2\/posts\/13124\/revisions\/13127"}],"wp:featuredmedia":[{"embeddable":true,"href":"https:\/\/serveiseducatius.xtec.cat\/mataro\/wp-json\/wp\/v2\/media\/13126"}],"wp:attachment":[{"href":"https:\/\/serveiseducatius.xtec.cat\/mataro\/wp-json\/wp\/v2\/media?parent=13124"}],"wp:term":[{"taxonomy":"category","embeddable":true,"href":"https:\/\/serveiseducatius.xtec.cat\/mataro\/wp-json\/wp\/v2\/categories?post=13124"},{"taxonomy":"post_tag","embeddable":true,"href":"https:\/\/serveiseducatius.xtec.cat\/mataro\/wp-json\/wp\/v2\/tags?post=13124"}],"curies":[{"name":"wp","href":"https:\/\/api.w.org\/{rel}","templated":true}]}}