{"id":12712,"date":"2025-09-12T13:47:25","date_gmt":"2025-09-12T11:47:25","guid":{"rendered":"https:\/\/serveiseducatius.xtec.cat\/mataro\/?p=12712"},"modified":"2025-09-12T13:47:27","modified_gmt":"2025-09-12T11:47:27","slug":"conferencia-17-09-un-recorregut-per-la-historia-de-la-fisica-quantica-biblioteca-pompeu-fabra","status":"publish","type":"post","link":"https:\/\/serveiseducatius.xtec.cat\/mataro\/general\/conferencia-17-09-un-recorregut-per-la-historia-de-la-fisica-quantica-biblioteca-pompeu-fabra\/","title":{"rendered":"Confer\u00e8ncia 17\/09\u00a0&#8220;Un recorregut per la hist\u00f2ria de la f\u00edsica qu\u00e0ntica&#8221;. Biblioteca Pompeu Fabra"},"content":{"rendered":"\n<p>La Biblioteca Pompeu Fabra de Matar\u00f3 us convida a la confer\u00e8ncia\u00a0&#8220;<strong>Un recorregut per la hist\u00f2ria de la f\u00edsica qu\u00e0ntica<\/strong>&#8221;\u00a0a c\u00e0rrec de la S\u00f2nia Fern\u00e1ndez-Vidal. &#8220;Escriure sobre la f\u00edsica qu\u00e0ntica \u00e9s endinsar-se en el misteri profund del cosmos, on les part\u00edcules ballen en un univers de possibilitats infinites. La meva inspiraci\u00f3 prov\u00e9 de la fascinaci\u00f3 per all\u00f2 desconegut, un desig d\u2019explorar els secrets que ens connecten a tots a trav\u00e9s de la meravella de la ci\u00e8ncia.&#8221;<\/p>\n\n\n\n<p><img decoding=\"async\" alt=\"\ud83d\udcc5\" src=\"https:\/\/fonts.gstatic.com\/s\/e\/notoemoji\/16.0\/1f4c5\/72.png\">&nbsp;<strong>Quan?<\/strong>&nbsp;Dimecres&nbsp;<strong>17 de setembre a les 18:30 h<\/strong><br><img decoding=\"async\" alt=\"\ud83d\udccd\" src=\"https:\/\/fonts.gstatic.com\/s\/e\/notoemoji\/16.0\/1f4cd\/72.png\">&nbsp;<strong>On?<\/strong>&nbsp;Espai crea)acci\u00f3 de la&nbsp;<strong>Biblioteca Pompeu Fabra (Matar\u00f3)<\/strong><\/p>\n\n\n\n<p>Commemorem<strong>\u00a0l\u2019Any Internacional de la Ci\u00e8ncia i la Tecnologia\u00a0Qu\u00e0ntica<\/strong>.<\/p>\n\n\n\n<figure class=\"wp-block-image size-full\"><a href=\"https:\/\/serveiseducatius.xtec.cat\/mataro\/wp-content\/uploads\/usu1139\/2025\/09\/unnamed-2.jpg\"><img loading=\"lazy\" decoding=\"async\" width=\"438\" height=\"620\" src=\"https:\/\/serveiseducatius.xtec.cat\/mataro\/wp-content\/uploads\/usu1139\/2025\/09\/unnamed-2.jpg\" alt=\"\" class=\"wp-image-12713\" srcset=\"https:\/\/serveiseducatius.xtec.cat\/mataro\/wp-content\/uploads\/usu1139\/2025\/09\/unnamed-2.jpg 438w, https:\/\/serveiseducatius.xtec.cat\/mataro\/wp-content\/uploads\/usu1139\/2025\/09\/unnamed-2-212x300.jpg 212w\" sizes=\"auto, (max-width: 438px) 100vw, 438px\" \/><\/a><\/figure>\n","protected":false},"excerpt":{"rendered":"<p>La Biblioteca Pompeu Fabra de Matar\u00f3 us convida a la confer\u00e8ncia\u00a0&#8220;Un recorregut per la hist\u00f2ria de la f\u00edsica qu\u00e0ntica&#8221;\u00a0a c\u00e0rrec [&hellip;]<\/p>\n","protected":false},"author":1,"featured_media":12713,"comment_status":"open","ping_status":"open","sticky":false,"template":"","format":"standard","meta":{"_bbp_topic_count":0,"_bbp_reply_count":0,"_bbp_total_topic_count":0,"_bbp_total_reply_count":0,"_bbp_voice_count":0,"_bbp_anonymous_reply_count":0,"_bbp_topic_count_hidden":0,"_bbp_reply_count_hidden":0,"_bbp_forum_subforum_count":0,"site-sidebar-layout":"default","site-content-layout":"","ast-site-content-layout":"default","site-content-style":"default","site-sidebar-style":"default","ast-global-header-display":"","ast-banner-title-visibility":"","ast-main-header-display":"","ast-hfb-above-header-display":"","ast-hfb-below-header-display":"","ast-hfb-mobile-header-display":"","site-post-title":"","ast-breadcrumbs-content":"","ast-featured-img":"","footer-sml-layout":"","theme-transparent-header-meta":"","adv-header-id-meta":"","stick-header-meta":"","header-above-stick-meta":"","header-main-stick-meta":"","header-below-stick-meta":"","astra-migrate-meta-layouts":"set","ast-page-background-enabled":"default","ast-page-background-meta":{"desktop":{"background-color":"var(--ast-global-color-4)","background-image":"","background-repeat":"repeat","background-position":"center center","background-size":"auto","background-attachment":"scroll","background-type":"","background-media":"","overlay-type":"","overlay-color":"","overlay-opacity":"","overlay-gradient":""},"tablet":{"background-color":"","background-image":"","background-repeat":"repeat","background-position":"center center","background-size":"auto","background-attachment":"scroll","background-type":"","background-media":"","overlay-type":"","overlay-color":"","overlay-opacity":"","overlay-gradient":""},"mobile":{"background-color":"","background-image":"","background-repeat":"repeat","background-position":"center center","background-size":"auto","background-attachment":"scroll","background-type":"","background-media":"","overlay-type":"","overlay-color":"","overlay-opacity":"","overlay-gradient":""}},"ast-content-background-meta":{"desktop":{"background-color":"var(--ast-global-color-5)","background-image":"","background-repeat":"repeat","background-position":"center center","background-size":"auto","background-attachment":"scroll","background-type":"","background-media":"","overlay-type":"","overlay-color":"","overlay-opacity":"","overlay-gradient":""},"tablet":{"background-color":"var(--ast-global-color-5)","background-image":"","background-repeat":"repeat","background-position":"center center","background-size":"auto","background-attachment":"scroll","background-type":"","background-media":"","overlay-type":"","overlay-color":"","overlay-opacity":"","overlay-gradient":""},"mobile":{"background-color":"var(--ast-global-color-5)","background-image":"","background-repeat":"repeat","background-position":"center center","background-size":"auto","background-attachment":"scroll","background-type":"","background-media":"","overlay-type":"","overlay-color":"","overlay-opacity":"","overlay-gradient":""}},"footnotes":""},"categories":[1],"tags":[],"class_list":["post-12712","post","type-post","status-publish","format-standard","has-post-thumbnail","hentry","category-general"],"post_mailing_queue_ids":[],"_links":{"self":[{"href":"https:\/\/serveiseducatius.xtec.cat\/mataro\/wp-json\/wp\/v2\/posts\/12712","targetHints":{"allow":["GET"]}}],"collection":[{"href":"https:\/\/serveiseducatius.xtec.cat\/mataro\/wp-json\/wp\/v2\/posts"}],"about":[{"href":"https:\/\/serveiseducatius.xtec.cat\/mataro\/wp-json\/wp\/v2\/types\/post"}],"author":[{"embeddable":true,"href":"https:\/\/serveiseducatius.xtec.cat\/mataro\/wp-json\/wp\/v2\/users\/1"}],"replies":[{"embeddable":true,"href":"https:\/\/serveiseducatius.xtec.cat\/mataro\/wp-json\/wp\/v2\/comments?post=12712"}],"version-history":[{"count":1,"href":"https:\/\/serveiseducatius.xtec.cat\/mataro\/wp-json\/wp\/v2\/posts\/12712\/revisions"}],"predecessor-version":[{"id":12714,"href":"https:\/\/serveiseducatius.xtec.cat\/mataro\/wp-json\/wp\/v2\/posts\/12712\/revisions\/12714"}],"wp:featuredmedia":[{"embeddable":true,"href":"https:\/\/serveiseducatius.xtec.cat\/mataro\/wp-json\/wp\/v2\/media\/12713"}],"wp:attachment":[{"href":"https:\/\/serveiseducatius.xtec.cat\/mataro\/wp-json\/wp\/v2\/media?parent=12712"}],"wp:term":[{"taxonomy":"category","embeddable":true,"href":"https:\/\/serveiseducatius.xtec.cat\/mataro\/wp-json\/wp\/v2\/categories?post=12712"},{"taxonomy":"post_tag","embeddable":true,"href":"https:\/\/serveiseducatius.xtec.cat\/mataro\/wp-json\/wp\/v2\/tags?post=12712"}],"curies":[{"name":"wp","href":"https:\/\/api.w.org\/{rel}","templated":true}]}}