{"id":12588,"date":"2025-06-06T10:38:57","date_gmt":"2025-06-06T08:38:57","guid":{"rendered":"https:\/\/serveiseducatius.xtec.cat\/mataro\/?p=12588"},"modified":"2025-06-06T10:39:00","modified_gmt":"2025-06-06T08:39:00","slug":"matmat-mataro-estrena-la-primera-gimcana-matematica-al-carrer-amb-la-participacio-de-150-alumnes-de-primaria","status":"publish","type":"post","link":"https:\/\/serveiseducatius.xtec.cat\/mataro\/general\/matmat-mataro-estrena-la-primera-gimcana-matematica-al-carrer-amb-la-participacio-de-150-alumnes-de-primaria\/","title":{"rendered":"&#8220;matMat&#8221; Matar\u00f3 estrena la primera gimcana matem\u00e0tica al carrer amb la participaci\u00f3 de 150 alumnes de prim\u00e0ria"},"content":{"rendered":"\n<p class=\"has-white-color has-ast-global-color-1-background-color has-text-color has-background has-link-color wp-elements-fd94da337c6dbfbe6b2af66d8a27e465\">El Parc Central de Matar\u00f3 es va convertir, el 30 de maig, en l\u2019escenari de la primera gimcana matem\u00e0tica de la ciutat, organitzada pel <strong>Seminari de coordinaci\u00f3 matMat<\/strong> amb motiu del Dia Escolar de les Matem\u00e0tiques. L\u2019activitat va comptar amb la col\u00b7laboraci\u00f3 de l\u2019Associaci\u00f3 de Professors i Mestres de Matem\u00e0tiques (APaMMs), el Centre de Recursos Pedag\u00f2gics (CRP) del Departament d\u2019Educaci\u00f3 i Formaci\u00f3 Professional i l\u2019Ajuntament de Matar\u00f3.<\/p>\n\n\n\n<p>Batejada com a matMAT \u2014acr\u00f2nim que juga amb \u201cmatem\u00e0tiques a Matar\u00f3\u201d o \u201cMatar\u00f3 matem\u00e0tiques\u201d, aprofitant la propietat commutativa\u2014, la gimcana s\u2019ha inspirat en iniciatives escolars col\u00b7lectives vinculades a la dansa i la m\u00fasica, aix\u00ed com en la recent \u201cRuta matem\u00e0tica del Cam\u00ed dels Degotalls\u201d de Montserrat.<\/p>\n\n\n\n<p>L\u2019activitat vol promoure una mirada matem\u00e0tica al carrer i posar en valor l\u2019entorn urb\u00e0 com a recurs educatiu. Els docents participants van dissenyar reptes contextualitzats perqu\u00e8 els alumnes poguessin resoldre problemes, treballar en equip i aplicar els coneixements matem\u00e0tics fora de l\u2019aula.<\/p>\n\n\n\n<p>Podeu veure la not\u00edcia sencera al seg\u00fcent enlla\u00e7:<\/p>\n\n\n\n<p><a href=\"https:\/\/www.mataro.cat\/ca\/actualitat\/noticies\/2025\/mataro-estrena-la-primera-gimcana-matematica-al-carrer-amb-la-participacio-de-150-alumnes-de-primaria\">https:\/\/www.mataro.cat\/ca\/actualitat\/noticies\/2025\/mataro-estrena-la-primera-gimcana-matematica-al-carrer-amb-la-participacio-de-150-alumnes-de-primaria<\/a><\/p>\n","protected":false},"excerpt":{"rendered":"<p>El Parc Central de Matar\u00f3 es va convertir, el 30 de maig, en l\u2019escenari de la primera gimcana matem\u00e0tica de [&hellip;]<\/p>\n","protected":false},"author":1,"featured_media":12589,"comment_status":"open","ping_status":"open","sticky":false,"template":"","format":"standard","meta":{"_bbp_topic_count":0,"_bbp_reply_count":0,"_bbp_total_topic_count":0,"_bbp_total_reply_count":0,"_bbp_voice_count":0,"_bbp_anonymous_reply_count":0,"_bbp_topic_count_hidden":0,"_bbp_reply_count_hidden":0,"_bbp_forum_subforum_count":0,"site-sidebar-layout":"default","site-content-layout":"","ast-site-content-layout":"default","site-content-style":"default","site-sidebar-style":"default","ast-global-header-display":"","ast-banner-title-visibility":"","ast-main-header-display":"","ast-hfb-above-header-display":"","ast-hfb-below-header-display":"","ast-hfb-mobile-header-display":"","site-post-title":"","ast-breadcrumbs-content":"","ast-featured-img":"","footer-sml-layout":"","theme-transparent-header-meta":"","adv-header-id-meta":"","stick-header-meta":"","header-above-stick-meta":"","header-main-stick-meta":"","header-below-stick-meta":"","astra-migrate-meta-layouts":"set","ast-page-background-enabled":"default","ast-page-background-meta":{"desktop":{"background-color":"var(--ast-global-color-4)","background-image":"","background-repeat":"repeat","background-position":"center center","background-size":"auto","background-attachment":"scroll","background-type":"","background-media":"","overlay-type":"","overlay-color":"","overlay-opacity":"","overlay-gradient":""},"tablet":{"background-color":"","background-image":"","background-repeat":"repeat","background-position":"center center","background-size":"auto","background-attachment":"scroll","background-type":"","background-media":"","overlay-type":"","overlay-color":"","overlay-opacity":"","overlay-gradient":""},"mobile":{"background-color":"","background-image":"","background-repeat":"repeat","background-position":"center center","background-size":"auto","background-attachment":"scroll","background-type":"","background-media":"","overlay-type":"","overlay-color":"","overlay-opacity":"","overlay-gradient":""}},"ast-content-background-meta":{"desktop":{"background-color":"var(--ast-global-color-5)","background-image":"","background-repeat":"repeat","background-position":"center center","background-size":"auto","background-attachment":"scroll","background-type":"","background-media":"","overlay-type":"","overlay-color":"","overlay-opacity":"","overlay-gradient":""},"tablet":{"background-color":"var(--ast-global-color-5)","background-image":"","background-repeat":"repeat","background-position":"center center","background-size":"auto","background-attachment":"scroll","background-type":"","background-media":"","overlay-type":"","overlay-color":"","overlay-opacity":"","overlay-gradient":""},"mobile":{"background-color":"var(--ast-global-color-5)","background-image":"","background-repeat":"repeat","background-position":"center center","background-size":"auto","background-attachment":"scroll","background-type":"","background-media":"","overlay-type":"","overlay-color":"","overlay-opacity":"","overlay-gradient":""}},"footnotes":""},"categories":[1,296,29],"tags":[41],"class_list":["post-12588","post","type-post","status-publish","format-standard","has-post-thumbnail","hentry","category-general","category-se-mataro","category-portada","tag-matematiques"],"post_mailing_queue_ids":[],"_links":{"self":[{"href":"https:\/\/serveiseducatius.xtec.cat\/mataro\/wp-json\/wp\/v2\/posts\/12588","targetHints":{"allow":["GET"]}}],"collection":[{"href":"https:\/\/serveiseducatius.xtec.cat\/mataro\/wp-json\/wp\/v2\/posts"}],"about":[{"href":"https:\/\/serveiseducatius.xtec.cat\/mataro\/wp-json\/wp\/v2\/types\/post"}],"author":[{"embeddable":true,"href":"https:\/\/serveiseducatius.xtec.cat\/mataro\/wp-json\/wp\/v2\/users\/1"}],"replies":[{"embeddable":true,"href":"https:\/\/serveiseducatius.xtec.cat\/mataro\/wp-json\/wp\/v2\/comments?post=12588"}],"version-history":[{"count":1,"href":"https:\/\/serveiseducatius.xtec.cat\/mataro\/wp-json\/wp\/v2\/posts\/12588\/revisions"}],"predecessor-version":[{"id":12590,"href":"https:\/\/serveiseducatius.xtec.cat\/mataro\/wp-json\/wp\/v2\/posts\/12588\/revisions\/12590"}],"wp:featuredmedia":[{"embeddable":true,"href":"https:\/\/serveiseducatius.xtec.cat\/mataro\/wp-json\/wp\/v2\/media\/12589"}],"wp:attachment":[{"href":"https:\/\/serveiseducatius.xtec.cat\/mataro\/wp-json\/wp\/v2\/media?parent=12588"}],"wp:term":[{"taxonomy":"category","embeddable":true,"href":"https:\/\/serveiseducatius.xtec.cat\/mataro\/wp-json\/wp\/v2\/categories?post=12588"},{"taxonomy":"post_tag","embeddable":true,"href":"https:\/\/serveiseducatius.xtec.cat\/mataro\/wp-json\/wp\/v2\/tags?post=12588"}],"curies":[{"name":"wp","href":"https:\/\/api.w.org\/{rel}","templated":true}]}}