{"id":12532,"date":"2025-05-19T17:13:04","date_gmt":"2025-05-19T15:13:04","guid":{"rendered":"https:\/\/serveiseducatius.xtec.cat\/mataro\/?p=12532"},"modified":"2025-05-19T17:13:06","modified_gmt":"2025-05-19T15:13:06","slug":"nous-videos-publicats-per-la-xarxa-de-competencies","status":"publish","type":"post","link":"https:\/\/serveiseducatius.xtec.cat\/mataro\/general\/nous-videos-publicats-per-la-xarxa-de-competencies\/","title":{"rendered":"Nous v\u00eddeos publicats per la Xarxa de Compet\u00e8ncies"},"content":{"rendered":"\n<p>La Xarxa de Compet\u00e8ncies ha publicat tres v\u00eddeos-converses sobre el treball que estan fent enguany. En ells es dona una visi\u00f3&nbsp;del que hauria de ser aprendre\/fer matem\u00e0tiques, aprendre\/fer llengua i aprendre\/fer art.<\/p>\n\n\n\n<p>Els v\u00eddeos s\u00f3n:<\/p>\n\n\n\n<ul class=\"wp-block-list\">\n<li><strong>Les matem\u00e0tiques al curr\u00edculum. Conversa entre Anton Aubanell, Carles Granell i N\u00faria Serra.<\/strong>&nbsp;Qu\u00e8 vol dir avui dia ensenyar i aprendre matem\u00e0tiques des de l\u2019\u00f2ptica del curr\u00edculum, per qu\u00e8 \u00e9s important que tot l\u2019alumnat estigui alfabetitzat matem\u00e0ticament quan acabi l\u2019educaci\u00f3 b\u00e0sica i com els docents podem millorar la nostra acci\u00f3 perqu\u00e8 aix\u00f2 sigui possible.&nbsp;<a href=\"https:\/\/www.youtube.com\/watch?v=YQW_QLcWgm0\" target=\"_blank\" rel=\"noreferrer noopener\">Enlla\u00e7<\/a><\/li>\n\n\n\n<li><strong>Les lleng\u00fces al curr\u00edculum. Conversa entre Juli Palou, Marta Pont i N\u00faria S\u00e0rria.&nbsp;<\/strong>Qu\u00e8 vol dir avui dia ensenyar i aprendre lleng\u00fces des de l\u2019\u00f2ptica del curr\u00edculum, per qu\u00e8 \u00e9s important que tot l\u2019alumnat estigui alfabetitzat en lleng\u00fces quan acabi l\u2019educaci\u00f3 b\u00e0sica i com els docents podem millorar la nostra acci\u00f3 perqu\u00e8 aix\u00f2 sigui possible.&nbsp;<a href=\"https:\/\/www.youtube.com\/watch?v=-XI_4VFzDDc\" target=\"_blank\" rel=\"noreferrer noopener\">Enlla\u00e7<\/a><\/li>\n\n\n\n<li><strong>Les arts al curr\u00edculum. Conversa entre Dimas F\u00e0bregas i Carme Hoyas.&nbsp;<\/strong>Qu\u00e8 vol dir avui dia ensenyar i aprendre arts des de l\u2019\u00f2ptica del curr\u00edculum, per qu\u00e8 \u00e9s important que tot l\u2019alumnat estigui alfabetitzat en les arts quan acabi l\u2019educaci\u00f3 b\u00e0sica i com els docents podem millorar la nostra acci\u00f3 perqu\u00e8 aix\u00f2 sigui possible.&nbsp;<a href=\"https:\/\/www.youtube.com\/watch?v=CBQjGWstU4w\" target=\"_blank\" rel=\"noreferrer noopener\">Enlla\u00e7<\/a><\/li>\n<\/ul>\n\n\n\n<figure class=\"wp-block-image aligncenter size-full\"><a href=\"https:\/\/serveiseducatius.xtec.cat\/mataro\/wp-content\/uploads\/usu1139\/2025\/05\/XdC.jpg\"><img loading=\"lazy\" decoding=\"async\" width=\"392\" height=\"135\" src=\"https:\/\/serveiseducatius.xtec.cat\/mataro\/wp-content\/uploads\/usu1139\/2025\/05\/XdC.jpg\" alt=\"\" class=\"wp-image-12533\" srcset=\"https:\/\/serveiseducatius.xtec.cat\/mataro\/wp-content\/uploads\/usu1139\/2025\/05\/XdC.jpg 392w, https:\/\/serveiseducatius.xtec.cat\/mataro\/wp-content\/uploads\/usu1139\/2025\/05\/XdC-300x103.jpg 300w\" sizes=\"auto, (max-width: 392px) 100vw, 392px\" \/><\/a><\/figure>\n","protected":false},"excerpt":{"rendered":"<p>La Xarxa de Compet\u00e8ncies ha publicat tres v\u00eddeos-converses sobre el treball que estan fent enguany. En ells es dona una [&hellip;]<\/p>\n","protected":false},"author":3,"featured_media":12533,"comment_status":"open","ping_status":"open","sticky":false,"template":"","format":"standard","meta":{"_bbp_topic_count":0,"_bbp_reply_count":0,"_bbp_total_topic_count":0,"_bbp_total_reply_count":0,"_bbp_voice_count":0,"_bbp_anonymous_reply_count":0,"_bbp_topic_count_hidden":0,"_bbp_reply_count_hidden":0,"_bbp_forum_subforum_count":0,"site-sidebar-layout":"default","site-content-layout":"","ast-site-content-layout":"default","site-content-style":"default","site-sidebar-style":"default","ast-global-header-display":"","ast-banner-title-visibility":"","ast-main-header-display":"","ast-hfb-above-header-display":"","ast-hfb-below-header-display":"","ast-hfb-mobile-header-display":"","site-post-title":"","ast-breadcrumbs-content":"","ast-featured-img":"","footer-sml-layout":"","theme-transparent-header-meta":"","adv-header-id-meta":"","stick-header-meta":"","header-above-stick-meta":"","header-main-stick-meta":"","header-below-stick-meta":"","astra-migrate-meta-layouts":"set","ast-page-background-enabled":"default","ast-page-background-meta":{"desktop":{"background-color":"var(--ast-global-color-4)","background-image":"","background-repeat":"repeat","background-position":"center center","background-size":"auto","background-attachment":"scroll","background-type":"","background-media":"","overlay-type":"","overlay-color":"","overlay-opacity":"","overlay-gradient":""},"tablet":{"background-color":"","background-image":"","background-repeat":"repeat","background-position":"center center","background-size":"auto","background-attachment":"scroll","background-type":"","background-media":"","overlay-type":"","overlay-color":"","overlay-opacity":"","overlay-gradient":""},"mobile":{"background-color":"","background-image":"","background-repeat":"repeat","background-position":"center center","background-size":"auto","background-attachment":"scroll","background-type":"","background-media":"","overlay-type":"","overlay-color":"","overlay-opacity":"","overlay-gradient":""}},"ast-content-background-meta":{"desktop":{"background-color":"var(--ast-global-color-5)","background-image":"","background-repeat":"repeat","background-position":"center center","background-size":"auto","background-attachment":"scroll","background-type":"","background-media":"","overlay-type":"","overlay-color":"","overlay-opacity":"","overlay-gradient":""},"tablet":{"background-color":"var(--ast-global-color-5)","background-image":"","background-repeat":"repeat","background-position":"center center","background-size":"auto","background-attachment":"scroll","background-type":"","background-media":"","overlay-type":"","overlay-color":"","overlay-opacity":"","overlay-gradient":""},"mobile":{"background-color":"var(--ast-global-color-5)","background-image":"","background-repeat":"repeat","background-position":"center center","background-size":"auto","background-attachment":"scroll","background-type":"","background-media":"","overlay-type":"","overlay-color":"","overlay-opacity":"","overlay-gradient":""}},"footnotes":""},"categories":[397,301,1,296,379,395],"tags":[],"class_list":["post-12532","post","type-post","status-publish","format-standard","has-post-thumbnail","hentry","category-audiovisuals","category-dinamitzacio","category-general","category-se-mataro","category-innovacio","category-matematiques"],"post_mailing_queue_ids":[],"_links":{"self":[{"href":"https:\/\/serveiseducatius.xtec.cat\/mataro\/wp-json\/wp\/v2\/posts\/12532","targetHints":{"allow":["GET"]}}],"collection":[{"href":"https:\/\/serveiseducatius.xtec.cat\/mataro\/wp-json\/wp\/v2\/posts"}],"about":[{"href":"https:\/\/serveiseducatius.xtec.cat\/mataro\/wp-json\/wp\/v2\/types\/post"}],"author":[{"embeddable":true,"href":"https:\/\/serveiseducatius.xtec.cat\/mataro\/wp-json\/wp\/v2\/users\/3"}],"replies":[{"embeddable":true,"href":"https:\/\/serveiseducatius.xtec.cat\/mataro\/wp-json\/wp\/v2\/comments?post=12532"}],"version-history":[{"count":1,"href":"https:\/\/serveiseducatius.xtec.cat\/mataro\/wp-json\/wp\/v2\/posts\/12532\/revisions"}],"predecessor-version":[{"id":12535,"href":"https:\/\/serveiseducatius.xtec.cat\/mataro\/wp-json\/wp\/v2\/posts\/12532\/revisions\/12535"}],"wp:featuredmedia":[{"embeddable":true,"href":"https:\/\/serveiseducatius.xtec.cat\/mataro\/wp-json\/wp\/v2\/media\/12533"}],"wp:attachment":[{"href":"https:\/\/serveiseducatius.xtec.cat\/mataro\/wp-json\/wp\/v2\/media?parent=12532"}],"wp:term":[{"taxonomy":"category","embeddable":true,"href":"https:\/\/serveiseducatius.xtec.cat\/mataro\/wp-json\/wp\/v2\/categories?post=12532"},{"taxonomy":"post_tag","embeddable":true,"href":"https:\/\/serveiseducatius.xtec.cat\/mataro\/wp-json\/wp\/v2\/tags?post=12532"}],"curies":[{"name":"wp","href":"https:\/\/api.w.org\/{rel}","templated":true}]}}