{"id":12408,"date":"2025-03-28T12:44:04","date_gmt":"2025-03-28T11:44:04","guid":{"rendered":"https:\/\/serveiseducatius.xtec.cat\/mataro\/?p=12408"},"modified":"2025-03-28T12:44:04","modified_gmt":"2025-03-28T11:44:04","slug":"butlleti-quinzenal","status":"publish","type":"post","link":"https:\/\/serveiseducatius.xtec.cat\/mataro\/general\/butlleti-quinzenal\/","title":{"rendered":"Butllet\u00ed quinzenal"},"content":{"rendered":"        <div class=\"wp-block-getwid-custom-post-type custom-post-type-post has-layout-list\">\n            <div class=\"wp-block-getwid-custom-post-type__wrapper\">\n                \t\t\t\t\t\t\t\t<div class='wp-block-getwid-custom-post-type__post'>\n\t\t\t\t\t\t\t\t\t\n<div class=\"wp-block-getwid-custom-post-type__post-wrapper\">\n            <div class=\"wp-block-getwid-custom-post-type__post-thumbnail\">\n            <a href=\"https:\/\/serveiseducatius.xtec.cat\/mataro\/general\/orientacions-de-larea-deducacio-fisica-de-primaria\/\"><img loading=\"lazy\" decoding=\"async\" width=\"922\" height=\"567\" src=\"https:\/\/serveiseducatius.xtec.cat\/mataro\/wp-content\/uploads\/usu1139\/2026\/09\/Captura-de-pantalla-2026-09-02-131615.png\" class=\"attachment-post-thumbnail size-post-thumbnail wp-post-image\" alt=\"\" srcset=\"https:\/\/serveiseducatius.xtec.cat\/mataro\/wp-content\/uploads\/usu1139\/2026\/09\/Captura-de-pantalla-2026-09-02-131615.png 922w, https:\/\/serveiseducatius.xtec.cat\/mataro\/wp-content\/uploads\/usu1139\/2026\/09\/Captura-de-pantalla-2026-09-02-131615-300x184.png 300w, https:\/\/serveiseducatius.xtec.cat\/mataro\/wp-content\/uploads\/usu1139\/2026\/09\/Captura-de-pantalla-2026-09-02-131615-768x472.png 768w\" sizes=\"auto, (max-width: 922px) 100vw, 922px\" \/><\/a>\n        <\/div>\n        <div class=\"wp-block-getwid-custom-post-type__content-wrapper\">\n        <div class=\"wp-block-getwid-custom-post-type__post-header\">\n            <h3 class=\"wp-block-getwid-custom-post-type__post-title\"><a href=\"https:\/\/serveiseducatius.xtec.cat\/mataro\/general\/orientacions-de-larea-deducacio-fisica-de-primaria\/\">Orientacions de l\u2019\u00e0rea d\u2019Educaci\u00f3 F\u00edsica de prim\u00e0ria<\/a><\/h3>        <\/div>\n        <div class=\"wp-block-getwid-custom-post-type__post-excerpt \"><p>Les orientacions de l\u2019\u00e0rea d\u2019Educaci\u00f3 F\u00edsica de prim\u00e0ria consten de diverses parts: des de la concreci\u00f3 i seq\u00fcenciaci\u00f3 dels sabers, [&hellip;]<\/p>\n<\/div>\n    <\/div>\n<\/div>\n\t\t\t\t\t\t\t\t<\/div>\n\t\t\t\t\t\t\t\t\t\t\t\t\t\t\t<div class='wp-block-getwid-custom-post-type__post'>\n\t\t\t\t\t\t\t\t\t\n<div class=\"wp-block-getwid-custom-post-type__post-wrapper\">\n        <div class=\"wp-block-getwid-custom-post-type__content-wrapper\">\n        <div class=\"wp-block-getwid-custom-post-type__post-header\">\n            <h3 class=\"wp-block-getwid-custom-post-type__post-title\"><a href=\"https:\/\/serveiseducatius.xtec.cat\/mataro\/general\/orientacions-de-larea-de-medi-natural-social-i-cultural-de-primaria\/\">Orientacions de l\u2019\u00e0rea de Medi Natural, Social i Cultural de prim\u00e0ria<\/a><\/h3>        <\/div>\n        <div class=\"wp-block-getwid-custom-post-type__post-excerpt \"><p>Les orientacions de l\u2019\u00e0rea de Medi Natural, Social i Cultural de prim\u00e0ria consten de diverses parts: des de la concreci\u00f3 [&hellip;]<\/p>\n<\/div>\n    <\/div>\n<\/div>\n\t\t\t\t\t\t\t\t<\/div>\n\t\t\t\t\t\t\t\t\t\t\t\t\t\t\t<div class='wp-block-getwid-custom-post-type__post'>\n\t\t\t\t\t\t\t\t\t\n<div class=\"wp-block-getwid-custom-post-type__post-wrapper\">\n        <div class=\"wp-block-getwid-custom-post-type__content-wrapper\">\n        <div class=\"wp-block-getwid-custom-post-type__post-header\">\n            <h3 class=\"wp-block-getwid-custom-post-type__post-title\"><a href=\"https:\/\/serveiseducatius.xtec.cat\/mataro\/general\/nou-article-cursos-en-linia-de-prevencio-de-lassetjament-aquiproubullying\/\">Nou article: Cursos en l\u00ednia de prevenci\u00f3 de l&#8217;assetjament #aquiproubullying<\/a><\/h3>        <\/div>\n        <div class=\"wp-block-getwid-custom-post-type__post-excerpt \"><p>Acompanyament a l&#8217;alumnat: Cursos en l\u00ednia de prevenci\u00f3 de l\u2019assetjament #aquiproubullying Des del Programa d\u2019Innovaci\u00f3 Educativa #aquiproubullying hem desenvolupat un [&hellip;]<\/p>\n<\/div>\n    <\/div>\n<\/div>\n\t\t\t\t\t\t\t\t<\/div>\n\t\t\t\t\t\t\t\t\t\t\t\t\t\t\t<div class='wp-block-getwid-custom-post-type__post'>\n\t\t\t\t\t\t\t\t\t\n<div class=\"wp-block-getwid-custom-post-type__post-wrapper\">\n            <div class=\"wp-block-getwid-custom-post-type__post-thumbnail\">\n            <a href=\"https:\/\/serveiseducatius.xtec.cat\/mataro\/general\/orientacions-curriculars-deducacio-fisica-de-secundaria\/\"><img loading=\"lazy\" decoding=\"async\" width=\"960\" height=\"742\" src=\"https:\/\/serveiseducatius.xtec.cat\/mataro\/wp-content\/uploads\/usu1139\/2026\/09\/Captura-de-pantalla-2026-09-01-140327-1.png\" class=\"attachment-post-thumbnail size-post-thumbnail wp-post-image\" alt=\"\" srcset=\"https:\/\/serveiseducatius.xtec.cat\/mataro\/wp-content\/uploads\/usu1139\/2026\/09\/Captura-de-pantalla-2026-09-01-140327-1.png 960w, https:\/\/serveiseducatius.xtec.cat\/mataro\/wp-content\/uploads\/usu1139\/2026\/09\/Captura-de-pantalla-2026-09-01-140327-1-300x232.png 300w, https:\/\/serveiseducatius.xtec.cat\/mataro\/wp-content\/uploads\/usu1139\/2026\/09\/Captura-de-pantalla-2026-09-01-140327-1-768x594.png 768w\" sizes=\"auto, (max-width: 960px) 100vw, 960px\" \/><\/a>\n        <\/div>\n        <div class=\"wp-block-getwid-custom-post-type__content-wrapper\">\n        <div class=\"wp-block-getwid-custom-post-type__post-header\">\n            <h3 class=\"wp-block-getwid-custom-post-type__post-title\"><a href=\"https:\/\/serveiseducatius.xtec.cat\/mataro\/general\/orientacions-curriculars-deducacio-fisica-de-secundaria\/\">Orientacions curriculars d&#8217;Educaci\u00f3 F\u00edsica de secund\u00e0ria<\/a><\/h3>        <\/div>\n        <div class=\"wp-block-getwid-custom-post-type__post-excerpt \"><p>Prem sobre les icones actives de la imatge, per poder accedir icones actives.<\/p>\n<\/div>\n    <\/div>\n<\/div>\n\t\t\t\t\t\t\t\t<\/div>\n\t\t\t\t\t\t\t\t\t\t\t\t\t\t\t<div class='wp-block-getwid-custom-post-type__post'>\n\t\t\t\t\t\t\t\t\t\n<div class=\"wp-block-getwid-custom-post-type__post-wrapper\">\n        <div class=\"wp-block-getwid-custom-post-type__content-wrapper\">\n        <div class=\"wp-block-getwid-custom-post-type__post-header\">\n            <h3 class=\"wp-block-getwid-custom-post-type__post-title\"><a href=\"https:\/\/serveiseducatius.xtec.cat\/mataro\/general\/orientacions-curriculars-de-la-matera-de-ciencies-socials-geografia-i-historia-de-secundaria\/\">Orientacions curriculars de la mat\u00e8ra de Ci\u00e8ncies Socials: Geografia i Hist\u00f2ria de secund\u00e0ria<\/a><\/h3>        <\/div>\n        <div class=\"wp-block-getwid-custom-post-type__post-excerpt \"><p>Orientacions curriculars de la mat\u00e8ra de Ci\u00e8ncies Socials: Geografia i Hist\u00f2ria de secund\u00e0ria Introducci\u00f3 al desplegament<\/p>\n<\/div>\n    <\/div>\n<\/div>\n\t\t\t\t\t\t\t\t<\/div>\n\t\t\t\t\t\t\t\t\t\t\t\t\t\t\t<div class='wp-block-getwid-custom-post-type__post'>\n\t\t\t\t\t\t\t\t\t\n<div class=\"wp-block-getwid-custom-post-type__post-wrapper\">\n        <div class=\"wp-block-getwid-custom-post-type__content-wrapper\">\n        <div class=\"wp-block-getwid-custom-post-type__post-header\">\n            <h3 class=\"wp-block-getwid-custom-post-type__post-title\"><a href=\"https:\/\/serveiseducatius.xtec.cat\/mataro\/general\/orientacions-curriculars-de-larea-de-coneixement-del-medi-natural-social-i-cultural-de-primaria\/\">Orientacions curriculars de l\u2019\u00e0rea de Coneixement del medi natural, social i cultural de prim\u00e0ria<\/a><\/h3>        <\/div>\n        <div class=\"wp-block-getwid-custom-post-type__post-excerpt \"><p>Introducci\u00f3 al desplegament<\/p>\n<\/div>\n    <\/div>\n<\/div>\n\t\t\t\t\t\t\t\t<\/div>\n\t\t\t\t\t\t\t\t\t\t\t\t\t\t\t<div class='wp-block-getwid-custom-post-type__post'>\n\t\t\t\t\t\t\t\t\t\n<div class=\"wp-block-getwid-custom-post-type__post-wrapper\">\n            <div class=\"wp-block-getwid-custom-post-type__post-thumbnail\">\n            <a href=\"https:\/\/serveiseducatius.xtec.cat\/mataro\/primaria\/tapuntes-a-la-3a-edicio-del-matmat-una-gimcana-matematica-per-lalumnat-de-4t-de-primaria\/\"><img loading=\"lazy\" decoding=\"async\" width=\"687\" height=\"745\" src=\"https:\/\/serveiseducatius.xtec.cat\/mataro\/wp-content\/uploads\/usu1139\/2026\/03\/Captura-de-pantalla-2026-03-02-091151.jpg\" class=\"attachment-post-thumbnail size-post-thumbnail wp-post-image\" alt=\"\" srcset=\"https:\/\/serveiseducatius.xtec.cat\/mataro\/wp-content\/uploads\/usu1139\/2026\/03\/Captura-de-pantalla-2026-03-02-091151.jpg 687w, https:\/\/serveiseducatius.xtec.cat\/mataro\/wp-content\/uploads\/usu1139\/2026\/03\/Captura-de-pantalla-2026-03-02-091151-277x300.jpg 277w\" sizes=\"auto, (max-width: 687px) 100vw, 687px\" \/><\/a>\n        <\/div>\n        <div class=\"wp-block-getwid-custom-post-type__content-wrapper\">\n        <div class=\"wp-block-getwid-custom-post-type__post-header\">\n            <h3 class=\"wp-block-getwid-custom-post-type__post-title\"><a href=\"https:\/\/serveiseducatius.xtec.cat\/mataro\/primaria\/tapuntes-a-la-3a-edicio-del-matmat-una-gimcana-matematica-per-lalumnat-de-4t-de-primaria\/\">T&#8217;apuntes a la 3a edici\u00f3 del matMAT? Una gimcana matem\u00e0tica per l&#8217;alumnat de 4t de prim\u00e0ria<\/a><\/h3>        <\/div>\n        <div class=\"wp-block-getwid-custom-post-type__post-excerpt \"><p>Les matem\u00e0tiques s\u00f3n a tot arreu. Els carrers, els parcs i els espais que ens envolten ofereixen infinites oportunitats per [&hellip;]<\/p>\n<\/div>\n    <\/div>\n<\/div>\n\t\t\t\t\t\t\t\t<\/div>\n\t\t\t\t\t\t\t\t\t\t\t\t\t\t\t<div class='wp-block-getwid-custom-post-type__post'>\n\t\t\t\t\t\t\t\t\t\n<div class=\"wp-block-getwid-custom-post-type__post-wrapper\">\n            <div class=\"wp-block-getwid-custom-post-type__post-thumbnail\">\n            <a href=\"https:\/\/serveiseducatius.xtec.cat\/mataro\/general\/novetat-recurs-digital\/\"><img loading=\"lazy\" decoding=\"async\" width=\"637\" height=\"316\" src=\"https:\/\/serveiseducatius.xtec.cat\/mataro\/wp-content\/uploads\/usu1139\/2026\/07\/Captura-de-pantalla-2026-07-14-084818.png\" class=\"attachment-post-thumbnail size-post-thumbnail wp-post-image\" alt=\"\" srcset=\"https:\/\/serveiseducatius.xtec.cat\/mataro\/wp-content\/uploads\/usu1139\/2026\/07\/Captura-de-pantalla-2026-07-14-084818.png 637w, https:\/\/serveiseducatius.xtec.cat\/mataro\/wp-content\/uploads\/usu1139\/2026\/07\/Captura-de-pantalla-2026-07-14-084818-300x149.png 300w\" sizes=\"auto, (max-width: 637px) 100vw, 637px\" \/><\/a>\n        <\/div>\n        <div class=\"wp-block-getwid-custom-post-type__content-wrapper\">\n        <div class=\"wp-block-getwid-custom-post-type__post-header\">\n            <h3 class=\"wp-block-getwid-custom-post-type__post-title\"><a href=\"https:\/\/serveiseducatius.xtec.cat\/mataro\/general\/novetat-recurs-digital\/\">Novetat: Recurs digital<\/a><\/h3>        <\/div>\n        <div class=\"wp-block-getwid-custom-post-type__post-excerpt \"><p>Explora sis branques de la filosofia, completa reptes, aconsegueix medalles i converteix-te en un veritable Mestre Filos\u00f2fic. Es tracta d\u2019un [&hellip;]<\/p>\n<\/div>\n    <\/div>\n<\/div>\n\t\t\t\t\t\t\t\t<\/div>\n\t\t\t\t\t\t\t\t\t\t\t\t\t\t\t<div class='wp-block-getwid-custom-post-type__post'>\n\t\t\t\t\t\t\t\t\t\n<div class=\"wp-block-getwid-custom-post-type__post-wrapper\">\n            <div class=\"wp-block-getwid-custom-post-type__post-thumbnail\">\n            <a href=\"https:\/\/serveiseducatius.xtec.cat\/mataro\/general\/nova-proposta-didactica-del-grup-guerra-civil-i-exili-i-dir-les-coses-tal-com-son-90-mots-i-expressions-per-entendre-el-cop-destat-del-18-de-juliol-de-1936\/\"><img loading=\"lazy\" decoding=\"async\" width=\"357\" height=\"508\" src=\"https:\/\/serveiseducatius.xtec.cat\/mataro\/wp-content\/uploads\/usu1139\/2026\/07\/Captura-de-pantalla-2026-07-09-081750.png\" class=\"attachment-post-thumbnail size-post-thumbnail wp-post-image\" alt=\"\" srcset=\"https:\/\/serveiseducatius.xtec.cat\/mataro\/wp-content\/uploads\/usu1139\/2026\/07\/Captura-de-pantalla-2026-07-09-081750.png 357w, https:\/\/serveiseducatius.xtec.cat\/mataro\/wp-content\/uploads\/usu1139\/2026\/07\/Captura-de-pantalla-2026-07-09-081750-211x300.png 211w\" sizes=\"auto, (max-width: 357px) 100vw, 357px\" \/><\/a>\n        <\/div>\n        <div class=\"wp-block-getwid-custom-post-type__content-wrapper\">\n        <div class=\"wp-block-getwid-custom-post-type__post-header\">\n            <h3 class=\"wp-block-getwid-custom-post-type__post-title\"><a href=\"https:\/\/serveiseducatius.xtec.cat\/mataro\/general\/nova-proposta-didactica-del-grup-guerra-civil-i-exili-i-dir-les-coses-tal-com-son-90-mots-i-expressions-per-entendre-el-cop-destat-del-18-de-juliol-de-1936\/\">Nova proposta did\u00e0ctica del grup Guerra Civil i exili. \u201cI dir les coses tal com s\u00f3n. 90 mots i expressions per entendre el cop d\u2019estat del 18 de juliol de 1936\u201d<\/a><\/h3>        <\/div>\n        <div class=\"wp-block-getwid-custom-post-type__post-excerpt \"><p>Feu un comentari&nbsp;\/ Per&nbsp;CdA de la Noguera&nbsp;\/&nbsp;07\/07\/2026&nbsp;\/&nbsp;Grups de Treball&nbsp;Guerra Civil i Exili. Mem\u00f2ria democr\u00e0tica&nbsp;Portada&nbsp;\/&nbsp;aprendreambelscampsientorns,&nbsp;Mem\u00f2ria democr\u00e0tica,&nbsp;recurs did\u00e0ctic El&nbsp;Grup de Treball de [&hellip;]<\/p>\n<\/div>\n    <\/div>\n<\/div>\n\t\t\t\t\t\t\t\t<\/div>\n\t\t\t\t\t\t\t            <\/div>\n\n                    <\/div>\n        ","protected":false},"excerpt":{"rendered":"","protected":false},"author":1,"featured_media":0,"comment_status":"open","ping_status":"open","sticky":false,"template":"","format":"standard","meta":{"_bbp_topic_count":0,"_bbp_reply_count":0,"_bbp_total_topic_count":0,"_bbp_total_reply_count":0,"_bbp_voice_count":0,"_bbp_anonymous_reply_count":0,"_bbp_topic_count_hidden":0,"_bbp_reply_count_hidden":0,"_bbp_forum_subforum_count":0,"site-sidebar-layout":"default","site-content-layout":"","ast-site-content-layout":"default","site-content-style":"default","site-sidebar-style":"default","ast-global-header-display":"","ast-banner-title-visibility":"","ast-main-header-display":"","ast-hfb-above-header-display":"","ast-hfb-below-header-display":"","ast-hfb-mobile-header-display":"","site-post-title":"","ast-breadcrumbs-content":"","ast-featured-img":"","footer-sml-layout":"","theme-transparent-header-meta":"","adv-header-id-meta":"","stick-header-meta":"","header-above-stick-meta":"","header-main-stick-meta":"","header-below-stick-meta":"","astra-migrate-meta-layouts":"set","ast-page-background-enabled":"default","ast-page-background-meta":{"desktop":{"background-color":"var(--ast-global-color-4)","background-image":"","background-repeat":"repeat","background-position":"center center","background-size":"auto","background-attachment":"scroll","background-type":"","background-media":"","overlay-type":"","overlay-color":"","overlay-opacity":"","overlay-gradient":""},"tablet":{"background-color":"","background-image":"","background-repeat":"repeat","background-position":"center center","background-size":"auto","background-attachment":"scroll","background-type":"","background-media":"","overlay-type":"","overlay-color":"","overlay-opacity":"","overlay-gradient":""},"mobile":{"background-color":"","background-image":"","background-repeat":"repeat","background-position":"center center","background-size":"auto","background-attachment":"scroll","background-type":"","background-media":"","overlay-type":"","overlay-color":"","overlay-opacity":"","overlay-gradient":""}},"ast-content-background-meta":{"desktop":{"background-color":"var(--ast-global-color-5)","background-image":"","background-repeat":"repeat","background-position":"center center","background-size":"auto","background-attachment":"scroll","background-type":"","background-media":"","overlay-type":"","overlay-color":"","overlay-opacity":"","overlay-gradient":""},"tablet":{"background-color":"var(--ast-global-color-5)","background-image":"","background-repeat":"repeat","background-position":"center center","background-size":"auto","background-attachment":"scroll","background-type":"","background-media":"","overlay-type":"","overlay-color":"","overlay-opacity":"","overlay-gradient":""},"mobile":{"background-color":"var(--ast-global-color-5)","background-image":"","background-repeat":"repeat","background-position":"center center","background-size":"auto","background-attachment":"scroll","background-type":"","background-media":"","overlay-type":"","overlay-color":"","overlay-opacity":"","overlay-gradient":""}},"footnotes":""},"categories":[1],"tags":[],"class_list":["post-12408","post","type-post","status-publish","format-standard","hentry","category-general"],"post_mailing_queue_ids":[],"_links":{"self":[{"href":"https:\/\/serveiseducatius.xtec.cat\/mataro\/wp-json\/wp\/v2\/posts\/12408","targetHints":{"allow":["GET"]}}],"collection":[{"href":"https:\/\/serveiseducatius.xtec.cat\/mataro\/wp-json\/wp\/v2\/posts"}],"about":[{"href":"https:\/\/serveiseducatius.xtec.cat\/mataro\/wp-json\/wp\/v2\/types\/post"}],"author":[{"embeddable":true,"href":"https:\/\/serveiseducatius.xtec.cat\/mataro\/wp-json\/wp\/v2\/users\/1"}],"replies":[{"embeddable":true,"href":"https:\/\/serveiseducatius.xtec.cat\/mataro\/wp-json\/wp\/v2\/comments?post=12408"}],"version-history":[{"count":1,"href":"https:\/\/serveiseducatius.xtec.cat\/mataro\/wp-json\/wp\/v2\/posts\/12408\/revisions"}],"predecessor-version":[{"id":12409,"href":"https:\/\/serveiseducatius.xtec.cat\/mataro\/wp-json\/wp\/v2\/posts\/12408\/revisions\/12409"}],"wp:attachment":[{"href":"https:\/\/serveiseducatius.xtec.cat\/mataro\/wp-json\/wp\/v2\/media?parent=12408"}],"wp:term":[{"taxonomy":"category","embeddable":true,"href":"https:\/\/serveiseducatius.xtec.cat\/mataro\/wp-json\/wp\/v2\/categories?post=12408"},{"taxonomy":"post_tag","embeddable":true,"href":"https:\/\/serveiseducatius.xtec.cat\/mataro\/wp-json\/wp\/v2\/tags?post=12408"}],"curies":[{"name":"wp","href":"https:\/\/api.w.org\/{rel}","templated":true}]}}