{"id":12408,"date":"2025-03-28T12:44:04","date_gmt":"2025-03-28T11:44:04","guid":{"rendered":"https:\/\/serveiseducatius.xtec.cat\/mataro\/?p=12408"},"modified":"2025-03-28T12:44:04","modified_gmt":"2025-03-28T11:44:04","slug":"butlleti-quinzenal","status":"publish","type":"post","link":"https:\/\/serveiseducatius.xtec.cat\/mataro\/general\/butlleti-quinzenal\/","title":{"rendered":"Butllet\u00ed quinzenal"},"content":{"rendered":"        <div class=\"wp-block-getwid-custom-post-type custom-post-type-post has-layout-list\">\n            <div class=\"wp-block-getwid-custom-post-type__wrapper\">\n                \t\t\t\t\t\t\t\t<div class='wp-block-getwid-custom-post-type__post'>\n\t\t\t\t\t\t\t\t\t\n<div class=\"wp-block-getwid-custom-post-type__post-wrapper\">\n            <div class=\"wp-block-getwid-custom-post-type__post-thumbnail\">\n            <a href=\"https:\/\/serveiseducatius.xtec.cat\/mataro\/general\/xix-jornada-pedagogica-comic-barcelona\/\"><img loading=\"lazy\" decoding=\"async\" width=\"515\" height=\"724\" src=\"https:\/\/serveiseducatius.xtec.cat\/mataro\/wp-content\/uploads\/usu1139\/2026\/04\/Captura-de-pantalla-2026-04-29-102339.png\" class=\"attachment-post-thumbnail size-post-thumbnail wp-post-image\" alt=\"\" srcset=\"https:\/\/serveiseducatius.xtec.cat\/mataro\/wp-content\/uploads\/usu1139\/2026\/04\/Captura-de-pantalla-2026-04-29-102339.png 515w, https:\/\/serveiseducatius.xtec.cat\/mataro\/wp-content\/uploads\/usu1139\/2026\/04\/Captura-de-pantalla-2026-04-29-102339-213x300.png 213w\" sizes=\"auto, (max-width: 515px) 100vw, 515px\" \/><\/a>\n        <\/div>\n        <div class=\"wp-block-getwid-custom-post-type__content-wrapper\">\n        <div class=\"wp-block-getwid-custom-post-type__post-header\">\n            <h3 class=\"wp-block-getwid-custom-post-type__post-title\"><a href=\"https:\/\/serveiseducatius.xtec.cat\/mataro\/general\/xix-jornada-pedagogica-comic-barcelona\/\">XIX Jornada pedag\u00f2gica Comic Barcelona<\/a><\/h3>        <\/div>\n        <div class=\"wp-block-getwid-custom-post-type__post-excerpt \"><p>Comic Barcelona, la gran trobada per als amants del c\u00f2mic, celebra la seva 44a edici\u00f3 del 15 al 17 de [&hellip;]<\/p>\n<\/div>\n    <\/div>\n<\/div>\n\t\t\t\t\t\t\t\t<\/div>\n\t\t\t\t\t\t\t\t\t\t\t\t\t\t\t<div class='wp-block-getwid-custom-post-type__post'>\n\t\t\t\t\t\t\t\t\t\n<div class=\"wp-block-getwid-custom-post-type__post-wrapper\">\n            <div class=\"wp-block-getwid-custom-post-type__post-thumbnail\">\n            <a href=\"https:\/\/serveiseducatius.xtec.cat\/mataro\/formacio\/formacio-docent-destiu-llengua-i-literatura\/\"><img loading=\"lazy\" decoding=\"async\" width=\"314\" height=\"385\" src=\"https:\/\/serveiseducatius.xtec.cat\/mataro\/wp-content\/uploads\/usu1139\/2026\/04\/Captura-de-pantalla-2026-04-29-084439.png\" class=\"attachment-post-thumbnail size-post-thumbnail wp-post-image\" alt=\"\" srcset=\"https:\/\/serveiseducatius.xtec.cat\/mataro\/wp-content\/uploads\/usu1139\/2026\/04\/Captura-de-pantalla-2026-04-29-084439.png 314w, https:\/\/serveiseducatius.xtec.cat\/mataro\/wp-content\/uploads\/usu1139\/2026\/04\/Captura-de-pantalla-2026-04-29-084439-245x300.png 245w\" sizes=\"auto, (max-width: 314px) 100vw, 314px\" \/><\/a>\n        <\/div>\n        <div class=\"wp-block-getwid-custom-post-type__content-wrapper\">\n        <div class=\"wp-block-getwid-custom-post-type__post-header\">\n            <h3 class=\"wp-block-getwid-custom-post-type__post-title\"><a href=\"https:\/\/serveiseducatius.xtec.cat\/mataro\/formacio\/formacio-docent-destiu-llengua-i-literatura\/\">Formaci\u00f3 docent d\u2019estiu: llengua i literatura<\/a><\/h3>        <\/div>\n        <div class=\"wp-block-getwid-custom-post-type__post-excerpt \"><p>Jornada Escriure, llegir i pensar: claus per transformar l\u2019aula de llengua avui Malgrat que el curs escolar no hagi acabat, [&hellip;]<\/p>\n<\/div>\n    <\/div>\n<\/div>\n\t\t\t\t\t\t\t\t<\/div>\n\t\t\t\t\t\t\t\t\t\t\t\t\t\t\t<div class='wp-block-getwid-custom-post-type__post'>\n\t\t\t\t\t\t\t\t\t\n<div class=\"wp-block-getwid-custom-post-type__post-wrapper\">\n            <div class=\"wp-block-getwid-custom-post-type__post-thumbnail\">\n            <a href=\"https:\/\/serveiseducatius.xtec.cat\/mataro\/secundaria\/orientacions-curriculars-deducacio-plastica-visual-i-audiovisual-de-secundaria\/\"><img loading=\"lazy\" decoding=\"async\" width=\"709\" height=\"445\" src=\"https:\/\/serveiseducatius.xtec.cat\/mataro\/wp-content\/uploads\/usu1139\/2026\/04\/Captura-de-pantalla-2026-04-23-174727.jpg\" class=\"attachment-post-thumbnail size-post-thumbnail wp-post-image\" alt=\"\" srcset=\"https:\/\/serveiseducatius.xtec.cat\/mataro\/wp-content\/uploads\/usu1139\/2026\/04\/Captura-de-pantalla-2026-04-23-174727.jpg 709w, https:\/\/serveiseducatius.xtec.cat\/mataro\/wp-content\/uploads\/usu1139\/2026\/04\/Captura-de-pantalla-2026-04-23-174727-300x188.jpg 300w\" sizes=\"auto, (max-width: 709px) 100vw, 709px\" \/><\/a>\n        <\/div>\n        <div class=\"wp-block-getwid-custom-post-type__content-wrapper\">\n        <div class=\"wp-block-getwid-custom-post-type__post-header\">\n            <h3 class=\"wp-block-getwid-custom-post-type__post-title\"><a href=\"https:\/\/serveiseducatius.xtec.cat\/mataro\/secundaria\/orientacions-curriculars-deducacio-plastica-visual-i-audiovisual-de-secundaria\/\">Orientacions curriculars d&#8217;Educaci\u00f3 Pl\u00e0stica, Visual i Audiovisual de secund\u00e0ria<\/a><\/h3>        <\/div>\n        <div class=\"wp-block-getwid-custom-post-type__post-excerpt \"><p>Les orientacions de la mat\u00e8ria d\u2019Educaci\u00f3 Pl\u00e0stica, Visual i Audiovisual de l\u2019ESO consten de diverses parts: des de la concreci\u00f3 [&hellip;]<\/p>\n<\/div>\n    <\/div>\n<\/div>\n\t\t\t\t\t\t\t\t<\/div>\n\t\t\t\t\t\t\t\t\t\t\t\t\t\t\t<div class='wp-block-getwid-custom-post-type__post'>\n\t\t\t\t\t\t\t\t\t\n<div class=\"wp-block-getwid-custom-post-type__post-wrapper\">\n            <div class=\"wp-block-getwid-custom-post-type__post-thumbnail\">\n            <a href=\"https:\/\/serveiseducatius.xtec.cat\/mataro\/steam\/nova-edicio-del-mercat-de-tecnologia-a-la-upc-de-terrassa\/\"><img loading=\"lazy\" decoding=\"async\" width=\"441\" height=\"108\" src=\"https:\/\/serveiseducatius.xtec.cat\/mataro\/wp-content\/uploads\/usu1139\/2026\/04\/Captura-de-pantalla-2026-04-23-092847.jpg\" class=\"attachment-post-thumbnail size-post-thumbnail wp-post-image\" alt=\"\" srcset=\"https:\/\/serveiseducatius.xtec.cat\/mataro\/wp-content\/uploads\/usu1139\/2026\/04\/Captura-de-pantalla-2026-04-23-092847.jpg 441w, https:\/\/serveiseducatius.xtec.cat\/mataro\/wp-content\/uploads\/usu1139\/2026\/04\/Captura-de-pantalla-2026-04-23-092847-300x73.jpg 300w\" sizes=\"auto, (max-width: 441px) 100vw, 441px\" \/><\/a>\n        <\/div>\n        <div class=\"wp-block-getwid-custom-post-type__content-wrapper\">\n        <div class=\"wp-block-getwid-custom-post-type__post-header\">\n            <h3 class=\"wp-block-getwid-custom-post-type__post-title\"><a href=\"https:\/\/serveiseducatius.xtec.cat\/mataro\/steam\/nova-edicio-del-mercat-de-tecnologia-a-la-upc-de-terrassa\/\">Nova edici\u00f3 del Mercat de Tecnologia a la UPC de Terrassa<\/a><\/h3>        <\/div>\n        <div class=\"wp-block-getwid-custom-post-type__post-excerpt \"><p>El pr\u00f2xim 27 de maig, la Universitat Polit\u00e8cnica de Catalunya (UPC), a Terrassa, ser\u00e0 l\u2019escenari del Mercat de Tecnologia del [&hellip;]<\/p>\n<\/div>\n    <\/div>\n<\/div>\n\t\t\t\t\t\t\t\t<\/div>\n\t\t\t\t\t\t\t\t\t\t\t\t\t\t\t<div class='wp-block-getwid-custom-post-type__post'>\n\t\t\t\t\t\t\t\t\t\n<div class=\"wp-block-getwid-custom-post-type__post-wrapper\">\n            <div class=\"wp-block-getwid-custom-post-type__post-thumbnail\">\n            <a href=\"https:\/\/serveiseducatius.xtec.cat\/mataro\/general\/i-jornada-de-docents-de-persones-adultes-del-maresme-i-valles-oriental\/\"><img loading=\"lazy\" decoding=\"async\" width=\"267\" height=\"659\" src=\"https:\/\/serveiseducatius.xtec.cat\/mataro\/wp-content\/uploads\/usu1139\/2026\/04\/Captura-de-pantalla-2026-04-22-124759.png\" class=\"attachment-post-thumbnail size-post-thumbnail wp-post-image\" alt=\"\" srcset=\"https:\/\/serveiseducatius.xtec.cat\/mataro\/wp-content\/uploads\/usu1139\/2026\/04\/Captura-de-pantalla-2026-04-22-124759.png 267w, https:\/\/serveiseducatius.xtec.cat\/mataro\/wp-content\/uploads\/usu1139\/2026\/04\/Captura-de-pantalla-2026-04-22-124759-122x300.png 122w\" sizes=\"auto, (max-width: 267px) 100vw, 267px\" \/><\/a>\n        <\/div>\n        <div class=\"wp-block-getwid-custom-post-type__content-wrapper\">\n        <div class=\"wp-block-getwid-custom-post-type__post-header\">\n            <h3 class=\"wp-block-getwid-custom-post-type__post-title\"><a href=\"https:\/\/serveiseducatius.xtec.cat\/mataro\/general\/i-jornada-de-docents-de-persones-adultes-del-maresme-i-valles-oriental\/\">I Jornada de docents de persones adultes del Maresme i Vall\u00e8s Oriental<\/a><\/h3>        <\/div>\n        <div class=\"wp-block-getwid-custom-post-type__post-excerpt \"><p>La I Jornada de docents de persones adultes del Maresme i Vall\u00e8s Oriental, celebrada a Matar\u00f3 el 17 d\u2019abril de [&hellip;]<\/p>\n<\/div>\n    <\/div>\n<\/div>\n\t\t\t\t\t\t\t\t<\/div>\n\t\t\t\t\t\t\t\t\t\t\t\t\t\t\t<div class='wp-block-getwid-custom-post-type__post'>\n\t\t\t\t\t\t\t\t\t\n<div class=\"wp-block-getwid-custom-post-type__post-wrapper\">\n            <div class=\"wp-block-getwid-custom-post-type__post-thumbnail\">\n            <a href=\"https:\/\/serveiseducatius.xtec.cat\/mataro\/dinamitzacio\/llengues-estrangeres\/vols-formar-part-de-global-scholars-2026-2027-convocatoria-oberta\/\"><img loading=\"lazy\" decoding=\"async\" width=\"373\" height=\"245\" src=\"https:\/\/serveiseducatius.xtec.cat\/mataro\/wp-content\/uploads\/usu1139\/2026\/04\/Captura-de-pantalla-2026-04-22-091144.png\" class=\"attachment-post-thumbnail size-post-thumbnail wp-post-image\" alt=\"\" srcset=\"https:\/\/serveiseducatius.xtec.cat\/mataro\/wp-content\/uploads\/usu1139\/2026\/04\/Captura-de-pantalla-2026-04-22-091144.png 373w, https:\/\/serveiseducatius.xtec.cat\/mataro\/wp-content\/uploads\/usu1139\/2026\/04\/Captura-de-pantalla-2026-04-22-091144-300x197.png 300w\" sizes=\"auto, (max-width: 373px) 100vw, 373px\" \/><\/a>\n        <\/div>\n        <div class=\"wp-block-getwid-custom-post-type__content-wrapper\">\n        <div class=\"wp-block-getwid-custom-post-type__post-header\">\n            <h3 class=\"wp-block-getwid-custom-post-type__post-title\"><a href=\"https:\/\/serveiseducatius.xtec.cat\/mataro\/dinamitzacio\/llengues-estrangeres\/vols-formar-part-de-global-scholars-2026-2027-convocatoria-oberta\/\">Vols formar part de Global Scholars 2026-2027? Convocat\u00f2ria oberta!<\/a><\/h3>        <\/div>\n        <div class=\"wp-block-getwid-custom-post-type__post-excerpt \"><p>S\u2019ha obert un nou termini de selecci\u00f3 de centres per participar en el programa&nbsp;Global Scholars&nbsp;a partir del curs&nbsp;2026-2027&nbsp;i per un [&hellip;]<\/p>\n<\/div>\n    <\/div>\n<\/div>\n\t\t\t\t\t\t\t\t<\/div>\n\t\t\t\t\t\t\t\t\t\t\t\t\t\t\t<div class='wp-block-getwid-custom-post-type__post'>\n\t\t\t\t\t\t\t\t\t\n<div class=\"wp-block-getwid-custom-post-type__post-wrapper\">\n            <div class=\"wp-block-getwid-custom-post-type__post-thumbnail\">\n            <a href=\"https:\/\/serveiseducatius.xtec.cat\/mataro\/general\/sant-jordi-i-literatura-propostes-de-radio-i-audiovisuals\/\"><img loading=\"lazy\" decoding=\"async\" width=\"481\" height=\"279\" src=\"https:\/\/serveiseducatius.xtec.cat\/mataro\/wp-content\/uploads\/usu1139\/2026\/04\/Captura-de-pantalla-2026-04-13-133455.jpg\" class=\"attachment-post-thumbnail size-post-thumbnail wp-post-image\" alt=\"\" srcset=\"https:\/\/serveiseducatius.xtec.cat\/mataro\/wp-content\/uploads\/usu1139\/2026\/04\/Captura-de-pantalla-2026-04-13-133455.jpg 481w, https:\/\/serveiseducatius.xtec.cat\/mataro\/wp-content\/uploads\/usu1139\/2026\/04\/Captura-de-pantalla-2026-04-13-133455-300x174.jpg 300w\" sizes=\"auto, (max-width: 481px) 100vw, 481px\" \/><\/a>\n        <\/div>\n        <div class=\"wp-block-getwid-custom-post-type__content-wrapper\">\n        <div class=\"wp-block-getwid-custom-post-type__post-header\">\n            <h3 class=\"wp-block-getwid-custom-post-type__post-title\"><a href=\"https:\/\/serveiseducatius.xtec.cat\/mataro\/general\/sant-jordi-i-literatura-propostes-de-radio-i-audiovisuals\/\">Sant Jordi i literatura: propostes de r\u00e0dio i audiovisuals<\/a><\/h3>        <\/div>\n        <div class=\"wp-block-getwid-custom-post-type__post-excerpt \"><p>Si us ve de gust celebrar la diada de Sant Jordi tot abordant continguts vinculats als llibres, la literatura, la [&hellip;]<\/p>\n<\/div>\n    <\/div>\n<\/div>\n\t\t\t\t\t\t\t\t<\/div>\n\t\t\t\t\t\t\t\t\t\t\t\t\t\t\t<div class='wp-block-getwid-custom-post-type__post'>\n\t\t\t\t\t\t\t\t\t\n<div class=\"wp-block-getwid-custom-post-type__post-wrapper\">\n            <div class=\"wp-block-getwid-custom-post-type__post-thumbnail\">\n            <a href=\"https:\/\/serveiseducatius.xtec.cat\/mataro\/matematiques\/conferencies-recursos-i-concursos-de-matematiques\/\"><img loading=\"lazy\" decoding=\"async\" width=\"480\" height=\"355\" src=\"https:\/\/serveiseducatius.xtec.cat\/mataro\/wp-content\/uploads\/usu1139\/2026\/04\/Captura-de-pantalla-2026-04-13-132853.jpg\" class=\"attachment-post-thumbnail size-post-thumbnail wp-post-image\" alt=\"\" srcset=\"https:\/\/serveiseducatius.xtec.cat\/mataro\/wp-content\/uploads\/usu1139\/2026\/04\/Captura-de-pantalla-2026-04-13-132853.jpg 480w, https:\/\/serveiseducatius.xtec.cat\/mataro\/wp-content\/uploads\/usu1139\/2026\/04\/Captura-de-pantalla-2026-04-13-132853-300x222.jpg 300w\" sizes=\"auto, (max-width: 480px) 100vw, 480px\" \/><\/a>\n        <\/div>\n        <div class=\"wp-block-getwid-custom-post-type__content-wrapper\">\n        <div class=\"wp-block-getwid-custom-post-type__post-header\">\n            <h3 class=\"wp-block-getwid-custom-post-type__post-title\"><a href=\"https:\/\/serveiseducatius.xtec.cat\/mataro\/matematiques\/conferencies-recursos-i-concursos-de-matematiques\/\">Confer\u00e8ncies, recursos i concursos de matem\u00e0tiques<\/a><\/h3>        <\/div>\n        <div class=\"wp-block-getwid-custom-post-type__post-excerpt \"><p>Cicles de confer\u00e8ncies CREAMAT 2025\/26 Continuen els cicles de confer\u00e8ncies organitzades pel CESIRE,&nbsp;Mirades matem\u00e0tiques 2025-26&nbsp;(prim\u00e0ria) i&nbsp;Perspectives matem\u00e0tiques 2025-26&nbsp;(secund\u00e0ria), dirigits a [&hellip;]<\/p>\n<\/div>\n    <\/div>\n<\/div>\n\t\t\t\t\t\t\t\t<\/div>\n\t\t\t\t\t\t\t\t\t\t\t\t\t\t\t<div class='wp-block-getwid-custom-post-type__post'>\n\t\t\t\t\t\t\t\t\t\n<div class=\"wp-block-getwid-custom-post-type__post-wrapper\">\n            <div class=\"wp-block-getwid-custom-post-type__post-thumbnail\">\n            <a href=\"https:\/\/serveiseducatius.xtec.cat\/mataro\/primaria\/places-disponibles-22-04-taller-cos-i-moviment-pel-professorat-coreografies-de-butxaca\/\"><img loading=\"lazy\" decoding=\"async\" width=\"768\" height=\"349\" src=\"https:\/\/serveiseducatius.xtec.cat\/mataro\/wp-content\/uploads\/usu1139\/2026\/04\/Captura-de-pantalla-2026-04-13-120623.jpg\" class=\"attachment-post-thumbnail size-post-thumbnail wp-post-image\" alt=\"\" srcset=\"https:\/\/serveiseducatius.xtec.cat\/mataro\/wp-content\/uploads\/usu1139\/2026\/04\/Captura-de-pantalla-2026-04-13-120623.jpg 768w, https:\/\/serveiseducatius.xtec.cat\/mataro\/wp-content\/uploads\/usu1139\/2026\/04\/Captura-de-pantalla-2026-04-13-120623-300x136.jpg 300w\" sizes=\"auto, (max-width: 768px) 100vw, 768px\" \/><\/a>\n        <\/div>\n        <div class=\"wp-block-getwid-custom-post-type__content-wrapper\">\n        <div class=\"wp-block-getwid-custom-post-type__post-header\">\n            <h3 class=\"wp-block-getwid-custom-post-type__post-title\"><a href=\"https:\/\/serveiseducatius.xtec.cat\/mataro\/primaria\/places-disponibles-22-04-taller-cos-i-moviment-pel-professorat-coreografies-de-butxaca\/\">Places disponibles 22\/04 taller Cos i moviment pel professorat: Coreografies de butxaca<\/a><\/h3>        <\/div>\n        <div class=\"wp-block-getwid-custom-post-type__post-excerpt \"><p>Un any m\u00e9s, el col\u00b7lectiu mataron\u00ed Dans Invitro organitza la formaci\u00f3 &#8220;Cos i Moviment pel professorat&#8221; dins del Cicle d&#8217;Arts [&hellip;]<\/p>\n<\/div>\n    <\/div>\n<\/div>\n\t\t\t\t\t\t\t\t<\/div>\n\t\t\t\t\t\t\t            <\/div>\n\n                    <\/div>\n        ","protected":false},"excerpt":{"rendered":"","protected":false},"author":1,"featured_media":0,"comment_status":"open","ping_status":"open","sticky":false,"template":"","format":"standard","meta":{"_bbp_topic_count":0,"_bbp_reply_count":0,"_bbp_total_topic_count":0,"_bbp_total_reply_count":0,"_bbp_voice_count":0,"_bbp_anonymous_reply_count":0,"_bbp_topic_count_hidden":0,"_bbp_reply_count_hidden":0,"_bbp_forum_subforum_count":0,"site-sidebar-layout":"default","site-content-layout":"","ast-site-content-layout":"default","site-content-style":"default","site-sidebar-style":"default","ast-global-header-display":"","ast-banner-title-visibility":"","ast-main-header-display":"","ast-hfb-above-header-display":"","ast-hfb-below-header-display":"","ast-hfb-mobile-header-display":"","site-post-title":"","ast-breadcrumbs-content":"","ast-featured-img":"","footer-sml-layout":"","theme-transparent-header-meta":"","adv-header-id-meta":"","stick-header-meta":"","header-above-stick-meta":"","header-main-stick-meta":"","header-below-stick-meta":"","astra-migrate-meta-layouts":"set","ast-page-background-enabled":"default","ast-page-background-meta":{"desktop":{"background-color":"var(--ast-global-color-4)","background-image":"","background-repeat":"repeat","background-position":"center center","background-size":"auto","background-attachment":"scroll","background-type":"","background-media":"","overlay-type":"","overlay-color":"","overlay-opacity":"","overlay-gradient":""},"tablet":{"background-color":"","background-image":"","background-repeat":"repeat","background-position":"center center","background-size":"auto","background-attachment":"scroll","background-type":"","background-media":"","overlay-type":"","overlay-color":"","overlay-opacity":"","overlay-gradient":""},"mobile":{"background-color":"","background-image":"","background-repeat":"repeat","background-position":"center center","background-size":"auto","background-attachment":"scroll","background-type":"","background-media":"","overlay-type":"","overlay-color":"","overlay-opacity":"","overlay-gradient":""}},"ast-content-background-meta":{"desktop":{"background-color":"var(--ast-global-color-5)","background-image":"","background-repeat":"repeat","background-position":"center center","background-size":"auto","background-attachment":"scroll","background-type":"","background-media":"","overlay-type":"","overlay-color":"","overlay-opacity":"","overlay-gradient":""},"tablet":{"background-color":"var(--ast-global-color-5)","background-image":"","background-repeat":"repeat","background-position":"center center","background-size":"auto","background-attachment":"scroll","background-type":"","background-media":"","overlay-type":"","overlay-color":"","overlay-opacity":"","overlay-gradient":""},"mobile":{"background-color":"var(--ast-global-color-5)","background-image":"","background-repeat":"repeat","background-position":"center center","background-size":"auto","background-attachment":"scroll","background-type":"","background-media":"","overlay-type":"","overlay-color":"","overlay-opacity":"","overlay-gradient":""}},"footnotes":""},"categories":[1],"tags":[],"class_list":["post-12408","post","type-post","status-publish","format-standard","hentry","category-general"],"post_mailing_queue_ids":[],"_links":{"self":[{"href":"https:\/\/serveiseducatius.xtec.cat\/mataro\/wp-json\/wp\/v2\/posts\/12408","targetHints":{"allow":["GET"]}}],"collection":[{"href":"https:\/\/serveiseducatius.xtec.cat\/mataro\/wp-json\/wp\/v2\/posts"}],"about":[{"href":"https:\/\/serveiseducatius.xtec.cat\/mataro\/wp-json\/wp\/v2\/types\/post"}],"author":[{"embeddable":true,"href":"https:\/\/serveiseducatius.xtec.cat\/mataro\/wp-json\/wp\/v2\/users\/1"}],"replies":[{"embeddable":true,"href":"https:\/\/serveiseducatius.xtec.cat\/mataro\/wp-json\/wp\/v2\/comments?post=12408"}],"version-history":[{"count":1,"href":"https:\/\/serveiseducatius.xtec.cat\/mataro\/wp-json\/wp\/v2\/posts\/12408\/revisions"}],"predecessor-version":[{"id":12409,"href":"https:\/\/serveiseducatius.xtec.cat\/mataro\/wp-json\/wp\/v2\/posts\/12408\/revisions\/12409"}],"wp:attachment":[{"href":"https:\/\/serveiseducatius.xtec.cat\/mataro\/wp-json\/wp\/v2\/media?parent=12408"}],"wp:term":[{"taxonomy":"category","embeddable":true,"href":"https:\/\/serveiseducatius.xtec.cat\/mataro\/wp-json\/wp\/v2\/categories?post=12408"},{"taxonomy":"post_tag","embeddable":true,"href":"https:\/\/serveiseducatius.xtec.cat\/mataro\/wp-json\/wp\/v2\/tags?post=12408"}],"curies":[{"name":"wp","href":"https:\/\/api.w.org\/{rel}","templated":true}]}}