{"id":10622,"date":"2024-01-10T11:46:01","date_gmt":"2024-01-10T10:46:01","guid":{"rendered":"https:\/\/serveiseducatius.xtec.cat\/mataro\/?p=10622"},"modified":"2024-01-10T11:46:15","modified_gmt":"2024-01-10T10:46:15","slug":"personalitzem-laprenentatge-a-laula-ordinaria-lleida-3-febrer-2024","status":"publish","type":"post","link":"https:\/\/serveiseducatius.xtec.cat\/mataro\/portada\/personalitzem-laprenentatge-a-laula-ordinaria-lleida-3-febrer-2024\/","title":{"rendered":"Personalitzem l\u2019aprenentatge a l\u2019aula ordin\u00e0ria (Lleida 3 febrer 2024)"},"content":{"rendered":"<h4>V JORNADA DE FORMACI\u00d3 EN ALTES CAPACITATS COL\u00b7LEGI EL CARME<\/h4>\n<p><strong><a href=\"https:\/\/serveiseducatius.xtec.cat\/segria\/wp-content\/uploads\/usu679\/2024\/01\/CARTELL-V-JORNADES-scaled.jpg\"><img loading=\"lazy\" decoding=\"async\" class=\" wp-image-21358 alignleft\" src=\"https:\/\/serveiseducatius.xtec.cat\/segria\/wp-content\/uploads\/usu679\/2024\/01\/CARTELL-V-JORNADES-724x1024.jpg\" sizes=\"auto, (max-width: 365px) 100vw, 365px\" srcset=\"https:\/\/serveiseducatius.xtec.cat\/segria\/wp-content\/uploads\/usu679\/2024\/01\/CARTELL-V-JORNADES-724x1024.jpg 724w, https:\/\/serveiseducatius.xtec.cat\/segria\/wp-content\/uploads\/usu679\/2024\/01\/CARTELL-V-JORNADES-212x300.jpg 212w, https:\/\/serveiseducatius.xtec.cat\/segria\/wp-content\/uploads\/usu679\/2024\/01\/CARTELL-V-JORNADES-768x1086.jpg 768w, https:\/\/serveiseducatius.xtec.cat\/segria\/wp-content\/uploads\/usu679\/2024\/01\/CARTELL-V-JORNADES-1086x1536.jpg 1086w, https:\/\/serveiseducatius.xtec.cat\/segria\/wp-content\/uploads\/usu679\/2024\/01\/CARTELL-V-JORNADES-1448x2048.jpg 1448w, https:\/\/serveiseducatius.xtec.cat\/segria\/wp-content\/uploads\/usu679\/2024\/01\/CARTELL-V-JORNADES-scaled.jpg 1810w\" alt=\"\" width=\"365\" height=\"517\" \/><\/a><\/strong><\/p>\n<p><strong>Data:<\/strong>\u00a0Dissabte, 3 de febrer de 2024<br \/>\n<strong>Horari:<\/strong>\u00a0De 9 a 14 h<br \/>\n<strong>Lloc:<\/strong>\u00a0Col\u00b7legi el Carme. Hostal la Bordeta, 11. Lleida<br \/>\n<strong>Activitat del Pla de Formaci\u00f3 de Zona del Segri\u00e0<\/strong><\/p>\n<p><strong>PROGRAMA<br \/>\n<\/strong><em><strong>09.00 h\u00a0<\/strong><\/em> \u00a0 Acollida a les persones participants en la Jornada al hall de l\u2019escola<br \/>\n<em><strong>09.20 h\u00a0<\/strong>\u00a0<\/em>\u00a0\u00a0<em><strong>Presentaci\u00f3<\/strong><\/em>\u00a0de la Jornada<br \/>\n<em><strong>09.30 h<\/strong><\/em>\u00a0 \u00a0\u00a0<em><strong>Pon\u00e8ncia a c\u00e0rrec de Chema L\u00e1zaro:<\/strong><\/em>\u00a0\u00a0\u00a0<em>Oc\u00e9anos de Singularidad. M\u00e1s all\u00e1 de las aguas convencionales.\u00a0<\/em>(Sal\u00f3 d\u2019Actes)<em><strong><br \/>\n<\/strong><\/em><em><strong>11.00 h\u00a0<\/strong><\/em>\u00a0\u00a0\u00a0<em><strong>Pausa.<\/strong><\/em>\u00a0Esmorzar al gimn\u00e0s de l\u2019escola.<br \/>\n<em><strong>12.30 h<\/strong><\/em>\u00a0 \u00a0<em><strong>Tallers: Maria S\u00e1nchez:\u00a0<\/strong><span lang=\"CA-ES\">Les altes capacitats a l\u2019escola\u00a0inclusiva: eines i\u00a0<\/span><span lang=\"CA-ES\">estrat\u00e8gies.\u00a0<\/span><strong><span lang=\"CA-ES\">Chema\u00a0L\u00e1zaro\u00a0\u2013\u00a0<\/span><\/strong><span lang=\"CA-ES\">Creaci\u00f3n de itinerarios de aprendizaje.\u00a0<\/span><strong><span lang=\"CA-ES\">Rosabel\u00a0Rodr\u00edguez\u2013\u00a0<\/span><\/strong><span lang=\"CA-ES\"><span lang=\"ES\">Aprender todos juntos es posible. Estrategia de\u00a0<\/span><\/span><span lang=\"CA-ES\"><span lang=\"ES\">Programaci\u00f3n Multinivel.<\/span><\/span><strong><br \/>\n<\/strong><\/em><em><strong>13.30 h\u00a0<\/strong><\/em>\u00a0\u00a0\u00a0<em><strong>Tancament<\/strong><\/em>\u00a0de la Jornada<br \/>\n<em><strong>14.00 h\u00a0<\/strong><\/em>\u00a0\u00a0 Fi de la Jornada<\/p>\n<p><strong><img loading=\"lazy\" decoding=\"async\" class=\"\" src=\"https:\/\/serveiseducatius.xtec.cat\/segria\/wp-content\/uploads\/usu679\/2022\/01\/1f517-1.png\" width=\"20\" height=\"20\" \/><a href=\"https:\/\/docs.google.com\/forms\/d\/e\/1FAIpQLSdpgCZg84iBwXzOXZzDWtZRrm-qH3KS6Dh6BPuFAsa6M-61sw\/viewform\" target=\"_blank\" rel=\"noopener\">INSCRIPCI\u00d3\u00a0<\/a><\/strong><\/p>\n<p><strong><img loading=\"lazy\" decoding=\"async\" class=\"alignnone wp-image-15609\" src=\"https:\/\/serveiseducatius.xtec.cat\/segria\/wp-content\/uploads\/usu679\/2022\/01\/1f517-1.png\" alt=\"\" width=\"20\" height=\"20\" \/>\u00a0<a href=\"https:\/\/drive.google.com\/file\/d\/1W--GFpQV8sHmaSkU3zstjqJ1cyZQVz7E\/view?usp=sharing\" target=\"_blank\" rel=\"noopener\">CARTELL<\/a><\/strong><\/p>\n<p><strong>ORGANITZA:<\/strong><\/p>\n<p><a href=\"https:\/\/serveiseducatius.xtec.cat\/segria\/wp-content\/uploads\/usu679\/2024\/01\/El-Carme-scaled.jpg\"><img loading=\"lazy\" decoding=\"async\" class=\"size-large wp-image-21360 aligncenter\" src=\"https:\/\/serveiseducatius.xtec.cat\/segria\/wp-content\/uploads\/usu679\/2024\/01\/El-Carme-1024x155.jpg\" sizes=\"auto, (max-width: 1024px) 100vw, 1024px\" srcset=\"https:\/\/serveiseducatius.xtec.cat\/segria\/wp-content\/uploads\/usu679\/2024\/01\/El-Carme-1024x155.jpg 1024w, https:\/\/serveiseducatius.xtec.cat\/segria\/wp-content\/uploads\/usu679\/2024\/01\/El-Carme-300x46.jpg 300w, https:\/\/serveiseducatius.xtec.cat\/segria\/wp-content\/uploads\/usu679\/2024\/01\/El-Carme-768x117.jpg 768w, https:\/\/serveiseducatius.xtec.cat\/segria\/wp-content\/uploads\/usu679\/2024\/01\/El-Carme-1536x233.jpg 1536w, https:\/\/serveiseducatius.xtec.cat\/segria\/wp-content\/uploads\/usu679\/2024\/01\/El-Carme-2048x311.jpg 2048w\" alt=\"\" width=\"1024\" height=\"155\" \/><\/a><\/p>\n<p><a href=\"https:\/\/serveiseducatius.xtec.cat\/segria\/wp-content\/uploads\/usu679\/2024\/01\/Colaboren-Jornada-Carme-scaled.jpg\"><img loading=\"lazy\" decoding=\"async\" class=\"size-large wp-image-21361 aligncenter\" src=\"https:\/\/serveiseducatius.xtec.cat\/segria\/wp-content\/uploads\/usu679\/2024\/01\/Colaboren-Jornada-Carme-1024x86.jpg\" sizes=\"auto, (max-width: 1024px) 100vw, 1024px\" srcset=\"https:\/\/serveiseducatius.xtec.cat\/segria\/wp-content\/uploads\/usu679\/2024\/01\/Colaboren-Jornada-Carme-1024x86.jpg 1024w, https:\/\/serveiseducatius.xtec.cat\/segria\/wp-content\/uploads\/usu679\/2024\/01\/Colaboren-Jornada-Carme-300x25.jpg 300w, https:\/\/serveiseducatius.xtec.cat\/segria\/wp-content\/uploads\/usu679\/2024\/01\/Colaboren-Jornada-Carme-768x65.jpg 768w, https:\/\/serveiseducatius.xtec.cat\/segria\/wp-content\/uploads\/usu679\/2024\/01\/Colaboren-Jornada-Carme-1536x130.jpg 1536w, https:\/\/serveiseducatius.xtec.cat\/segria\/wp-content\/uploads\/usu679\/2024\/01\/Colaboren-Jornada-Carme-2048x173.jpg 2048w\" alt=\"\" width=\"1024\" height=\"86\" \/><\/a><\/p>\n<p>&nbsp;<\/p>\n","protected":false},"excerpt":{"rendered":"<p>V JORNADA DE FORMACI\u00d3 EN ALTES CAPACITATS COL\u00b7LEGI EL CARME Data:\u00a0Dissabte, 3 de febrer de 2024 Horari:\u00a0De 9 a 14 [&hellip;]<\/p>\n","protected":false},"author":1,"featured_media":10624,"comment_status":"open","ping_status":"closed","sticky":false,"template":"","format":"standard","meta":{"_bbp_topic_count":0,"_bbp_reply_count":0,"_bbp_total_topic_count":0,"_bbp_total_reply_count":0,"_bbp_voice_count":0,"_bbp_anonymous_reply_count":0,"_bbp_topic_count_hidden":0,"_bbp_reply_count_hidden":0,"_bbp_forum_subforum_count":0,"site-sidebar-layout":"default","site-content-layout":"","ast-site-content-layout":"","site-content-style":"default","site-sidebar-style":"default","ast-global-header-display":"","ast-banner-title-visibility":"","ast-main-header-display":"","ast-hfb-above-header-display":"","ast-hfb-below-header-display":"","ast-hfb-mobile-header-display":"","site-post-title":"","ast-breadcrumbs-content":"","ast-featured-img":"","footer-sml-layout":"","theme-transparent-header-meta":"","adv-header-id-meta":"","stick-header-meta":"","header-above-stick-meta":"","header-main-stick-meta":"","header-below-stick-meta":"","astra-migrate-meta-layouts":"default","ast-page-background-enabled":"default","ast-page-background-meta":{"desktop":{"background-color":"var(--ast-global-color-4)","background-image":"","background-repeat":"repeat","background-position":"center center","background-size":"auto","background-attachment":"scroll","background-type":"","background-media":"","overlay-type":"","overlay-color":"","overlay-opacity":"","overlay-gradient":""},"tablet":{"background-color":"","background-image":"","background-repeat":"repeat","background-position":"center center","background-size":"auto","background-attachment":"scroll","background-type":"","background-media":"","overlay-type":"","overlay-color":"","overlay-opacity":"","overlay-gradient":""},"mobile":{"background-color":"","background-image":"","background-repeat":"repeat","background-position":"center center","background-size":"auto","background-attachment":"scroll","background-type":"","background-media":"","overlay-type":"","overlay-color":"","overlay-opacity":"","overlay-gradient":""}},"ast-content-background-meta":{"desktop":{"background-color":"var(--ast-global-color-5)","background-image":"","background-repeat":"repeat","background-position":"center center","background-size":"auto","background-attachment":"scroll","background-type":"","background-media":"","overlay-type":"","overlay-color":"","overlay-opacity":"","overlay-gradient":""},"tablet":{"background-color":"var(--ast-global-color-5)","background-image":"","background-repeat":"repeat","background-position":"center center","background-size":"auto","background-attachment":"scroll","background-type":"","background-media":"","overlay-type":"","overlay-color":"","overlay-opacity":"","overlay-gradient":""},"mobile":{"background-color":"var(--ast-global-color-5)","background-image":"","background-repeat":"repeat","background-position":"center center","background-size":"auto","background-attachment":"scroll","background-type":"","background-media":"","overlay-type":"","overlay-color":"","overlay-opacity":"","overlay-gradient":""}},"footnotes":""},"categories":[393,385,296,29],"tags":[],"class_list":["post-10622","post","type-post","status-publish","format-standard","has-post-thumbnail","hentry","category-eap-b-09","category-inclusio","category-se-mataro","category-portada"],"post_mailing_queue_ids":[],"_links":{"self":[{"href":"https:\/\/serveiseducatius.xtec.cat\/mataro\/wp-json\/wp\/v2\/posts\/10622","targetHints":{"allow":["GET"]}}],"collection":[{"href":"https:\/\/serveiseducatius.xtec.cat\/mataro\/wp-json\/wp\/v2\/posts"}],"about":[{"href":"https:\/\/serveiseducatius.xtec.cat\/mataro\/wp-json\/wp\/v2\/types\/post"}],"author":[{"embeddable":true,"href":"https:\/\/serveiseducatius.xtec.cat\/mataro\/wp-json\/wp\/v2\/users\/1"}],"replies":[{"embeddable":true,"href":"https:\/\/serveiseducatius.xtec.cat\/mataro\/wp-json\/wp\/v2\/comments?post=10622"}],"version-history":[{"count":2,"href":"https:\/\/serveiseducatius.xtec.cat\/mataro\/wp-json\/wp\/v2\/posts\/10622\/revisions"}],"predecessor-version":[{"id":10625,"href":"https:\/\/serveiseducatius.xtec.cat\/mataro\/wp-json\/wp\/v2\/posts\/10622\/revisions\/10625"}],"wp:featuredmedia":[{"embeddable":true,"href":"https:\/\/serveiseducatius.xtec.cat\/mataro\/wp-json\/wp\/v2\/media\/10624"}],"wp:attachment":[{"href":"https:\/\/serveiseducatius.xtec.cat\/mataro\/wp-json\/wp\/v2\/media?parent=10622"}],"wp:term":[{"taxonomy":"category","embeddable":true,"href":"https:\/\/serveiseducatius.xtec.cat\/mataro\/wp-json\/wp\/v2\/categories?post=10622"},{"taxonomy":"post_tag","embeddable":true,"href":"https:\/\/serveiseducatius.xtec.cat\/mataro\/wp-json\/wp\/v2\/tags?post=10622"}],"curies":[{"name":"wp","href":"https:\/\/api.w.org\/{rel}","templated":true}]}}