{"id":10327,"date":"2023-10-02T08:07:59","date_gmt":"2023-10-02T06:07:59","guid":{"rendered":"https:\/\/serveiseducatius.xtec.cat\/mataro\/?p=10327"},"modified":"2023-10-01T19:50:24","modified_gmt":"2023-10-01T17:50:24","slug":"la-rapera-i-activista-feminista-yezli-mic-visitara-mataro-en-el-programa-de-ciutats-defensores-dels-drets-humans","status":"publish","type":"post","link":"https:\/\/serveiseducatius.xtec.cat\/mataro\/general\/la-rapera-i-activista-feminista-yezli-mic-visitara-mataro-en-el-programa-de-ciutats-defensores-dels-drets-humans\/","title":{"rendered":"La rapera i activista feminista Yezli Mic visitar\u00e0 Matar\u00f3 en el programa de Ciutats Defensores dels Drets Humans"},"content":{"rendered":"<p class=\"documentDescription description text-light  mt-0 mb-4\">L\u2019Espai Matar\u00f3 Connecta acollir\u00e0 el proper dimecres 4 d\u2019octubre, a les 17.30 hores, una xerrada amb la rapera i activista feminista d\u2019El Salvador, Yezli Mic, que parlar\u00e0 sobre el Hip Hop femen\u00ed. L\u2019acte, obert a tothom, s\u2019emmarca en l\u2019edici\u00f3 tardor del projecte de Ciutats Defensores dels Drets Humans on set defensors dels Drets Humans d\u2019arreu del m\u00f3n s\u00f3n convidats a Catalunya per explicar les seves viv\u00e8ncies, el seu activisme i la seva tasca a favor dels Drets Humans.<\/p>\n<div id=\"content-core\" class=\"clearfix\">\n<div class=\"pull-right col-xs-12 col-sm-6 col-lg-5 px-0 ml-sm-4 mb-4\">\n<div>\n<div id=\"leadImage\" class=\"leadImage\"><\/div>\n<\/div>\n<\/div>\n<p id=\"effectiveDate\" class=\"text-italic text-gray mb-0\"><span style=\"font-family: inherit; font-size: 1em;\">Amb el t\u00edtol \u201cEl rap permet posar paraules i humanitzar les coses\u201d, la rapera i activista feminista Yezli Mic explicar\u00e0 a Matar\u00f3 la seva traject\u00f2ria i el seu treball en defensa dels Drets Humans al seu pa\u00eds: El Salvador on s\u2019incompleixen drets b\u00e0sics de les persones. El dimecres 4 d\u2019octubre, a les 17.30 hores, comen\u00e7ar\u00e0 aquest acte de reivindicaci\u00f3 i apoderament de les dones a trav\u00e9s de la m\u00fasica. L\u2019entrada \u00e9s gratu\u00efta i oberta a tothom.<\/span><\/p>\n<div id=\"parent-fieldname-text\">\n<p>Des del 2018, Matar\u00f3 est\u00e0 adherida al programa de Ciutats Defensores dels Drets Humans\u00a0que treballa per visibilitzar i acompanyar la tasca de les persones defensores dels Drets Humans i denunciar la persecuci\u00f3 que pateixen.<\/p>\n<\/div>\n<p><a href=\"https:\/\/serveiseducatius.xtec.cat\/mataro\/?attachment_id=10328\" rel=\"attachment wp-att-10328\"><img loading=\"lazy\" decoding=\"async\" class=\" wp-image-10328 aligncenter\" src=\"https:\/\/serveiseducatius.xtec.cat\/mataro\/wp-content\/uploads\/usu1139\/2023\/10\/e707477e-279e-48ce-9064-15d8399bf350.jpeg\" alt=\"\" width=\"524\" height=\"261\" srcset=\"https:\/\/serveiseducatius.xtec.cat\/mataro\/wp-content\/uploads\/usu1139\/2023\/10\/e707477e-279e-48ce-9064-15d8399bf350.jpeg 972w, https:\/\/serveiseducatius.xtec.cat\/mataro\/wp-content\/uploads\/usu1139\/2023\/10\/e707477e-279e-48ce-9064-15d8399bf350-300x149.jpeg 300w, https:\/\/serveiseducatius.xtec.cat\/mataro\/wp-content\/uploads\/usu1139\/2023\/10\/e707477e-279e-48ce-9064-15d8399bf350-768x382.jpeg 768w\" sizes=\"auto, (max-width: 524px) 100vw, 524px\" \/><\/a><\/p>\n<div id=\"parent-fieldname-text\">\n<p><strong>Yezli Mic<\/strong><\/p>\n<p>Ser dona a El Salvador no \u00e9s una tasca f\u00e0cil. Ser dona, rapera i feminista, encara menys. Yezli Mic, de 26 anys, ho sap des que, d\u2019adolescent, es va comen\u00e7ar a adonar del problem\u00e0tic que podia resultar ser una dona en un dels pa\u00efsos amb una de les taxes de feminicidis m\u00e9s altes del m\u00f3n. Va comen\u00e7ar a escriure versos i a rapejar de manera totalment autodidacta el 2011 i per pura casualitat, perqu\u00e8 ho havia vist fer als carrers del seu barri. Es va iniciar al m\u00f3n del hip hop amb una\u00a0<em>crew<\/em>, per\u00f2 el 2016 va decidir emprendre un altre cam\u00ed: va crear un xat amb les noies raperes que coneixia per compondre una can\u00e7\u00f3 col\u00b7lectiva que parl\u00e9s dels drets de les dones.<\/p>\n<p>D\u2019aqu\u00ed va sorgir el col\u00b7lectiu Hip Hop Femen\u00ed, tamb\u00e9 conformat per dones grafiteres en un inici. Actualment, Yezli Mic, Jennifer Alisson Rivas (Queen), Margareth Arantxa Guevara (Ariz) i Joselin Elizabeth Garc\u00eda (Yoshi dj) s\u00f3n les raperes que estan al capdavant d\u2019aquest col\u00b7lectiu, que tamb\u00e9 treballa bra\u00e7 a bra\u00e7 amb col\u00b7lectius feministes. Yezli Mic assegura que treballar amb les feministes els ha perm\u00e8s apoderar-se, aprendre i aconseguir nous espais. Diu que, com a col\u00b7lectiu, els ha canviat la vida, perqu\u00e8 \u201cten\u00edem el talent per\u00f2 ens faltava el missatge\u201d. A m\u00e9s de rapejar, Hip Hop Femen\u00ed tamb\u00e9 imparteix xerrades, tallers i formacions relacionades amb drets humans i la viol\u00e8ncia contra les dones.<\/p>\n<p>El dia a dia de Yezli Mic es divideix entre el treball \u2014s\u2019encarrega d\u2019una parada ambulant de gasoses i coques\u2014 i els versos. Est\u00e0 orgullosa del cam\u00ed que est\u00e0 recorrent, ja que est\u00e0 fet a base de const\u00e0ncia, esfor\u00e7 i aprenentatge. \u201cQuan vaig comen\u00e7ar a rapejar, em vaig adonar que podia entonar. A poc a poc vaig anar descobrint les meves capacitats\u201d, explica.<\/p>\n<p>(Font: Ciutats Defensores dels Drets Humans)<\/p>\n<\/div>\n<div class=\"clearfix\"><\/div>\n<section id=\"relatedLinks\" class=\"clearfix \">\n<h2 class=\"subHeader h4-size imageGallery__title\">Enlla\u00e7os d&#8217;inter\u00e8s<\/h2>\n<ul class=\"list-untyled\">\n<li class=\"linkGallery__item\"><a href=\"https:\/\/www.mataro.cat\/ca\/actualitat\/noticies\/2023\/la-rapera-i-activista-feminista-yezli-mic-visitara-mataro-en-el-programa-de-ciutats-defensores-dels-drets-humans\/web-ciutats-defensores-dels-drets-humans-1\" target=\"_blank\" rel=\"noopener\">Web Ciutats Defensores dels Drets Humans<\/a><\/li>\n<\/ul>\n<p>Noticia extreta de: <a href=\"https:\/\/www.mataro.cat\/ca\/actualitat\/noticies\/2023\/la-rapera-i-activista-feminista-yezli-mic-visitara-mataro-en-el-programa-de-ciutats-defensores-dels-drets-humans\">https:\/\/www.mataro.cat\/ca\/actualitat\/noticies\/2023\/la-rapera-i-activista-feminista-yezli-mic-visitara-mataro-en-el-programa-de-ciutats-defensores-dels-drets-humans<\/a><\/p>\n<\/section>\n<\/div>\n","protected":false},"excerpt":{"rendered":"<p>L\u2019Espai Matar\u00f3 Connecta acollir\u00e0 el proper dimecres 4 d\u2019octubre, a les 17.30 hores, una xerrada amb la rapera i activista [&hellip;]<\/p>\n","protected":false},"author":1,"featured_media":10328,"comment_status":"closed","ping_status":"closed","sticky":false,"template":"","format":"standard","meta":{"_bbp_topic_count":0,"_bbp_reply_count":0,"_bbp_total_topic_count":0,"_bbp_total_reply_count":0,"_bbp_voice_count":0,"_bbp_anonymous_reply_count":0,"_bbp_topic_count_hidden":0,"_bbp_reply_count_hidden":0,"_bbp_forum_subforum_count":0,"site-sidebar-layout":"default","site-content-layout":"","ast-site-content-layout":"","site-content-style":"default","site-sidebar-style":"default","ast-global-header-display":"","ast-banner-title-visibility":"","ast-main-header-display":"","ast-hfb-above-header-display":"","ast-hfb-below-header-display":"","ast-hfb-mobile-header-display":"","site-post-title":"","ast-breadcrumbs-content":"","ast-featured-img":"","footer-sml-layout":"","theme-transparent-header-meta":"","adv-header-id-meta":"","stick-header-meta":"","header-above-stick-meta":"","header-main-stick-meta":"","header-below-stick-meta":"","astra-migrate-meta-layouts":"default","ast-page-background-enabled":"default","ast-page-background-meta":{"desktop":{"background-color":"var(--ast-global-color-4)","background-image":"","background-repeat":"repeat","background-position":"center center","background-size":"auto","background-attachment":"scroll","background-type":"","background-media":"","overlay-type":"","overlay-color":"","overlay-opacity":"","overlay-gradient":""},"tablet":{"background-color":"","background-image":"","background-repeat":"repeat","background-position":"center center","background-size":"auto","background-attachment":"scroll","background-type":"","background-media":"","overlay-type":"","overlay-color":"","overlay-opacity":"","overlay-gradient":""},"mobile":{"background-color":"","background-image":"","background-repeat":"repeat","background-position":"center center","background-size":"auto","background-attachment":"scroll","background-type":"","background-media":"","overlay-type":"","overlay-color":"","overlay-opacity":"","overlay-gradient":""}},"ast-content-background-meta":{"desktop":{"background-color":"var(--ast-global-color-5)","background-image":"","background-repeat":"repeat","background-position":"center center","background-size":"auto","background-attachment":"scroll","background-type":"","background-media":"","overlay-type":"","overlay-color":"","overlay-opacity":"","overlay-gradient":""},"tablet":{"background-color":"var(--ast-global-color-5)","background-image":"","background-repeat":"repeat","background-position":"center center","background-size":"auto","background-attachment":"scroll","background-type":"","background-media":"","overlay-type":"","overlay-color":"","overlay-opacity":"","overlay-gradient":""},"mobile":{"background-color":"var(--ast-global-color-5)","background-image":"","background-repeat":"repeat","background-position":"center center","background-size":"auto","background-attachment":"scroll","background-type":"","background-media":"","overlay-type":"","overlay-color":"","overlay-opacity":"","overlay-gradient":""}},"footnotes":""},"categories":[1,296,29],"tags":[],"class_list":["post-10327","post","type-post","status-publish","format-standard","has-post-thumbnail","hentry","category-general","category-se-mataro","category-portada"],"post_mailing_queue_ids":[],"_links":{"self":[{"href":"https:\/\/serveiseducatius.xtec.cat\/mataro\/wp-json\/wp\/v2\/posts\/10327","targetHints":{"allow":["GET"]}}],"collection":[{"href":"https:\/\/serveiseducatius.xtec.cat\/mataro\/wp-json\/wp\/v2\/posts"}],"about":[{"href":"https:\/\/serveiseducatius.xtec.cat\/mataro\/wp-json\/wp\/v2\/types\/post"}],"author":[{"embeddable":true,"href":"https:\/\/serveiseducatius.xtec.cat\/mataro\/wp-json\/wp\/v2\/users\/1"}],"replies":[{"embeddable":true,"href":"https:\/\/serveiseducatius.xtec.cat\/mataro\/wp-json\/wp\/v2\/comments?post=10327"}],"version-history":[{"count":1,"href":"https:\/\/serveiseducatius.xtec.cat\/mataro\/wp-json\/wp\/v2\/posts\/10327\/revisions"}],"predecessor-version":[{"id":10329,"href":"https:\/\/serveiseducatius.xtec.cat\/mataro\/wp-json\/wp\/v2\/posts\/10327\/revisions\/10329"}],"wp:featuredmedia":[{"embeddable":true,"href":"https:\/\/serveiseducatius.xtec.cat\/mataro\/wp-json\/wp\/v2\/media\/10328"}],"wp:attachment":[{"href":"https:\/\/serveiseducatius.xtec.cat\/mataro\/wp-json\/wp\/v2\/media?parent=10327"}],"wp:term":[{"taxonomy":"category","embeddable":true,"href":"https:\/\/serveiseducatius.xtec.cat\/mataro\/wp-json\/wp\/v2\/categories?post=10327"},{"taxonomy":"post_tag","embeddable":true,"href":"https:\/\/serveiseducatius.xtec.cat\/mataro\/wp-json\/wp\/v2\/tags?post=10327"}],"curies":[{"name":"wp","href":"https:\/\/api.w.org\/{rel}","templated":true}]}}