{"id":10147,"date":"2023-05-25T10:00:52","date_gmt":"2023-05-25T08:00:52","guid":{"rendered":"https:\/\/serveiseducatius.xtec.cat\/mataro\/?p=10147"},"modified":"2023-05-24T17:27:52","modified_gmt":"2023-05-24T15:27:52","slug":"diversitat-linguistica-cultural-i-construccio-didentitat-noves-maletes-pedagogiques","status":"publish","type":"post","link":"https:\/\/serveiseducatius.xtec.cat\/mataro\/general\/diversitat-linguistica-cultural-i-construccio-didentitat-noves-maletes-pedagogiques\/","title":{"rendered":"Diversitat ling\u00fc\u00edstica, cultural i construcci\u00f3 d&#8217;identitat [Noves maletes pedag\u00f2giques]"},"content":{"rendered":"<p><a href=\"https:\/\/serveiseducatius.xtec.cat\/mataro\/?attachment_id=10148\" rel=\"attachment wp-att-10148\"><img loading=\"lazy\" decoding=\"async\" class=\"alignleft\" src=\"https:\/\/serveiseducatius.xtec.cat\/mataro\/wp-content\/uploads\/usu1139\/2023\/05\/IMG_20230206_121011963-removebg-preview-300x225.png\" alt=\"\" width=\"320\" height=\"240\" \/><\/a>Despr\u00e9s de mesos de feina, ja podem fer sortir a la llum una de les tasques que hem realitzat aquest curs a Matar\u00f3 i que hem dut a terme a tres bandes: tutors d&#8217;aula d&#8217;acollida de prim\u00e0ria i de secund\u00e0ria en el marc de la formaci\u00f3-seguiment de les aules d&#8217;acollida de Matar\u00f3 amb la col\u00b7laboraci\u00f3 dels equips del CRP i ELIC del Servei Educatiu.<\/p>\n<p>El resultat del proc\u00e9s s\u00f3n les\u00a0maletes pedag\u00f2giques\u00a0per acompanyar la diversitat ling\u00fc\u00edstica, cultural i la construcci\u00f3 d&#8217;identitat de l&#8217;alumnat nouvingut o d&#8217;origen estranger.<\/p>\n<p>L&#8217;objectiu d&#8217;aquest material \u00e9s oferir eines al docent des de dues vessants. D&#8217;una banda tenir recursos per a poder aplicar a l&#8217;aula i al centre i per l&#8217;altra autoformar-se d&#8217;una manera relaxada per a prendre consci\u00e8ncia de les pr\u00f2pies creences i actituds com a model educatiu i social.<\/p>\n<p>En total s\u00f3n un conjunt de 7 maletes, el contingut de les quals el podeu\u00a0 que porten per t\u00edtol:<\/p>\n<ul>\n<li><a href=\"https:\/\/sites.google.com\/xtec.cat\/maletescrpmataro\/p%C3%A0gina-principal\/5-llengua-catalana-i-castellana\/diversitat-ling%C3%BC%C3%ADstica-i-cultural-ens-repensem\" target=\"_blank\" rel=\"noopener\" data-saferedirecturl=\"https:\/\/www.google.com\/url?q=https:\/\/sites.google.com\/xtec.cat\/maletescrpmataro\/p%25C3%25A0gina-principal\/5-llengua-catalana-i-castellana\/diversitat-ling%25C3%25BC%25C3%25ADstica-i-cultural-ens-repensem&amp;source=gmail&amp;ust=1685027821457000&amp;usg=AOvVaw1fA9XpnLElOAx83ZTyaIpC\">Diversitat ling\u00fc\u00edstica i cultural. Ens repensem?<\/a><\/li>\n<li><a href=\"https:\/\/sites.google.com\/xtec.cat\/maletescrpmataro\/p%C3%A0gina-principal\/5-llengua-catalana-i-castellana\/dol-migratori\" target=\"_blank\" rel=\"noopener\" data-saferedirecturl=\"https:\/\/www.google.com\/url?q=https:\/\/sites.google.com\/xtec.cat\/maletescrpmataro\/p%25C3%25A0gina-principal\/5-llengua-catalana-i-castellana\/dol-migratori&amp;source=gmail&amp;ust=1685027821457000&amp;usg=AOvVaw11_wO5E-tPDdxNcDvvCjds\">Dol migratori<\/a><\/li>\n<li><a href=\"https:\/\/sites.google.com\/xtec.cat\/maletescrpmataro\/p%C3%A0gina-principal\/5-llengua-catalana-i-castellana\/jocs-de-taula-llengua-nivell-b%C3%A0sic-a1\" target=\"_blank\" rel=\"noopener\" data-saferedirecturl=\"https:\/\/www.google.com\/url?q=https:\/\/sites.google.com\/xtec.cat\/maletescrpmataro\/p%25C3%25A0gina-principal\/5-llengua-catalana-i-castellana\/jocs-de-taula-llengua-nivell-b%25C3%25A0sic-a1&amp;source=gmail&amp;ust=1685027821457000&amp;usg=AOvVaw0sxDVABA1edhaUFU1zhlxw\">Jocs de taula de llengua.\u00a0<\/a><a href=\"https:\/\/sites.google.com\/xtec.cat\/maletescrpmataro\/p%C3%A0gina-principal\/5-llengua-catalana-i-castellana\/jocs-de-taula-llengua-nivell-b%C3%A0sic-a1\" target=\"_blank\" rel=\"noopener\" data-saferedirecturl=\"https:\/\/www.google.com\/url?q=https:\/\/sites.google.com\/xtec.cat\/maletescrpmataro\/p%25C3%25A0gina-principal\/5-llengua-catalana-i-castellana\/jocs-de-taula-llengua-nivell-b%25C3%25A0sic-a1&amp;source=gmail&amp;ust=1685027821457000&amp;usg=AOvVaw0sxDVABA1edhaUFU1zhlxw\">Nivell b\u00e0sic A1<\/a><\/li>\n<li><a href=\"https:\/\/sites.google.com\/xtec.cat\/maletescrpmataro\/p%C3%A0gina-principal\/5-llengua-catalana-i-castellana\/jocs-de-taula-llengua-nivell-b%C3%A0sic-a2\" target=\"_blank\" rel=\"noopener\" data-saferedirecturl=\"https:\/\/www.google.com\/url?q=https:\/\/sites.google.com\/xtec.cat\/maletescrpmataro\/p%25C3%25A0gina-principal\/5-llengua-catalana-i-castellana\/jocs-de-taula-llengua-nivell-b%25C3%25A0sic-a2&amp;source=gmail&amp;ust=1685027821457000&amp;usg=AOvVaw25fAK6hWhu5BVQOkZW2Z_H\">Jocs de taula de llengua.\u00a0<\/a><a href=\"https:\/\/sites.google.com\/xtec.cat\/maletescrpmataro\/p%C3%A0gina-principal\/5-llengua-catalana-i-castellana\/jocs-de-taula-llengua-nivell-b%C3%A0sic-a2\" target=\"_blank\" rel=\"noopener\" data-saferedirecturl=\"https:\/\/www.google.com\/url?q=https:\/\/sites.google.com\/xtec.cat\/maletescrpmataro\/p%25C3%25A0gina-principal\/5-llengua-catalana-i-castellana\/jocs-de-taula-llengua-nivell-b%25C3%25A0sic-a2&amp;source=gmail&amp;ust=1685027821457000&amp;usg=AOvVaw25fAK6hWhu5BVQOkZW2Z_H\">Nivell b\u00e0sic A2<\/a><\/li>\n<li><a href=\"https:\/\/sites.google.com\/xtec.cat\/maletescrpmataro\/p%C3%A0gina-principal\/5-llengua-catalana-i-castellana\/lleng%C3%BCes-i-catal%C3%A0-%C3%A0rab_%C3%A0rab-catal%C3%A0\" target=\"_blank\" rel=\"noopener\" data-saferedirecturl=\"https:\/\/www.google.com\/url?q=https:\/\/sites.google.com\/xtec.cat\/maletescrpmataro\/p%25C3%25A0gina-principal\/5-llengua-catalana-i-castellana\/lleng%25C3%25BCes-i-catal%25C3%25A0-%25C3%25A0rab_%25C3%25A0rab-catal%25C3%25A0&amp;source=gmail&amp;ust=1685027821457000&amp;usg=AOvVaw2TvRfotKecDimeoRS2Y5DQ\">Lleng\u00fces I.\u00a0catal\u00e0-\u00e0rab\/\u00e0rab-catal\u00e0\u00a0\u00a0\u00a0<\/a><\/li>\n<li><a href=\"https:\/\/sites.google.com\/xtec.cat\/maletescrpmataro\/p%C3%A0gina-principal\/5-llengua-catalana-i-castellana\/lleng%C3%BCes-ii-catal%C3%A0-xin%C3%A8s_xin%C3%A8s-catal%C3%A0\" target=\"_blank\" rel=\"noopener\" data-saferedirecturl=\"https:\/\/www.google.com\/url?q=https:\/\/sites.google.com\/xtec.cat\/maletescrpmataro\/p%25C3%25A0gina-principal\/5-llengua-catalana-i-castellana\/lleng%25C3%25BCes-ii-catal%25C3%25A0-xin%25C3%25A8s_xin%25C3%25A8s-catal%25C3%25A0&amp;source=gmail&amp;ust=1685027821457000&amp;usg=AOvVaw1KBV-dB_6dkhtZ97vgmpIX\">Lleng\u00fces II.\u00a0catal\u00e0-xin\u00e8s\/xin\u00e8s-catal\u00e0\u00a0<wbr \/>\u00a0\u00a0<\/a><\/li>\n<li><a href=\"https:\/\/sites.google.com\/xtec.cat\/maletescrpmataro\/p%C3%A0gina-principal\/5-llengua-catalana-i-castellana\/lleng%C3%BCes-iii-catal%C3%A0-urd%C3%BA-roman%C3%A8s-wolof-i-amazic\" target=\"_blank\" rel=\"noopener\" data-saferedirecturl=\"https:\/\/www.google.com\/url?q=https:\/\/sites.google.com\/xtec.cat\/maletescrpmataro\/p%25C3%25A0gina-principal\/5-llengua-catalana-i-castellana\/lleng%25C3%25BCes-iii-catal%25C3%25A0-urd%25C3%25BA-roman%25C3%25A8s-wolof-i-amazic&amp;source=gmail&amp;ust=1685027821457000&amp;usg=AOvVaw2Fgk_hDQ868kbhDugYEOik\">Lleng\u00fces III.\u00a0\u00a0catal\u00e0-urdr\u00fa, wolof,\u00a0roman\u00e8s i amazic<\/a><\/li>\n<\/ul>\n<p><a href=\"https:\/\/serveiseducatius.xtec.cat\/mataro\/?attachment_id=10151\" rel=\"attachment wp-att-10151\"><img loading=\"lazy\" decoding=\"async\" class=\"alignright\" src=\"https:\/\/serveiseducatius.xtec.cat\/mataro\/wp-content\/uploads\/usu1139\/2023\/05\/IMG_20230206_120357075-removebg-preview-300x225.png\" alt=\"\" width=\"331\" height=\"248\" \/><\/a>En aquests moments\u00a0tot el material ja est\u00e0 disponible\u00a0al SE de Matar\u00f3 i podeu\u00a0<a href=\"https:\/\/sites.google.com\/xtec.cat\/maletescrpmataro\/p%C3%A0gina-principal\/sollicitud-de-pr%C3%A9stec\" target=\"_blank\" rel=\"noopener\" data-saferedirecturl=\"https:\/\/www.google.com\/url?q=https:\/\/sites.google.com\/xtec.cat\/maletescrpmataro\/p%25C3%25A0gina-principal\/sollicitud-de-pr%25C3%25A9stec&amp;source=gmail&amp;ust=1685027821457000&amp;usg=AOvVaw3wbiRpjM9yLT0kzjJWsZPj\">sol\u00b7licitar-ne el pr\u00e9stec<\/a>.<\/p>\n<p>Si teniu qualsevol dubte o necessiteu informaci\u00f3 us podeu adre\u00e7ar a la vostra persona referent del CRP.<\/p>\n<p>Esperem que aquest nou recurs us sigui d&#8217;utilitat.<\/p>\n<p>&nbsp;<\/p>\n","protected":false},"excerpt":{"rendered":"<p>Despr\u00e9s de mesos de feina, ja podem fer sortir a la llum una de les tasques que hem realitzat aquest [&hellip;]<\/p>\n","protected":false},"author":1,"featured_media":10149,"comment_status":"open","ping_status":"closed","sticky":false,"template":"","format":"standard","meta":{"_bbp_topic_count":0,"_bbp_reply_count":0,"_bbp_total_topic_count":0,"_bbp_total_reply_count":0,"_bbp_voice_count":0,"_bbp_anonymous_reply_count":0,"_bbp_topic_count_hidden":0,"_bbp_reply_count_hidden":0,"_bbp_forum_subforum_count":0,"site-sidebar-layout":"default","site-content-layout":"","ast-site-content-layout":"","site-content-style":"default","site-sidebar-style":"default","ast-global-header-display":"","ast-banner-title-visibility":"","ast-main-header-display":"","ast-hfb-above-header-display":"","ast-hfb-below-header-display":"","ast-hfb-mobile-header-display":"","site-post-title":"","ast-breadcrumbs-content":"","ast-featured-img":"","footer-sml-layout":"","theme-transparent-header-meta":"","adv-header-id-meta":"","stick-header-meta":"","header-above-stick-meta":"","header-main-stick-meta":"","header-below-stick-meta":"","astra-migrate-meta-layouts":"default","ast-page-background-enabled":"default","ast-page-background-meta":{"desktop":{"background-color":"var(--ast-global-color-4)","background-image":"","background-repeat":"repeat","background-position":"center center","background-size":"auto","background-attachment":"scroll","background-type":"","background-media":"","overlay-type":"","overlay-color":"","overlay-opacity":"","overlay-gradient":""},"tablet":{"background-color":"","background-image":"","background-repeat":"repeat","background-position":"center center","background-size":"auto","background-attachment":"scroll","background-type":"","background-media":"","overlay-type":"","overlay-color":"","overlay-opacity":"","overlay-gradient":""},"mobile":{"background-color":"","background-image":"","background-repeat":"repeat","background-position":"center center","background-size":"auto","background-attachment":"scroll","background-type":"","background-media":"","overlay-type":"","overlay-color":"","overlay-opacity":"","overlay-gradient":""}},"ast-content-background-meta":{"desktop":{"background-color":"var(--ast-global-color-5)","background-image":"","background-repeat":"repeat","background-position":"center center","background-size":"auto","background-attachment":"scroll","background-type":"","background-media":"","overlay-type":"","overlay-color":"","overlay-opacity":"","overlay-gradient":""},"tablet":{"background-color":"var(--ast-global-color-5)","background-image":"","background-repeat":"repeat","background-position":"center center","background-size":"auto","background-attachment":"scroll","background-type":"","background-media":"","overlay-type":"","overlay-color":"","overlay-opacity":"","overlay-gradient":""},"mobile":{"background-color":"var(--ast-global-color-5)","background-image":"","background-repeat":"repeat","background-position":"center center","background-size":"auto","background-attachment":"scroll","background-type":"","background-media":"","overlay-type":"","overlay-color":"","overlay-opacity":"","overlay-gradient":""}},"footnotes":""},"categories":[81,383,384,370,299,1,296,82,29,76],"tags":[],"class_list":["post-10147","post","type-post","status-publish","format-standard","has-post-thumbnail","hentry","category-biblioteca-escolar","category-primaria","category-secundaria","category-elic","category-formacio","category-general","category-se-mataro","category-maletes-pedagogiques","category-portada","category-recursos"],"post_mailing_queue_ids":[],"_links":{"self":[{"href":"https:\/\/serveiseducatius.xtec.cat\/mataro\/wp-json\/wp\/v2\/posts\/10147","targetHints":{"allow":["GET"]}}],"collection":[{"href":"https:\/\/serveiseducatius.xtec.cat\/mataro\/wp-json\/wp\/v2\/posts"}],"about":[{"href":"https:\/\/serveiseducatius.xtec.cat\/mataro\/wp-json\/wp\/v2\/types\/post"}],"author":[{"embeddable":true,"href":"https:\/\/serveiseducatius.xtec.cat\/mataro\/wp-json\/wp\/v2\/users\/1"}],"replies":[{"embeddable":true,"href":"https:\/\/serveiseducatius.xtec.cat\/mataro\/wp-json\/wp\/v2\/comments?post=10147"}],"version-history":[{"count":3,"href":"https:\/\/serveiseducatius.xtec.cat\/mataro\/wp-json\/wp\/v2\/posts\/10147\/revisions"}],"predecessor-version":[{"id":10156,"href":"https:\/\/serveiseducatius.xtec.cat\/mataro\/wp-json\/wp\/v2\/posts\/10147\/revisions\/10156"}],"wp:featuredmedia":[{"embeddable":true,"href":"https:\/\/serveiseducatius.xtec.cat\/mataro\/wp-json\/wp\/v2\/media\/10149"}],"wp:attachment":[{"href":"https:\/\/serveiseducatius.xtec.cat\/mataro\/wp-json\/wp\/v2\/media?parent=10147"}],"wp:term":[{"taxonomy":"category","embeddable":true,"href":"https:\/\/serveiseducatius.xtec.cat\/mataro\/wp-json\/wp\/v2\/categories?post=10147"},{"taxonomy":"post_tag","embeddable":true,"href":"https:\/\/serveiseducatius.xtec.cat\/mataro\/wp-json\/wp\/v2\/tags?post=10147"}],"curies":[{"name":"wp","href":"https:\/\/api.w.org\/{rel}","templated":true}]}}