{"id":10028,"date":"2023-04-24T08:44:29","date_gmt":"2023-04-24T06:44:29","guid":{"rendered":"https:\/\/serveiseducatius.xtec.cat\/mataro\/?p=10028"},"modified":"2023-04-24T08:44:29","modified_gmt":"2023-04-24T06:44:29","slug":"xerrada-la-coeducacio-a-la-primera-infancia","status":"publish","type":"post","link":"https:\/\/serveiseducatius.xtec.cat\/mataro\/general\/xerrada-la-coeducacio-a-la-primera-infancia\/","title":{"rendered":"Xerrada: la coeducaci\u00f3 a la primera inf\u00e0ncia"},"content":{"rendered":"<p><img loading=\"lazy\" decoding=\"async\" class=\"alignleft\" src=\"https:\/\/www.mataro.cat\/ca\/temes\/genere-i-diversitat-sexual\/agenda\/xerrada-sobre-coeducacio-en-la-primera-infancia\/@@images\/1de9a131-9359-4cff-b76f-5ac272405461.jpeg\" width=\"517\" height=\"517\" \/><\/p>\n<p>Dem\u00e0, dimarts 25 d&#8217;abril, a les 19 h a l&#8217;Espai Matar\u00f3 Connecta:<\/p>\n<p><strong>Xerrada sobre Coeducaci\u00f3 en la primera inf\u00e0ncia.<\/strong><\/p>\n<p>En aquesta xerrada parlarem sobre la<em>\u00a0<strong>coeducaci\u00f3, la perspectiva de g\u00e8nere, les identitats i les diversitats en la petita inf\u00e0ncia.<\/strong><\/em><br \/>\n\ud83d\udcac Ser\u00e0 un espai de reflexi\u00f3 sobre la crian\u00e7a i els estereotips de g\u00e8nere que envolten als nostres infants tot ampliant coneixements per pensar en la nostra tasca educativa com a adults de refer\u00e8ncia dels infants.<\/p>\n<p>\ud83d\udccc La xerrada ser\u00e0 a c\u00e0rrec d\u2019Alba Badia i Abel Huete, experts en diversitat sexual i de g\u00e8nere, de l&#8217;Associaci\u00f3 Genera.<br \/>\n\u21aa\ufe0f Per a fam\u00edlies amb infants de 0 a 6 anys, professionals de l\u2019\u00e0mbit educatiu i ciutadania en general.<\/p>\n<p>\ud83d\udcc5 Dimarts 25 d\u2019abril<br \/>\n\ud83d\udd56 19 h<br \/>\n\ud83d\udccd Espai Matar\u00f3 Connecta (Pla\u00e7a de la Muralla, 21)<br \/>\n\ud83d\udc50\ud83c\udffe L\u2019acte comptar\u00e0 amb el servei d\u2019interpretaci\u00f3 en llengua de signes.<br \/>\n\u2705 Entrada limitada a l\u2019aforament de la sala.<\/p>\n<p>Aquesta activitat s\u2019emmarca dins l\u2019Escola de Feminismes i LGTBI.\u00a0Organitza:\u00a0Centre per a la Igualtat i Recursos per a les Dones, i d\u2019Atenci\u00f3 a la Diversitat Sexual i de G\u00e8nere (CIRD)<\/p>\n","protected":false},"excerpt":{"rendered":"<p>Dem\u00e0, dimarts 25 d&#8217;abril, a les 19 h a l&#8217;Espai Matar\u00f3 Connecta: Xerrada sobre Coeducaci\u00f3 en la primera inf\u00e0ncia. En [&hellip;]<\/p>\n","protected":false},"author":1,"featured_media":10029,"comment_status":"open","ping_status":"closed","sticky":false,"template":"","format":"standard","meta":{"_bbp_topic_count":0,"_bbp_reply_count":0,"_bbp_total_topic_count":0,"_bbp_total_reply_count":0,"_bbp_voice_count":0,"_bbp_anonymous_reply_count":0,"_bbp_topic_count_hidden":0,"_bbp_reply_count_hidden":0,"_bbp_forum_subforum_count":0,"site-sidebar-layout":"default","site-content-layout":"","ast-site-content-layout":"","site-content-style":"default","site-sidebar-style":"default","ast-global-header-display":"","ast-banner-title-visibility":"","ast-main-header-display":"","ast-hfb-above-header-display":"","ast-hfb-below-header-display":"","ast-hfb-mobile-header-display":"","site-post-title":"","ast-breadcrumbs-content":"","ast-featured-img":"","footer-sml-layout":"","theme-transparent-header-meta":"","adv-header-id-meta":"","stick-header-meta":"","header-above-stick-meta":"","header-main-stick-meta":"","header-below-stick-meta":"","astra-migrate-meta-layouts":"default","ast-page-background-enabled":"default","ast-page-background-meta":{"desktop":{"background-color":"var(--ast-global-color-4)","background-image":"","background-repeat":"repeat","background-position":"center center","background-size":"auto","background-attachment":"scroll","background-type":"","background-media":"","overlay-type":"","overlay-color":"","overlay-opacity":"","overlay-gradient":""},"tablet":{"background-color":"","background-image":"","background-repeat":"repeat","background-position":"center center","background-size":"auto","background-attachment":"scroll","background-type":"","background-media":"","overlay-type":"","overlay-color":"","overlay-opacity":"","overlay-gradient":""},"mobile":{"background-color":"","background-image":"","background-repeat":"repeat","background-position":"center center","background-size":"auto","background-attachment":"scroll","background-type":"","background-media":"","overlay-type":"","overlay-color":"","overlay-opacity":"","overlay-gradient":""}},"ast-content-background-meta":{"desktop":{"background-color":"var(--ast-global-color-5)","background-image":"","background-repeat":"repeat","background-position":"center center","background-size":"auto","background-attachment":"scroll","background-type":"","background-media":"","overlay-type":"","overlay-color":"","overlay-opacity":"","overlay-gradient":""},"tablet":{"background-color":"var(--ast-global-color-5)","background-image":"","background-repeat":"repeat","background-position":"center center","background-size":"auto","background-attachment":"scroll","background-type":"","background-media":"","overlay-type":"","overlay-color":"","overlay-opacity":"","overlay-gradient":""},"mobile":{"background-color":"var(--ast-global-color-5)","background-image":"","background-repeat":"repeat","background-position":"center center","background-size":"auto","background-attachment":"scroll","background-type":"","background-media":"","overlay-type":"","overlay-color":"","overlay-opacity":"","overlay-gradient":""}},"footnotes":""},"categories":[373,299,1,296,374,29],"tags":[],"class_list":["post-10028","post","type-post","status-publish","format-standard","has-post-thumbnail","hentry","category-coeducacio","category-formacio","category-general","category-se-mataro","category-perspectiva-de-genere-i-educacio-afectiva-sexual","category-portada"],"post_mailing_queue_ids":[],"_links":{"self":[{"href":"https:\/\/serveiseducatius.xtec.cat\/mataro\/wp-json\/wp\/v2\/posts\/10028","targetHints":{"allow":["GET"]}}],"collection":[{"href":"https:\/\/serveiseducatius.xtec.cat\/mataro\/wp-json\/wp\/v2\/posts"}],"about":[{"href":"https:\/\/serveiseducatius.xtec.cat\/mataro\/wp-json\/wp\/v2\/types\/post"}],"author":[{"embeddable":true,"href":"https:\/\/serveiseducatius.xtec.cat\/mataro\/wp-json\/wp\/v2\/users\/1"}],"replies":[{"embeddable":true,"href":"https:\/\/serveiseducatius.xtec.cat\/mataro\/wp-json\/wp\/v2\/comments?post=10028"}],"version-history":[{"count":2,"href":"https:\/\/serveiseducatius.xtec.cat\/mataro\/wp-json\/wp\/v2\/posts\/10028\/revisions"}],"predecessor-version":[{"id":10032,"href":"https:\/\/serveiseducatius.xtec.cat\/mataro\/wp-json\/wp\/v2\/posts\/10028\/revisions\/10032"}],"wp:featuredmedia":[{"embeddable":true,"href":"https:\/\/serveiseducatius.xtec.cat\/mataro\/wp-json\/wp\/v2\/media\/10029"}],"wp:attachment":[{"href":"https:\/\/serveiseducatius.xtec.cat\/mataro\/wp-json\/wp\/v2\/media?parent=10028"}],"wp:term":[{"taxonomy":"category","embeddable":true,"href":"https:\/\/serveiseducatius.xtec.cat\/mataro\/wp-json\/wp\/v2\/categories?post=10028"},{"taxonomy":"post_tag","embeddable":true,"href":"https:\/\/serveiseducatius.xtec.cat\/mataro\/wp-json\/wp\/v2\/tags?post=10028"}],"curies":[{"name":"wp","href":"https:\/\/api.w.org\/{rel}","templated":true}]}}