{"id":9806,"date":"2026-01-21T11:20:54","date_gmt":"2026-01-21T10:20:54","guid":{"rendered":"https:\/\/serveiseducatius.xtec.cat\/lleida\/?p=9806"},"modified":"2026-01-20T11:21:42","modified_gmt":"2026-01-20T10:21:42","slug":"cicles-de-cinema-en-vosc-versio-original-subtitulada-en-catala-presencial-o-en-linia-formulari-fins-27-febrer","status":"publish","type":"post","link":"https:\/\/serveiseducatius.xtec.cat\/lleida\/general\/cicles-de-cinema-en-vosc-versio-original-subtitulada-en-catala-presencial-o-en-linia-formulari-fins-27-febrer\/","title":{"rendered":"Cicles de cinema en VOSC (versi\u00f3 original subtitulada en catal\u00e0) &#8211; Presencial o en l\u00ednia  &#8211;  formulari fins 27 febrer"},"content":{"rendered":"<div class=\"gmail_default\">\n<p dir=\"ltr\">El Departament d\u2019Educaci\u00f3 i Formaci\u00f3 Professional, en col\u00b7laboraci\u00f3 amb\u00a0<a href=\"https:\/\/acciocinema.cat\/\" target=\"_blank\" rel=\"noopener\" data-saferedirecturl=\"https:\/\/www.google.com\/url?q=https:\/\/acciocinema.cat\/&amp;source=gmail&amp;ust=1768986529328000&amp;usg=AOvVaw1MWAv67LLn3EfSijnsTKgn\">Acci\u00f3&gt;Cinema<\/a>, organitza els cicles de cinema en VOSC (versi\u00f3 original subtitulada en catal\u00e0). Es tracta de sessions de cinema independent gratu\u00eftes per a alumnat de\u00a0<b>4t d\u2019ESO i Batxillerat<\/b>\u00a0que poden ser presencials o telem\u00e0tiques.<\/p>\n<\/div>\n<div>\n<div class=\"gmail_default\">\n<div>\n<p>En les sessions presencials es projecten dues pel\u00b7l\u00edcules de tem\u00e0tica actual seleccionades per Acci\u00f3&gt;Cinema i un documental de tem\u00e0tica bio\u00e8tica que ha estat seleccionat per la\u00a0<a href=\"https:\/\/www.fundaciogrifols.org\/ca\/home\" target=\"_blank\" rel=\"noopener\" data-saferedirecturl=\"https:\/\/www.google.com\/url?q=https:\/\/www.fundaciogrifols.org\/ca\/home&amp;source=gmail&amp;ust=1768986529328000&amp;usg=AOvVaw3UGq4lQk1uoNtZbvCr7rCS\">Fundaci\u00f3 V\u00edctor Gr\u00edfols i Lucas<\/a>.<\/p>\n<p>Totes les sessions presencials comptaran d\u2019una presentaci\u00f3 pr\u00e8via i\u00a0un debat posterior amb els participants per tractar temes sorgits a partir del contingut dels metratges.<\/p>\n<p>Els principals objectius de l\u2019activitat s\u00f3n els seg\u00fcents:<\/p>\n<ul>\n<li>Apropar el m\u00f3n del cinema i concretament dels documentals a l\u2019alumnat.<\/li>\n<li>Discutir i opinar sobre temes socials, mediambientals, cient\u00edfics o human\u00edstics.<\/li>\n<li>Treballar el pensament cr\u00edtic per un m\u00f3n m\u00e9s just<\/li>\n<li>Practicar les lleng\u00fces estrangeres en un entorn diferent del de l\u2019aula.<\/li>\n<\/ul>\n<\/div>\n<div>\n<h5><b><span style=\"font-size: small;\">Descripci\u00f3 de l\u2019activitat<\/span><\/b><\/h5>\n<\/div>\n<p dir=\"ltr\">Els centres educatius que hi participin triaran una pel\u00b7l\u00edcula d&#8217;entre les\u00a0recomanades.<\/p>\n<p dir=\"ltr\">Un especialista introduir\u00e0 cada sessi\u00f3 i es far\u00e0 un debat posterior\u00a0(exclusivament per a les sessions presencials).<\/p>\n<p dir=\"ltr\">Es proporcionar\u00e0 material addicional per continuar treballant a l\u2019aula.<\/p>\n<p><span style=\"font-family: arial, sans-serif;\"><br \/>\n<\/span><\/p>\n<p dir=\"ltr\">En els enlla\u00e7os trobareu informaci\u00f3 de les pel\u00b7l\u00edcules que es projectaran, la tem\u00e0tica que tracten i la llengua que utilitzen (subtitulades al catal\u00e0).<\/p>\n<p><span style=\"font-family: arial, sans-serif;\"><br \/>\n<\/span><\/p>\n<h3><b><span style=\"font-size: small;\">Americana Film Festival (<a href=\"https:\/\/drive.google.com\/file\/d\/1MVAGYcRegI0c-oRrUHlhB1M2VQAXl7zR\/view?usp=sharing\" target=\"_blank\" rel=\"noopener\" data-saferedirecturl=\"https:\/\/www.google.com\/url?q=https:\/\/drive.google.com\/file\/d\/1MVAGYcRegI0c-oRrUHlhB1M2VQAXl7zR\/view?usp%3Dsharing&amp;source=gmail&amp;ust=1768986529328000&amp;usg=AOvVaw1gBMF-znvTaRYsoH2a2cud\">enlla\u00e7<\/a>)<\/span><\/b><\/h3>\n<p>Es pot participar de l\u2019Americana Film Festival de dues maneres: presencial o telem\u00e0tica:<\/p>\n<h5><b><span style=\"font-size: small;\">1- Sessions presencials:\u00a0<\/span><\/b><\/h5>\n<p><a href=\"https:\/\/maps.app.goo.gl\/CH9s874WiLznuNeC6\" target=\"_blank\" rel=\"noopener\" data-saferedirecturl=\"https:\/\/www.google.com\/url?q=https:\/\/maps.app.goo.gl\/CH9s874WiLznuNeC6&amp;source=gmail&amp;ust=1768986529328000&amp;usg=AOvVaw0g-YmbeBVL9kZ1hZMHdu1a\">Cinemes Girona de Barcelona<\/a><\/p>\n<p>Dates: de dimarts a divendres: 3, 4, 5,\u00a010, 11, 12 de mar\u00e7 (de dimarts a dijous).<\/p>\n<p>Horari: 10:30 h.<\/p>\n<p>Projeccions:<\/p>\n<ul>\n<li><i>Les rayons gamma<\/i>: 3 i 4 de mar\u00e7, idioma original: franc\u00e8s. Subtitulada en catal\u00e0.<\/li>\n<li><i>Jane<\/i><b>:\u00a0<\/b>5 i 10 de mar\u00e7, idioma original: angl\u00e8s. Subtitulada en catal\u00e0.<\/li>\n<li><i>Midnight family<\/i>:\u00a011 i 12 de mar\u00e7, idioma original: castell\u00e0.<\/li>\n<\/ul>\n<p>Dirigides als centres de Barcelona i la seva rodalia o als centres educatius disposats a venir presencialment per gaudir de l\u2019activitat.<\/p>\n<p><a href=\"https:\/\/maps.app.goo.gl\/ejfGtoPNLM63LBY68\" target=\"_blank\" rel=\"noopener\" data-saferedirecturl=\"https:\/\/www.google.com\/url?q=https:\/\/maps.app.goo.gl\/ejfGtoPNLM63LBY68&amp;source=gmail&amp;ust=1768986529328000&amp;usg=AOvVaw0vIGRsRpASRpDXPbjXiK16\">ETC Teatre<\/a>\u00a0de Vic<\/p>\n<p>Data:\u00a019 de mar\u00e7<\/p>\n<p>Horari: 10h.<\/p>\n<p>Projeccions:<\/p>\n<ul>\n<li><i>Midnight family<\/i>:\u00a0pendent, idioma original: castell\u00e0.<\/li>\n<\/ul>\n<p>Inscripcions en aquest\u00a0<a href=\"https:\/\/docs.google.com\/forms\/d\/e\/1FAIpQLSerjH89FApsqooNtkVlO_7VnZEyV1HLuIH2AzfIMxwG3kETqA\/viewform?usp=publish-editor\" target=\"_blank\" rel=\"noopener\" data-saferedirecturl=\"https:\/\/www.google.com\/url?q=https:\/\/docs.google.com\/forms\/d\/e\/1FAIpQLSerjH89FApsqooNtkVlO_7VnZEyV1HLuIH2AzfIMxwG3kETqA\/viewform?usp%3Dpublish-editor&amp;source=gmail&amp;ust=1768986529328000&amp;usg=AOvVaw0WwPmkF0KVBoctGvT1EdWO\">formulari<\/a>\u00a0fins al 27 de febrer.<br \/>\nTindran prefer\u00e8ncia els centres p\u00fablics, seguint l\u2019ordre de sol\u00b7licitud i fins a esgotar les places disponibles.<\/p>\n<h5><b><span style=\"font-size: small;\">2- Sessions en l\u00ednia:\u00a0<\/span><\/b><\/h5>\n<p>Dirigida als centres que no poden accedir amb facilitat al cinema on es fan les sessions presencials.<\/p>\n<p>En aquest cas es d\u00f3na la possibilitat de triar una de pel\u00b7l\u00edcules proposades. La pel\u00b7l\u00edcula triada es podr\u00e0 visualitzar a l\u2019institut entre l\u20191 i el 31 de mar\u00e7.<\/p>\n<p>Inscripci\u00f3 en aquest\u00a0<a href=\"https:\/\/docs.google.com\/forms\/d\/e\/1FAIpQLSdLHxqaoXIPUlaJGlGFvEqCY9mhikCN_xAiY9jKDa-sOL1yEw\/viewform?usp=publish-editor\" target=\"_blank\" rel=\"noopener\" data-saferedirecturl=\"https:\/\/www.google.com\/url?q=https:\/\/docs.google.com\/forms\/d\/e\/1FAIpQLSdLHxqaoXIPUlaJGlGFvEqCY9mhikCN_xAiY9jKDa-sOL1yEw\/viewform?usp%3Dpublish-editor&amp;source=gmail&amp;ust=1768986529328000&amp;usg=AOvVaw3OStpcHSQUR2Nx-36W-sQq\">formulari<\/a>\u00a0fins al 27 de febrer.<\/p>\n<h3><span style=\"font-size: small;\"><b>D\u2019A Festival de Cinema\u00a0<\/b>(<a href=\"https:\/\/drive.google.com\/file\/d\/1OveJ2aOWVPQt9Us0UDDRmThWXRVVOSkf\/view?usp=sharing\" target=\"_blank\" rel=\"noopener\" data-saferedirecturl=\"https:\/\/www.google.com\/url?q=https:\/\/drive.google.com\/file\/d\/1OveJ2aOWVPQt9Us0UDDRmThWXRVVOSkf\/view?usp%3Dsharing&amp;source=gmail&amp;ust=1768986529328000&amp;usg=AOvVaw232c84kCtudqxW83lIoehN\"><strong>enlla\u00e7<\/strong><\/a>)<\/span><\/h3>\n<p>Aquestes sessions seran exclusivament presencials.<\/p>\n<h5><b><span style=\"font-size: small;\">Sessions presencials:\u00a0<\/span><\/b><\/h5>\n<p><a href=\"https:\/\/maps.app.goo.gl\/WjfqvtAHtAb9jw329\" target=\"_blank\" rel=\"noopener\" data-saferedirecturl=\"https:\/\/www.google.com\/url?q=https:\/\/maps.app.goo.gl\/WjfqvtAHtAb9jw329&amp;source=gmail&amp;ust=1768986529328000&amp;usg=AOvVaw3IRo72uiYi4csJzJo8QlSa\">Teatre CCCB, Barcelona<\/a><\/p>\n<p>Dates:\u00a023, 24, 25, 26 i 27 de mar\u00e7<\/p>\n<p>Horari: 10:30 h<\/p>\n<p>Projeccions:<\/p>\n<ul>\n<li><i>Holy cow<\/i>: 23 de mar\u00e7, idioma original: franc\u00e8s. Subtitulada en catal\u00e0.<\/li>\n<li><i>Bird<\/i><b>:\u00a0<\/b>24 i\u00a025 de mar\u00e7, idioma original: angl\u00e8s i \u00e0rab. Subtitulada en catal\u00e0.<\/li>\n<li><i>Riddle of fire<\/i>: 26 i 27 de mar\u00e7, idioma original: angl\u00e8s. Subtitulada en catal\u00e0.<\/li>\n<\/ul>\n<p><strong>Inscripci\u00f3 en aquest\u00a0<a href=\"https:\/\/docs.google.com\/forms\/d\/e\/1FAIpQLSerjH89FApsqooNtkVlO_7VnZEyV1HLuIH2AzfIMxwG3kETqA\/viewform?usp=publish-editor\" target=\"_blank\" rel=\"noopener\" data-saferedirecturl=\"https:\/\/www.google.com\/url?q=https:\/\/docs.google.com\/forms\/d\/e\/1FAIpQLSerjH89FApsqooNtkVlO_7VnZEyV1HLuIH2AzfIMxwG3kETqA\/viewform?usp%3Dpublish-editor&amp;source=gmail&amp;ust=1768986529328000&amp;usg=AOvVaw0WwPmkF0KVBoctGvT1EdWO\">formulari<\/a>\u00a0fins al 27 de febrer.<\/strong><\/p>\n<h5><b><span style=\"font-size: small;\">Adjudicaci\u00f3<\/span><\/b><\/h5>\n<p>Els centres inscrits rebran confirmaci\u00f3 per part de l\u2019organitzaci\u00f3 un cop l\u2019activitat els hagi estat assignada.<br \/>\nSi no reben cap confirmaci\u00f3, significa que l\u2019activitat no ha estat adjudicada.<\/p>\n<p>En cas que, despr\u00e9s de rebre la confirmaci\u00f3, el centre no pugui assistir-hi, cal avisar amb un m\u00ednim de tres setmanes d\u2019antelaci\u00f3 per tal d\u2019alliberar les places i permetre que altres centres en puguin gaudir.<\/p>\n<p><span style=\"font-family: arial, sans-serif;\"><br \/>\n<\/span>&nbsp;<\/p>\n<\/div>\n<\/div>\n","protected":false},"excerpt":{"rendered":"<p>El Departament d\u2019Educaci\u00f3 i Formaci\u00f3 Professional, en col\u00b7laboraci\u00f3 amb\u00a0<a href=\"https:\/\/acciocinema.cat\/\" target=\"_blank\" rel=\"noopener\" data-saferedirecturl=\"https:\/\/www.google.com\/url?q=https:\/\/acciocinema.cat\/&amp;source=gmail&amp;ust=1768986529328000&amp;usg=AOvVaw1MWAv67LLn3EfSijnsTKgn\">Acci\u00f3&gt;Cinema<\/a>, organitza els cicles de cinema en VOSC (versi\u00f3 original subtitulada en catal\u00e0). Es tracta de sessions de cinema independent gratu\u00eftes per a alumnat de\u00a04t d\u2019ESO i Batxillerat\u00a0que poden ser presencials o telem\u00e0tiques.<\/p>\n<p>En&hellip;  <a href=\"https:\/\/serveiseducatius.xtec.cat\/lleida\/general\/cicles-de-cinema-en-vosc-versio-original-subtitulada-en-catala-presencial-o-en-linia-formulari-fins-27-febrer\/\" title=\"Read Cicles de cinema en VOSC (versi\u00f3 original subtitulada en catal\u00e0) &#8211; Presencial o en l\u00ednia  &#8211;  formulari fins 27 febrer\">Llegeix m\u00e9s\u00bb<\/a><\/p>\n","protected":false},"author":6,"featured_media":0,"comment_status":"closed","ping_status":"closed","sticky":false,"template":"","format":"standard","meta":{"_bbp_topic_count":0,"_bbp_reply_count":0,"_bbp_total_topic_count":0,"_bbp_total_reply_count":0,"_bbp_voice_count":0,"_bbp_anonymous_reply_count":0,"_bbp_topic_count_hidden":0,"_bbp_reply_count_hidden":0,"_bbp_forum_subforum_count":0,"footnotes":""},"categories":[365,1,290,29,76],"tags":[465,294],"class_list":["post-9806","post","type-post","status-publish","format-standard","hentry","category-esdeveniments","category-general","category-llengues-estrangeres","category-portada","category-recursos","tag-cicles-de-cinema-en-vosc-versio-original-subtitulada-en-catala","tag-llengues-estrangeres"],"post_mailing_queue_ids":[],"_links":{"self":[{"href":"https:\/\/serveiseducatius.xtec.cat\/lleida\/wp-json\/wp\/v2\/posts\/9806","targetHints":{"allow":["GET"]}}],"collection":[{"href":"https:\/\/serveiseducatius.xtec.cat\/lleida\/wp-json\/wp\/v2\/posts"}],"about":[{"href":"https:\/\/serveiseducatius.xtec.cat\/lleida\/wp-json\/wp\/v2\/types\/post"}],"author":[{"embeddable":true,"href":"https:\/\/serveiseducatius.xtec.cat\/lleida\/wp-json\/wp\/v2\/users\/6"}],"replies":[{"embeddable":true,"href":"https:\/\/serveiseducatius.xtec.cat\/lleida\/wp-json\/wp\/v2\/comments?post=9806"}],"version-history":[{"count":1,"href":"https:\/\/serveiseducatius.xtec.cat\/lleida\/wp-json\/wp\/v2\/posts\/9806\/revisions"}],"predecessor-version":[{"id":9807,"href":"https:\/\/serveiseducatius.xtec.cat\/lleida\/wp-json\/wp\/v2\/posts\/9806\/revisions\/9807"}],"wp:attachment":[{"href":"https:\/\/serveiseducatius.xtec.cat\/lleida\/wp-json\/wp\/v2\/media?parent=9806"}],"wp:term":[{"taxonomy":"category","embeddable":true,"href":"https:\/\/serveiseducatius.xtec.cat\/lleida\/wp-json\/wp\/v2\/categories?post=9806"},{"taxonomy":"post_tag","embeddable":true,"href":"https:\/\/serveiseducatius.xtec.cat\/lleida\/wp-json\/wp\/v2\/tags?post=9806"}],"curies":[{"name":"wp","href":"https:\/\/api.w.org\/{rel}","templated":true}]}}