{"id":9676,"date":"2025-10-01T10:22:50","date_gmt":"2025-10-01T08:22:50","guid":{"rendered":"https:\/\/serveiseducatius.xtec.cat\/lleida\/?p=9676"},"modified":"2025-10-01T11:32:00","modified_gmt":"2025-10-01T09:32:00","slug":"obertes-les-inscripcions-per-a-la-jornada-darts-esceniques-i-musicals-de-lacultivadora-a-lleida","status":"publish","type":"post","link":"https:\/\/serveiseducatius.xtec.cat\/lleida\/general\/obertes-les-inscripcions-per-a-la-jornada-darts-esceniques-i-musicals-de-lacultivadora-a-lleida\/","title":{"rendered":"Obertes les inscripcions per a la Jornada d\u2019Arts Esc\u00e8niques i Musicals de laCultivadora a Lleida"},"content":{"rendered":"<h5 data-start=\"340\" data-end=\"420\"><img loading=\"lazy\" decoding=\"async\" class=\"aligncenter size-large wp-image-9680\" src=\"https:\/\/serveiseducatius.xtec.cat\/lleida\/wp-content\/uploads\/usu2525\/2025\/10\/JORNADA-1-1024x573.png\" alt=\"\" width=\"1024\" height=\"573\" srcset=\"https:\/\/serveiseducatius.xtec.cat\/lleida\/wp-content\/uploads\/usu2525\/2025\/10\/JORNADA-1-1024x573.png 1024w, https:\/\/serveiseducatius.xtec.cat\/lleida\/wp-content\/uploads\/usu2525\/2025\/10\/JORNADA-1-300x168.png 300w, https:\/\/serveiseducatius.xtec.cat\/lleida\/wp-content\/uploads\/usu2525\/2025\/10\/JORNADA-1-768x430.png 768w, https:\/\/serveiseducatius.xtec.cat\/lleida\/wp-content\/uploads\/usu2525\/2025\/10\/JORNADA-1-1536x860.png 1536w, https:\/\/serveiseducatius.xtec.cat\/lleida\/wp-content\/uploads\/usu2525\/2025\/10\/JORNADA-1.png 1600w\" sizes=\"auto, (max-width: 1024px) 100vw, 1024px\" \/><\/h5>\n<p>&nbsp;<\/p>\n<p data-start=\"330\" data-end=\"596\">El <strong data-start=\"333\" data-end=\"365\">dissabte 10 de gener de 2026<\/strong>, de <strong data-start=\"370\" data-end=\"390\">9.00 h a 14.00 h<\/strong>, se celebrar\u00e0 a l\u2019<strong data-start=\"409\" data-end=\"436\">Auditori Enric Granados<\/strong> una jornada de formaci\u00f3 adre\u00e7ada a docents de totes les etapes educatives interessats en aprofundir en el paper de les arts en viu dins la pr\u00e0ctica pedag\u00f2gica.<\/p>\n<p data-start=\"598\" data-end=\"712\">La proposta est\u00e0 impulsada per <strong data-start=\"629\" data-end=\"646\">laCultivadora<\/strong>, programa d&#8217;arts i educaci\u00f3 que engloba amb la participaci\u00f3 de sis institucions culturals de refer\u00e8ncia:<\/p>\n<p data-start=\"842\" data-end=\"1018\">\ud83c\udfbc <strong data-start=\"845\" data-end=\"859\">L\u2019Auditori<\/strong><br data-start=\"859\" data-end=\"862\" \/>\ud83c\udfad <strong data-start=\"865\" data-end=\"890\">Gran Teatre del Liceu<\/strong><br data-start=\"890\" data-end=\"893\" \/>\ud83d\udc83 <strong data-start=\"896\" data-end=\"919\">Mercat de les Flors<\/strong><br data-start=\"919\" data-end=\"922\" \/>\ud83c\udfb6 <strong data-start=\"925\" data-end=\"956\">Palau de la M\u00fasica Catalana<\/strong><br data-start=\"956\" data-end=\"959\" \/>\ud83c\udfac <strong data-start=\"962\" data-end=\"979\">Teatre Lliure<\/strong><br data-start=\"979\" data-end=\"982\" \/>\ud83c\udfdb\ufe0f <strong data-start=\"986\" data-end=\"1018\">Teatre Nacional de Catalunya<\/strong><\/p>\n<p data-start=\"1020\" data-end=\"1191\">\ud83d\udc49 <strong data-start=\"1023\" data-end=\"1035\">Objectiu<\/strong>: fer viure al professorat l\u2019impacte de les arts en primera persona i oferir recursos reals per portar-les a l\u2019aula amb confian\u00e7a, emoci\u00f3 i transversalitat.<\/p>\n<h5 data-start=\"1198\" data-end=\"1229\">\ud83e\udde9 Estructura de la jornada<\/h5>\n<div class=\"_tableContainer_1rjym_1\">\n<div class=\"group _tableWrapper_1rjym_13 flex w-fit flex-col-reverse\" tabindex=\"-1\">\n<table class=\"w-fit min-w-(--thread-content-width)\" data-start=\"1231\" data-end=\"1623\">\n<thead data-start=\"1231\" data-end=\"1262\">\n<tr data-start=\"1231\" data-end=\"1262\">\n<th data-start=\"1231\" data-end=\"1238\" data-col-size=\"sm\">Bloc<\/th>\n<th data-start=\"1238\" data-end=\"1250\" data-col-size=\"md\">Contingut<\/th>\n<th data-start=\"1250\" data-end=\"1262\" data-col-size=\"md\">Din\u00e0mica<\/th>\n<\/tr>\n<\/thead>\n<tbody data-start=\"1295\" data-end=\"1623\">\n<tr data-start=\"1295\" data-end=\"1389\">\n<td data-start=\"1295\" data-end=\"1317\" data-col-size=\"sm\"><strong data-start=\"1297\" data-end=\"1316\">1. EXPERIENCIAL<\/strong><\/td>\n<td data-start=\"1317\" data-end=\"1353\" data-col-size=\"md\">Cos, esc\u00e8nic i llenguatge musical<\/td>\n<td data-start=\"1353\" data-end=\"1389\" data-col-size=\"md\">3 tallers vivencials consecutius<\/td>\n<\/tr>\n<tr data-start=\"1390\" data-end=\"1527\">\n<td data-start=\"1390\" data-end=\"1409\" data-col-size=\"sm\"><strong data-start=\"1392\" data-end=\"1408\">2. PROJECTES<\/strong><\/td>\n<td data-start=\"1409\" data-end=\"1479\" data-col-size=\"md\">Presentaci\u00f3 de laCultivadora i programes educatius dels equipaments<\/td>\n<td data-start=\"1479\" data-end=\"1527\" data-col-size=\"md\">Inspiraci\u00f3 i connexi\u00f3 amb grans institucions<\/td>\n<\/tr>\n<tr data-start=\"1528\" data-end=\"1623\">\n<td data-start=\"1528\" data-end=\"1543\" data-col-size=\"sm\"><strong data-start=\"1530\" data-end=\"1542\">3. \u00c0GORA<\/strong><\/td>\n<td data-start=\"1543\" data-end=\"1573\" data-col-size=\"md\">Col\u00b7lectiu docent en di\u00e0leg<\/td>\n<td data-start=\"1573\" data-end=\"1623\" data-col-size=\"md\">Construcci\u00f3 compartida de necessitats i reptes<\/td>\n<\/tr>\n<\/tbody>\n<\/table>\n<h5 data-start=\"1630\" data-end=\"1671\">\u2705 <em data-start=\"1636\" data-end=\"1671\">Reserva la teva pla\u00e7a ara mateix!<\/em><\/h5>\n<p data-start=\"1673\" data-end=\"1759\">\ud83d\udccc <strong data-start=\"1676\" data-end=\"1723\">Inscripci\u00f3 gratu\u00efta amb el codi: 6005500506<\/strong><br data-start=\"1723\" data-end=\"1726\" \/>\ud83d\udd17 <em data-start=\"1729\" data-end=\"1759\">[<a href=\"https:\/\/aplicacions.gestioeducativa.gencat.cat\/ords\/pls\/soloas\/pk_for_mod_ins.p_for_detall_activitat?p_header=Llista%20d%27activitats^pk_for_mod_ins.p_for_cons_activitats?p_any=2025-2026%26p_totes=N%26p_desc=la%20cultivadora%26p_inici=1%26p_excloure_crp_rec=T&amp;p_codi=6005500506&amp;p_curs=2025-2026&amp;p_es_inscr=S\">ENLLA\u00c7 GTAF<\/a>]<\/em><\/p>\n<\/div>\n<p data-start=\"1766\" data-end=\"1908\">Si ets docent i saps que les arts no s\u00f3n nom\u00e9s \u201cextres\u201d, sin\u00f3 <strong data-start=\"1828\" data-end=\"1878\">motor d\u2019aprenentatge, sensibilitat i comunitat<\/strong>, aquesta jornada \u00e9s per a tu.<\/p>\n<p data-start=\"1910\" data-end=\"1974\"><strong data-start=\"1910\" data-end=\"1974\">\ud83c\udf9f\ufe0f PLACES LIMITADES<\/strong><\/p>\n<\/div>\n","protected":false},"excerpt":{"rendered":"<p>&nbsp;<br \/>\nEl dissabte 10 de gener de 2026, de 9.00 h a 14.00 h, se celebrar\u00e0 a l\u2019Auditori Enric Granados una jornada de formaci\u00f3 adre\u00e7ada a docents de totes les etapes educatives interessats en aprofundir en el paper de les arts en viu dins la pr\u00e0ctica&hellip;  <a href=\"https:\/\/serveiseducatius.xtec.cat\/lleida\/general\/obertes-les-inscripcions-per-a-la-jornada-darts-esceniques-i-musicals-de-lacultivadora-a-lleida\/\" title=\"Read Obertes les inscripcions per a la Jornada d\u2019Arts Esc\u00e8niques i Musicals de laCultivadora a Lleida\">Llegeix m\u00e9s\u00bb<\/a><\/p>\n","protected":false},"author":29,"featured_media":9677,"comment_status":"open","ping_status":"open","sticky":false,"template":"","format":"standard","meta":{"_bbp_topic_count":0,"_bbp_reply_count":0,"_bbp_total_topic_count":0,"_bbp_total_reply_count":0,"_bbp_voice_count":0,"_bbp_anonymous_reply_count":0,"_bbp_topic_count_hidden":0,"_bbp_reply_count_hidden":0,"_bbp_forum_subforum_count":0,"footnotes":""},"categories":[455,1],"tags":[],"class_list":["post-9676","post","type-post","status-publish","format-standard","has-post-thumbnail","hentry","category-cultura","category-general"],"post_mailing_queue_ids":[],"_links":{"self":[{"href":"https:\/\/serveiseducatius.xtec.cat\/lleida\/wp-json\/wp\/v2\/posts\/9676","targetHints":{"allow":["GET"]}}],"collection":[{"href":"https:\/\/serveiseducatius.xtec.cat\/lleida\/wp-json\/wp\/v2\/posts"}],"about":[{"href":"https:\/\/serveiseducatius.xtec.cat\/lleida\/wp-json\/wp\/v2\/types\/post"}],"author":[{"embeddable":true,"href":"https:\/\/serveiseducatius.xtec.cat\/lleida\/wp-json\/wp\/v2\/users\/29"}],"replies":[{"embeddable":true,"href":"https:\/\/serveiseducatius.xtec.cat\/lleida\/wp-json\/wp\/v2\/comments?post=9676"}],"version-history":[{"count":6,"href":"https:\/\/serveiseducatius.xtec.cat\/lleida\/wp-json\/wp\/v2\/posts\/9676\/revisions"}],"predecessor-version":[{"id":9684,"href":"https:\/\/serveiseducatius.xtec.cat\/lleida\/wp-json\/wp\/v2\/posts\/9676\/revisions\/9684"}],"wp:featuredmedia":[{"embeddable":true,"href":"https:\/\/serveiseducatius.xtec.cat\/lleida\/wp-json\/wp\/v2\/media\/9677"}],"wp:attachment":[{"href":"https:\/\/serveiseducatius.xtec.cat\/lleida\/wp-json\/wp\/v2\/media?parent=9676"}],"wp:term":[{"taxonomy":"category","embeddable":true,"href":"https:\/\/serveiseducatius.xtec.cat\/lleida\/wp-json\/wp\/v2\/categories?post=9676"},{"taxonomy":"post_tag","embeddable":true,"href":"https:\/\/serveiseducatius.xtec.cat\/lleida\/wp-json\/wp\/v2\/tags?post=9676"}],"curies":[{"name":"wp","href":"https:\/\/api.w.org\/{rel}","templated":true}]}}