{"id":9606,"date":"2025-09-04T12:23:27","date_gmt":"2025-09-04T10:23:27","guid":{"rendered":"https:\/\/serveiseducatius.xtec.cat\/lleida\/?p=9606"},"modified":"2025-09-04T12:24:58","modified_gmt":"2025-09-04T10:24:58","slug":"segona-fase-convocatoria-els-ulls-de-la-historia-lexperiencia-didactica","status":"publish","type":"post","link":"https:\/\/serveiseducatius.xtec.cat\/lleida\/general\/segona-fase-convocatoria-els-ulls-de-la-historia-lexperiencia-didactica\/","title":{"rendered":"Segona fase Convocat\u00f2ria Els ulls de la hist\u00f2ria. L\u2019experi\u00e8ncia did\u00e0ctica"},"content":{"rendered":"<p><a href=\"https:\/\/serveiseducatius.xtec.cat\/lleida\/wp-content\/uploads\/usu2525\/2025\/09\/Banner-2.png\"><img loading=\"lazy\" decoding=\"async\" class=\"aligncenter size-full wp-image-9607\" src=\"https:\/\/serveiseducatius.xtec.cat\/lleida\/wp-content\/uploads\/usu2525\/2025\/09\/Banner-2.png\" alt=\"\" width=\"2000\" height=\"600\" srcset=\"https:\/\/serveiseducatius.xtec.cat\/lleida\/wp-content\/uploads\/usu2525\/2025\/09\/Banner-2.png 2000w, https:\/\/serveiseducatius.xtec.cat\/lleida\/wp-content\/uploads\/usu2525\/2025\/09\/Banner-2-300x90.png 300w, https:\/\/serveiseducatius.xtec.cat\/lleida\/wp-content\/uploads\/usu2525\/2025\/09\/Banner-2-1024x307.png 1024w, https:\/\/serveiseducatius.xtec.cat\/lleida\/wp-content\/uploads\/usu2525\/2025\/09\/Banner-2-768x230.png 768w, https:\/\/serveiseducatius.xtec.cat\/lleida\/wp-content\/uploads\/usu2525\/2025\/09\/Banner-2-1536x461.png 1536w\" sizes=\"auto, (max-width: 2000px) 100vw, 2000px\" \/><\/a><\/p>\n<p>Despr\u00e9s de l\u2019\u00e8xit en la convocat\u00f2ria d\u2019<em><strong>Els ulls de la hist\u00f2ria<\/strong><\/em>.<strong> L\u2019experi\u00e8ncia did\u00e0ctica<\/strong>, us comuniquem que <strong>s\u2019han ampliat el nombre de noves places<\/strong> per poder disposar d\u2019aquest recurs educatiu gratu\u00eft.<\/p>\n<p>El termini d\u2019aquesta nova convocat\u00f2ria d\u2019ampliaci\u00f3 de places finalitzar\u00e0 el pr\u00f2xim dia <strong>30 de setembre<\/strong>.<\/p>\n<p style=\"text-align: left\"><a href=\"https:\/\/patrimoni.gencat.cat\/ca\/lexperiencia-didactica\"><strong>Els ulls de la hist\u00f2ria. L\u2019experi\u00e8ncia did\u00e0ctica<\/strong><\/a> \u00e9s una <strong>proposta educativa gratu\u00efta<\/strong>, impulsada per l\u2019<a href=\"https:\/\/cultura.gencat.cat\/ca\/departament\/estructura_i_adreces\/organismes\/dgpc\/accio\/agencia_patrimoni\/index.html\">Ag\u00e8ncia Catalana del Patrimoni Cultural<\/a> del Departament de Cultura, que us portar\u00e0 a descobrir monuments emblem\u00e0tics del pa\u00eds a trav\u00e9s d\u2019una immersi\u00f3 amb realitat virtual, combinada amb treball a l\u2019aula.<\/p>\n<p style=\"text-align: center\"><iframe loading=\"lazy\" src=\"\/\/www.youtube.com\/embed\/rAqfB8ijrFo\" width=\"560\" height=\"314\"><\/iframe><\/p>\n<p>Per participar-hi, nom\u00e9s heu d\u2019<strong>omplir el formulari de sol\u00b7licitud<\/strong> disponible en aquest <a href=\"https:\/\/patrimoni.gencat.cat\/ca\/ullsdelahistoria\/sollicita-lexperiencia\">ENLLA\u00c7<\/a> indicant les situacions d\u2019aprenentatge escollides i com les integrareu al curr\u00edculum. Un cop rebuda la vostra inscripci\u00f3, l\u2019equip del projecte es posar\u00e0 en contacte amb vosaltres per organitzar la instal\u00b7laci\u00f3 de la Sala de realitat virtual al vostre centre.<\/p>\n<p>Tota la informaci\u00f3 i materials els trobareu al <a href=\"https:\/\/patrimoni.gencat.cat\/ca\">web del projecte<\/a>.<\/p>\n<p>Per a qualsevol consulta, podeu escriure a <strong>ullsdelahistoria.cultura@gencat.cat<\/strong><\/p>\n<p>Esperem comptar amb la vostra participaci\u00f3!<\/p>\n","protected":false},"excerpt":{"rendered":"<p><a href=\"https:\/\/serveiseducatius.xtec.cat\/lleida\/wp-content\/uploads\/usu2525\/2025\/09\/Banner-2.png\"><\/a><br \/>\nDespr\u00e9s de l\u2019\u00e8xit en la convocat\u00f2ria d\u2019Els ulls de la hist\u00f2ria. L\u2019experi\u00e8ncia did\u00e0ctica, us comuniquem que s\u2019han ampliat el nombre de noves places per poder disposar d\u2019aquest recurs educatiu gratu\u00eft.<br \/>\nEl termini d\u2019aquesta nova convocat\u00f2ria d\u2019ampliaci\u00f3 de places finalitzar\u00e0 el pr\u00f2xim dia 30 de setembre.<br \/>\n<a&hellip;  <a href=\"https:\/\/serveiseducatius.xtec.cat\/lleida\/general\/segona-fase-convocatoria-els-ulls-de-la-historia-lexperiencia-didactica\/\" title=\"Read Segona fase Convocat\u00f2ria Els ulls de la hist\u00f2ria. L\u2019experi\u00e8ncia did\u00e0ctica\">Llegeix m\u00e9s\u00bb<\/a><\/p>\n","protected":false},"author":29,"featured_media":9607,"comment_status":"open","ping_status":"open","sticky":false,"template":"","format":"standard","meta":{"_bbp_topic_count":0,"_bbp_reply_count":0,"_bbp_total_topic_count":0,"_bbp_total_reply_count":0,"_bbp_voice_count":0,"_bbp_anonymous_reply_count":0,"_bbp_topic_count_hidden":0,"_bbp_reply_count_hidden":0,"_bbp_forum_subforum_count":0,"footnotes":""},"categories":[455,1,371,29],"tags":[],"class_list":["post-9606","post","type-post","status-publish","format-standard","has-post-thumbnail","hentry","category-cultura","category-general","category-innovacio","category-portada"],"post_mailing_queue_ids":[],"_links":{"self":[{"href":"https:\/\/serveiseducatius.xtec.cat\/lleida\/wp-json\/wp\/v2\/posts\/9606","targetHints":{"allow":["GET"]}}],"collection":[{"href":"https:\/\/serveiseducatius.xtec.cat\/lleida\/wp-json\/wp\/v2\/posts"}],"about":[{"href":"https:\/\/serveiseducatius.xtec.cat\/lleida\/wp-json\/wp\/v2\/types\/post"}],"author":[{"embeddable":true,"href":"https:\/\/serveiseducatius.xtec.cat\/lleida\/wp-json\/wp\/v2\/users\/29"}],"replies":[{"embeddable":true,"href":"https:\/\/serveiseducatius.xtec.cat\/lleida\/wp-json\/wp\/v2\/comments?post=9606"}],"version-history":[{"count":4,"href":"https:\/\/serveiseducatius.xtec.cat\/lleida\/wp-json\/wp\/v2\/posts\/9606\/revisions"}],"predecessor-version":[{"id":9611,"href":"https:\/\/serveiseducatius.xtec.cat\/lleida\/wp-json\/wp\/v2\/posts\/9606\/revisions\/9611"}],"wp:featuredmedia":[{"embeddable":true,"href":"https:\/\/serveiseducatius.xtec.cat\/lleida\/wp-json\/wp\/v2\/media\/9607"}],"wp:attachment":[{"href":"https:\/\/serveiseducatius.xtec.cat\/lleida\/wp-json\/wp\/v2\/media?parent=9606"}],"wp:term":[{"taxonomy":"category","embeddable":true,"href":"https:\/\/serveiseducatius.xtec.cat\/lleida\/wp-json\/wp\/v2\/categories?post=9606"},{"taxonomy":"post_tag","embeddable":true,"href":"https:\/\/serveiseducatius.xtec.cat\/lleida\/wp-json\/wp\/v2\/tags?post=9606"}],"curies":[{"name":"wp","href":"https:\/\/api.w.org\/{rel}","templated":true}]}}