{"id":9429,"date":"2025-03-17T12:06:11","date_gmt":"2025-03-17T11:06:11","guid":{"rendered":"https:\/\/serveiseducatius.xtec.cat\/lleida\/?p=9429"},"modified":"2025-03-17T12:06:19","modified_gmt":"2025-03-17T11:06:19","slug":"convocatoria-de-places-per-a-professorat-en-seccions-bilingues-de-centres-educatius-de-diversos-paisos-curs-2025-2026","status":"publish","type":"post","link":"https:\/\/serveiseducatius.xtec.cat\/lleida\/general\/convocatoria-de-places-per-a-professorat-en-seccions-bilingues-de-centres-educatius-de-diversos-paisos-curs-2025-2026\/","title":{"rendered":"Convocat\u00f2ria de places per a professorat en seccions biling\u00fces de centres educatius de diversos pa\u00efsos, curs 2025-2026"},"content":{"rendered":"<p>El passat 12 de mar\u00e7 es va publicar al BOE la Resoluci\u00f3 de la convocat\u00f2ria de places per a professorat en seccions biling\u00fces de llengua espanyola en centres educatius de Bulg\u00e0ria, Xina, Eslov\u00e0quia, Hongria, Pol\u00f2nia, Rep\u00fablica Txeca, Romania i R\u00fassia per al curs 2025-2026.<\/p>\n<p>El termini de presentaci\u00f3 de sol\u00b7licituds comen\u00e7a el\u00a0<strong>13 de mar\u00e7<\/strong>\u00a0i finalitza el\u00a0<strong>2 d\u2019abril de 2025<\/strong>\u00a0i s\u2019ofereixen\u00a0<strong>131 places<\/strong>\u00a0destinades principalment a professorat de secund\u00e0ria, encara que tamb\u00e9 hi ha algunes per a prim\u00e0ria.<\/p>\n<p>Podeu consultar la convocat\u00f2ria completa en el seg\u00fcent enlla\u00e7:\u00a0<a href=\"https:\/\/www.educacionfpydeportes.gob.es\/servicios-al-ciudadano\/catalogo\/general\/05\/055065\/ficha\/055065-2025.html\"><strong>Profesorado en secciones biling\u00fces de espa\u00f1ol en centros educativos de Europa central, oriental y China (2025-2026)<\/strong><\/a><\/p>\n<p>Des de la Unitat d\u2019Acci\u00f3 Educativa a l\u2019Exterior s\u2019organitzar\u00e0 una sessi\u00f3 informativa en l\u00ednia, a trav\u00e9s de la plataforma Teams, el proper\u00a0<strong>18 de mar\u00e7 a les 17:00 hores<\/strong>. Els interessats poden formular preguntes pr\u00e8vies mitjan\u00e7ant un formulari.<\/p>\n<p>M\u00e9s informaci\u00f3 en aquest\u00a0<a href=\"https:\/\/drive.google.com\/file\/d\/1HOZCoh0SZ5Mk3nVwbIQKVGs4s3v2UKdZ\/view?usp=sharing\">cartell<\/a>\u00a0resum de la convocat\u00f2ria i a l\u2019<a href=\"https:\/\/drive.google.com\/file\/d\/1mDKWBQ1IErNWNiDEuEHDMLKum45znUwH\/view?usp=drive_link\">enlla\u00e7<\/a>\u00a0directe amb codi QR d\u2019invitaci\u00f3 a la sessi\u00f3 de Teams.\u00a0Si ho preferiu, tamb\u00e9 podeu utilitzar aquest\u00a0<a href=\"https:\/\/linktr.ee\/SeccionesBilingues\"><strong>enlla\u00e7 combinat<\/strong><\/a>, que dona acc\u00e9s a la p\u00e0gina del programa, a la sessi\u00f3 de Teams per als assistents i al formulari de preguntes pr\u00e8vies.<\/p>\n<p>Per a m\u00e9s informaci\u00f3 poseu-vos en contacte amb la Unitat d\u2019Acci\u00f3 Educativa a l\u2019Exterior.<\/p>\n","protected":false},"excerpt":{"rendered":"<p>El passat 12 de mar\u00e7 es va publicar al BOE la Resoluci\u00f3 de la convocat\u00f2ria de places per a professorat en seccions biling\u00fces de llengua espanyola en centres educatius de Bulg\u00e0ria, Xina, Eslov\u00e0quia, Hongria, Pol\u00f2nia, Rep\u00fablica Txeca, Romania i R\u00fassia per al curs 2025-2026.<br \/>\nEl termini&hellip;  <a href=\"https:\/\/serveiseducatius.xtec.cat\/lleida\/general\/convocatoria-de-places-per-a-professorat-en-seccions-bilingues-de-centres-educatius-de-diversos-paisos-curs-2025-2026\/\" title=\"Read Convocat\u00f2ria de places per a professorat en seccions biling\u00fces de centres educatius de diversos pa\u00efsos, curs 2025-2026\">Llegeix m\u00e9s\u00bb<\/a><\/p>\n","protected":false},"author":6,"featured_media":9430,"comment_status":"open","ping_status":"closed","sticky":false,"template":"","format":"standard","meta":{"_bbp_topic_count":0,"_bbp_reply_count":0,"_bbp_total_topic_count":0,"_bbp_total_reply_count":0,"_bbp_voice_count":0,"_bbp_anonymous_reply_count":0,"_bbp_topic_count_hidden":0,"_bbp_reply_count_hidden":0,"_bbp_forum_subforum_count":0,"footnotes":""},"categories":[365,1,290,29],"tags":[294],"class_list":["post-9429","post","type-post","status-publish","format-standard","has-post-thumbnail","hentry","category-esdeveniments","category-general","category-llengues-estrangeres","category-portada","tag-llengues-estrangeres"],"post_mailing_queue_ids":[],"_links":{"self":[{"href":"https:\/\/serveiseducatius.xtec.cat\/lleida\/wp-json\/wp\/v2\/posts\/9429","targetHints":{"allow":["GET"]}}],"collection":[{"href":"https:\/\/serveiseducatius.xtec.cat\/lleida\/wp-json\/wp\/v2\/posts"}],"about":[{"href":"https:\/\/serveiseducatius.xtec.cat\/lleida\/wp-json\/wp\/v2\/types\/post"}],"author":[{"embeddable":true,"href":"https:\/\/serveiseducatius.xtec.cat\/lleida\/wp-json\/wp\/v2\/users\/6"}],"replies":[{"embeddable":true,"href":"https:\/\/serveiseducatius.xtec.cat\/lleida\/wp-json\/wp\/v2\/comments?post=9429"}],"version-history":[{"count":1,"href":"https:\/\/serveiseducatius.xtec.cat\/lleida\/wp-json\/wp\/v2\/posts\/9429\/revisions"}],"predecessor-version":[{"id":9431,"href":"https:\/\/serveiseducatius.xtec.cat\/lleida\/wp-json\/wp\/v2\/posts\/9429\/revisions\/9431"}],"wp:featuredmedia":[{"embeddable":true,"href":"https:\/\/serveiseducatius.xtec.cat\/lleida\/wp-json\/wp\/v2\/media\/9430"}],"wp:attachment":[{"href":"https:\/\/serveiseducatius.xtec.cat\/lleida\/wp-json\/wp\/v2\/media?parent=9429"}],"wp:term":[{"taxonomy":"category","embeddable":true,"href":"https:\/\/serveiseducatius.xtec.cat\/lleida\/wp-json\/wp\/v2\/categories?post=9429"},{"taxonomy":"post_tag","embeddable":true,"href":"https:\/\/serveiseducatius.xtec.cat\/lleida\/wp-json\/wp\/v2\/tags?post=9429"}],"curies":[{"name":"wp","href":"https:\/\/api.w.org\/{rel}","templated":true}]}}