{"id":9094,"date":"2024-05-24T12:01:51","date_gmt":"2024-05-24T10:01:51","guid":{"rendered":"https:\/\/serveiseducatius.xtec.cat\/lleida\/?p=9094"},"modified":"2024-05-24T12:04:29","modified_gmt":"2024-05-24T10:04:29","slug":"estrategies-per-a-les-families-per-afavorir-el-llenguatge-i-la-comunicacio-oral-dels-infants-signes-dalerta","status":"publish","type":"post","link":"https:\/\/serveiseducatius.xtec.cat\/lleida\/general\/estrategies-per-a-les-families-per-afavorir-el-llenguatge-i-la-comunicacio-oral-dels-infants-signes-dalerta\/","title":{"rendered":"Estrat\u00e8gies per a les fam\u00edlies per afavorir el llenguatge i la comunicaci\u00f3 oral dels infants, signes d\u2019alerta"},"content":{"rendered":"<p>La detecci\u00f3 preco\u00e7 de les dificultats d\u2019aprenentatge, de comunicaci\u00f3 i de llenguatge en edats molt primerenques \u00e9s una pr\u00e0ctica educativa fonamental per al bon desenvolupament dels infants. Aquesta detecci\u00f3 permet identificar les necessitats espec\u00edfiques de l\u2019alumnat, prioritzar les intervencions i minimitzar les repercussions personals, acad\u00e8miques i socials que se\u2019n puguin derivar.<\/p>\n<p>\u00c9s per aix\u00f2 que es presenta a continuaci\u00f3 una infografia sobre <a href=\"https:\/\/projectes.xtec.cat\/educacioinclusiva\/wp-content\/uploads\/usu2065\/2024\/05\/INFOGRAFIA_Comunicacio-Oral-Estrategies-Signes-Alerta-pdf-020524.pdf\" target=\"_blank\" rel=\"noopener\">Estrat\u00e8gies per afavorir el llenguatge i la comunicaci\u00f3 oral dels infants, signes d\u2019alerta,<\/a> per a les fam\u00edlies d&#8217;infants a Educaci\u00f3 Infantil.<\/p>\n<p>Aquest material ha estat elaborat conjuntament per l\u2019equip de professionals del\u00a0PCTEI\u00a0(Programa de Cooperaci\u00f3 Territorial d\u2019Educaci\u00f3 Inclusiva) de cada territori i per la Direcci\u00f3 General d\u2019Educaci\u00f3 Inclusiva del Departament d\u2019Educaci\u00f3.<\/p>\n<p><a href=\"https:\/\/serveiseducatius.xtec.cat\/lleida\/wp-content\/uploads\/usu2525\/2024\/05\/INFOGRAFIA_Comunicacio-Oral-Estrategies-Signes-Alerta-pdf-020524-768x1920-2.jpg\"><img loading=\"lazy\" decoding=\"async\" class=\"alignnone size-large wp-image-9096\" src=\"https:\/\/serveiseducatius.xtec.cat\/lleida\/wp-content\/uploads\/usu2525\/2024\/05\/INFOGRAFIA_Comunicacio-Oral-Estrategies-Signes-Alerta-pdf-020524-768x1920-2-410x1024.jpg\" alt=\"\" width=\"410\" height=\"1024\" srcset=\"https:\/\/serveiseducatius.xtec.cat\/lleida\/wp-content\/uploads\/usu2525\/2024\/05\/INFOGRAFIA_Comunicacio-Oral-Estrategies-Signes-Alerta-pdf-020524-768x1920-2-410x1024.jpg 410w, https:\/\/serveiseducatius.xtec.cat\/lleida\/wp-content\/uploads\/usu2525\/2024\/05\/INFOGRAFIA_Comunicacio-Oral-Estrategies-Signes-Alerta-pdf-020524-768x1920-2-120x300.jpg 120w, https:\/\/serveiseducatius.xtec.cat\/lleida\/wp-content\/uploads\/usu2525\/2024\/05\/INFOGRAFIA_Comunicacio-Oral-Estrategies-Signes-Alerta-pdf-020524-768x1920-2.jpg 768w\" sizes=\"auto, (max-width: 410px) 100vw, 410px\" \/><\/a><\/p>\n","protected":false},"excerpt":{"rendered":"<p>La detecci\u00f3 preco\u00e7 de les dificultats d\u2019aprenentatge, de comunicaci\u00f3 i de llenguatge en edats molt primerenques \u00e9s una pr\u00e0ctica educativa fonamental per al bon desenvolupament dels infants. Aquesta detecci\u00f3 permet identificar les necessitats espec\u00edfiques de l\u2019alumnat, prioritzar les intervencions i minimitzar les repercussions personals, acad\u00e8miques&hellip;  <a href=\"https:\/\/serveiseducatius.xtec.cat\/lleida\/general\/estrategies-per-a-les-families-per-afavorir-el-llenguatge-i-la-comunicacio-oral-dels-infants-signes-dalerta\/\" title=\"Read Estrat\u00e8gies per a les fam\u00edlies per afavorir el llenguatge i la comunicaci\u00f3 oral dels infants, signes d\u2019alerta\">Llegeix m\u00e9s\u00bb<\/a><\/p>\n","protected":false},"author":1,"featured_media":9098,"comment_status":"open","ping_status":"closed","sticky":false,"template":"","format":"standard","meta":{"_bbp_topic_count":0,"_bbp_reply_count":0,"_bbp_total_topic_count":0,"_bbp_total_reply_count":0,"_bbp_voice_count":0,"_bbp_anonymous_reply_count":0,"_bbp_topic_count_hidden":0,"_bbp_reply_count_hidden":0,"_bbp_forum_subforum_count":0,"footnotes":""},"categories":[1,304,29],"tags":[],"class_list":["post-9094","post","type-post","status-publish","format-standard","has-post-thumbnail","hentry","category-general","category-inclusio","category-portada"],"post_mailing_queue_ids":[],"_links":{"self":[{"href":"https:\/\/serveiseducatius.xtec.cat\/lleida\/wp-json\/wp\/v2\/posts\/9094","targetHints":{"allow":["GET"]}}],"collection":[{"href":"https:\/\/serveiseducatius.xtec.cat\/lleida\/wp-json\/wp\/v2\/posts"}],"about":[{"href":"https:\/\/serveiseducatius.xtec.cat\/lleida\/wp-json\/wp\/v2\/types\/post"}],"author":[{"embeddable":true,"href":"https:\/\/serveiseducatius.xtec.cat\/lleida\/wp-json\/wp\/v2\/users\/1"}],"replies":[{"embeddable":true,"href":"https:\/\/serveiseducatius.xtec.cat\/lleida\/wp-json\/wp\/v2\/comments?post=9094"}],"version-history":[{"count":2,"href":"https:\/\/serveiseducatius.xtec.cat\/lleida\/wp-json\/wp\/v2\/posts\/9094\/revisions"}],"predecessor-version":[{"id":9099,"href":"https:\/\/serveiseducatius.xtec.cat\/lleida\/wp-json\/wp\/v2\/posts\/9094\/revisions\/9099"}],"wp:featuredmedia":[{"embeddable":true,"href":"https:\/\/serveiseducatius.xtec.cat\/lleida\/wp-json\/wp\/v2\/media\/9098"}],"wp:attachment":[{"href":"https:\/\/serveiseducatius.xtec.cat\/lleida\/wp-json\/wp\/v2\/media?parent=9094"}],"wp:term":[{"taxonomy":"category","embeddable":true,"href":"https:\/\/serveiseducatius.xtec.cat\/lleida\/wp-json\/wp\/v2\/categories?post=9094"},{"taxonomy":"post_tag","embeddable":true,"href":"https:\/\/serveiseducatius.xtec.cat\/lleida\/wp-json\/wp\/v2\/tags?post=9094"}],"curies":[{"name":"wp","href":"https:\/\/api.w.org\/{rel}","templated":true}]}}