{"id":8534,"date":"2023-03-08T07:30:36","date_gmt":"2023-03-08T06:30:36","guid":{"rendered":"https:\/\/serveiseducatius.xtec.cat\/lleida\/?p=8534"},"modified":"2024-01-16T13:44:20","modified_gmt":"2024-01-16T12:44:20","slug":"convocatoria-oberta-partcipacio-global-scholars-2022-2023","status":"publish","type":"post","link":"https:\/\/serveiseducatius.xtec.cat\/lleida\/general\/convocatoria-oberta-partcipacio-global-scholars-2022-2023\/","title":{"rendered":"Convocat\u00f2ria oberta \u2013 Partcipaci\u00f3 Global Scholars 2022-2023"},"content":{"rendered":"<div><span style=\"font-family: verdana, sans-serif;\">Us informem que des d&#8217;avui, <b>8 de mar\u00e7<\/b>\u00a0 fins el<b> 22 de mar\u00e7, j<\/b><\/span><strong style=\"font-family: inherit; font-size: 1em;\">a est\u00e0 oberta<\/strong><span style=\"font-family: inherit; font-size: 1em;\">\u00a0<\/span><strong style=\"font-family: inherit; font-size: 1em;\">la convocat\u00f2ria per sol\u00b7licitar la participaci\u00f3 en el programa\u00a0<a href=\"https:\/\/www.globalcities.org\/global-scholars\">Global Scholars<\/a>\u00a0per al curs 2023-2024\u00a0<a href=\"https:\/\/espai.educacio.gencat.cat\/Centres\/Projectes-educatius\/Global-Scholars\/Pagines\/default.aspx\" data-saferedirecturl=\"https:\/\/www.google.com\/url?q=https:\/\/espai.educacio.gencat.cat\/Centres\/Projectes-educatius\/Global-Scholars\/Pagines\/default.aspx&amp;source=gmail&amp;ust=1678459263849000&amp;usg=AOvVaw2DM71iHG1PkXMHli0s8Nbv\">en el Portal de Centres<\/a><\/strong><span style=\"font-family: inherit; font-size: 1em;\">.<\/span><strong style=\"font-family: inherit; font-size: 1em;\">\u00a0<\/strong><\/div>\n<div><\/div>\n<div>\n<div>\n<p>El Programa Global Scholars \u00e9s una iniciativa impulsada per\u00a0<a title=\"Ves a la p\u00e0gina\" href=\"https:\/\/www.globalcities.org\/vision-mission\" target=\"_blank\" rel=\"noopener\">Global Cities, Inc\u200b<\/a>., un projecte de Bloomberg Philanthropies, organitzaci\u00f3 sense \u00e0nim de lucre amb seu a Nova York. Gr\u00e0cies a la col\u00b7laboraci\u00f3 amb el Departament d\u2019Educaci\u00f3 els centres catalans poden rebre el seu\u00a0<strong>suport per promoure una educaci\u00f3 pluriling\u00fce i intercultural<\/strong>.<\/p>\n<p>Es tracta d\u2019un programa internacional d\u2019aprenentatge en l\u00ednia que connecta m\u00e9s de 13.000 alumnes de centres educatius situats en aproximadament 50 ciutats d\u2019arreu del m\u00f3n amb l\u2019objectiu de\u00a0<strong>preparar-los per esdevenir ciutadans del m\u00f3n i poder interactuar amb \u00e8xit amb persones d\u2019altres pa\u00efsos<\/strong>. La iniciativa, adre\u00e7ada a\u00a0<strong><span style=\"text-decoration: underline;\">estudiants d\u2019entre 10 i 13 anys<\/span>\u00a0<\/strong>(per tant, cicle superior de prim\u00e0ria i primer cicle de secund\u00e0ria), permet que joves d\u2019arreu del m\u00f3n treballin plegats al voltant de temes d\u2019inter\u00e8s general i que comparteixin reptes i problemes de car\u00e0cter local que, pel fet de ser comuns a altres contextos, poden tenir una soluci\u00f3 global. Els alumnes s\u2019organitzen en grups internacionals i les interaccions es fan en llengua anglesa. Per tant, el programa \u00e9s tamb\u00e9 una oportunitat per millorar la compet\u00e8ncia comunicativa de l\u2019alumnat en angl\u00e8s.<\/p>\n<p><span style=\"text-decoration: underline;\"><strong>Els requisits generals s\u00f3n:<\/strong><\/span><\/p>\n<ol>\n<li>Poden sol\u00b7licitar la participaci\u00f3 en el programa Global Scholars els\u00a0<strong>centres p\u00fablics de titularitat del Departament d\u2019Educaci\u00f3\u00a0<\/strong>que imparteixen ensenyaments d\u2019educaci\u00f3 b\u00e0sica.<\/li>\n<li>Els centres sol\u00b7licitants han de disposar d\u2019un\u00a0<strong>projecte educatiu de centre amb objectius adre\u00e7ats a promoure una educaci\u00f3 pluriling\u00fce i intercultural\u00a0<\/strong>per al desenvolupament ling\u00fc\u00edstic de l\u2019alumnat i per a la millora de la seva compet\u00e8ncia global.<\/li>\n<li><strong>Garantir la seva participaci\u00f3 en el programa per un per\u00edode de quatre anys\u00a0<\/strong>i una impartici\u00f3 m\u00ednima de dues hores setmanals de classe. \u200b<\/li>\n<\/ol>\n<p><span style=\"text-decoration: underline;\"><strong>El centre es compromet al seg\u00fcent:<\/strong><\/span><\/p>\n<p>\u2013 Garantir participar en el programa per un per\u00edode de\u00a0<strong>quatre cursos escolars<\/strong>.<br \/>\n\u2013 Vetllar perqu\u00e8 l\u2019alumnat participant tingui<strong>\u00a0l\u2019acc\u00e9s a ordinadors i connexi\u00f3 a Internet<\/strong>\u00a0(com a m\u00ednim un ordinador per a cada dos alumnes) durant les hores de classe en qu\u00e8 s\u2019implementar\u00e0 el programa.<br \/>\n\u2013 Vetllar perqu\u00e8 s\u2019imparteixi\u00a0<strong>un m\u00ednim de dues hores setmanals de classe del programa Global Scholars<\/strong>\u00a0a\u00a0<strong>5\u00e8 o 6\u00e8 de prim\u00e0ria, o b\u00e9 a 1r o 2n de secund\u00e0ria<\/strong>, i fer-ho constar aix\u00ed en la programaci\u00f3 general anual (PGA) del centre.<br \/>\n\u2013 Vetllar perqu\u00e8 cada docent participant\u00a0<strong>implementi correctament el programa Global Scholars<\/strong>\u00a0a l\u2019aula i segueixi les indicacions del Departament d\u2019Educaci\u00f3 i de Global Cities, pel que fa als\u00a0<strong>continguts i al\u00a0<\/strong><strong>calendari.<\/strong><br \/>\n\u2013 Assignar\u00a0<strong>almenys un\/a docent al programa.<\/strong>\u00a0En cas d\u2019obtenir m\u00e9s d\u2019un grup, cal procurar assignar\u00a0<strong>docents de diferents mat\u00e8ries i facilitar-ne la coordinaci\u00f3 setmanal.<\/strong><br \/>\n\u2013 Facilitar que els\/les\u00a0<strong>docents implicats participin en les sessions de desenvolupament professional que planifiqui l\u2019organitzaci\u00f3 Global Cities<\/strong>\u00a0(1 sessi\u00f3 per cada 5 unitats) i en les sessions de reflexi\u00f3 del Departament d\u2019Educaci\u00f3 o de Global Cities.<br \/>\n\u2013 Vetllar perqu\u00e8 tant el professorat com l\u2019alumnat que participen en el programa\u00a0<strong>emplenin les enquestes que l\u2019organitzaci\u00f3<\/strong>\u00a0fa arribar cada any als centres, abans de comen\u00e7ar el curs i un cop finalitzat.<br \/>\n\u2013 Preveure<strong>\u00a0la transfer\u00e8ncia dels continguts dins i fora del centre<\/strong>, informar el claustre, el consell escolar i la comunitat educativa de la participaci\u00f3 del centre en el programa.<\/p>\n<p><strong>Global Cities<\/strong>, Inc., com a propiet\u00e0ria del programa, estableix les condicions de participaci\u00f3 dels centres educatius i configura el nombre de grups per cada territori. El\u00a0<strong>Servei de Lleng\u00fces Estrangeres i d\u2019Origen\u00a0<\/strong>(SLEO) del Departament d\u2019Educaci\u00f3, en col\u00b7laboraci\u00f3 amb els\u00a0<strong>Serveis Territorials i el Consorci d\u2019Educaci\u00f3 de Barcelona, gestiona la participaci\u00f3 dels centres de Catalunya en el programa<\/strong>. El nombre de grups d\u2019alumnes i, per tant, de centres participants es configura cada curs escolar i pot variar segons les necessitats de l\u2019organitzaci\u00f3 i en funci\u00f3 de la participaci\u00f3 d\u2019escoles d\u2019altres pa\u00efsos.\u00a0<b>Enguany,<\/b>\u00a0a Catalunya\u00a0<strong>hi participen 39 centres educatius amb 78 grups<\/strong>. De moment, no disposem de la confirmaci\u00f3 dels grups per al curs vinent, ja que aquesta data pot variar segons les necessitats de l\u2019organitzaci\u00f3.<\/p>\n<p><span style=\"text-decoration: underline;\"><strong>El termini per presentar la vostra sol\u00b7licitud \u00e9s del 8 al 22 de mar\u00e7.\u00a0<\/strong><\/span><\/p>\n<p>Acabat el proc\u00e9s de selecci\u00f3 i validaci\u00f3 per part de Global Cities, es confirmar\u00e0\u00a0<strong>la participaci\u00f3 definitiva dels centres en el Portal de Cetres al mes de maig.\u00a0<\/strong><\/p>\n<\/div>\n<\/div>\n","protected":false},"excerpt":{"rendered":"<p>Us informem que des d&#8217;avui, 8 de mar\u00e7\u00a0 fins el 22 de mar\u00e7, ja est\u00e0 oberta\u00a0la convocat\u00f2ria per sol\u00b7licitar la participaci\u00f3 en el programa\u00a0<a href=\"https:\/\/www.globalcities.org\/global-scholars\">Global Scholars<\/a>\u00a0per al curs 2023-2024\u00a0<a href=\"https:\/\/espai.educacio.gencat.cat\/Centres\/Projectes-educatius\/Global-Scholars\/Pagines\/default.aspx\" data-saferedirecturl=\"https:\/\/www.google.com\/url?q=https:\/\/espai.educacio.gencat.cat\/Centres\/Projectes-educatius\/Global-Scholars\/Pagines\/default.aspx&amp;source=gmail&amp;ust=1678459263849000&amp;usg=AOvVaw2DM71iHG1PkXMHli0s8Nbv\">en el Portal de Centres<\/a>.\u00a0<\/p>\n<p>El Programa Global Scholars \u00e9s una iniciativa impulsada per\u00a0<a title=\"Ves a&hellip;  <a href=\"https:\/\/serveiseducatius.xtec.cat\/lleida\/general\/convocatoria-oberta-partcipacio-global-scholars-2022-2023\/\" title=\"Read Convocat\u00f2ria oberta \u2013 Partcipaci\u00f3 Global Scholars 2022-2023\">Llegeix m\u00e9s\u00bb<\/a><\/p>\n","protected":false},"author":6,"featured_media":8535,"comment_status":"open","ping_status":"closed","sticky":false,"template":"","format":"standard","meta":{"_bbp_topic_count":0,"_bbp_reply_count":0,"_bbp_total_topic_count":0,"_bbp_total_reply_count":0,"_bbp_voice_count":0,"_bbp_anonymous_reply_count":0,"_bbp_topic_count_hidden":0,"_bbp_reply_count_hidden":0,"_bbp_forum_subforum_count":0,"footnotes":""},"categories":[1,290,29],"tags":[297,295],"class_list":["post-8534","post","type-post","status-publish","format-standard","has-post-thumbnail","hentry","category-general","category-llengues-estrangeres","category-portada","tag-internacionalitzacio","tag-plurilinguisme"],"post_mailing_queue_ids":[],"_links":{"self":[{"href":"https:\/\/serveiseducatius.xtec.cat\/lleida\/wp-json\/wp\/v2\/posts\/8534","targetHints":{"allow":["GET"]}}],"collection":[{"href":"https:\/\/serveiseducatius.xtec.cat\/lleida\/wp-json\/wp\/v2\/posts"}],"about":[{"href":"https:\/\/serveiseducatius.xtec.cat\/lleida\/wp-json\/wp\/v2\/types\/post"}],"author":[{"embeddable":true,"href":"https:\/\/serveiseducatius.xtec.cat\/lleida\/wp-json\/wp\/v2\/users\/6"}],"replies":[{"embeddable":true,"href":"https:\/\/serveiseducatius.xtec.cat\/lleida\/wp-json\/wp\/v2\/comments?post=8534"}],"version-history":[{"count":3,"href":"https:\/\/serveiseducatius.xtec.cat\/lleida\/wp-json\/wp\/v2\/posts\/8534\/revisions"}],"predecessor-version":[{"id":8539,"href":"https:\/\/serveiseducatius.xtec.cat\/lleida\/wp-json\/wp\/v2\/posts\/8534\/revisions\/8539"}],"wp:featuredmedia":[{"embeddable":true,"href":"https:\/\/serveiseducatius.xtec.cat\/lleida\/wp-json\/wp\/v2\/media\/8535"}],"wp:attachment":[{"href":"https:\/\/serveiseducatius.xtec.cat\/lleida\/wp-json\/wp\/v2\/media?parent=8534"}],"wp:term":[{"taxonomy":"category","embeddable":true,"href":"https:\/\/serveiseducatius.xtec.cat\/lleida\/wp-json\/wp\/v2\/categories?post=8534"},{"taxonomy":"post_tag","embeddable":true,"href":"https:\/\/serveiseducatius.xtec.cat\/lleida\/wp-json\/wp\/v2\/tags?post=8534"}],"curies":[{"name":"wp","href":"https:\/\/api.w.org\/{rel}","templated":true}]}}