{"id":10074,"date":"2026-04-29T14:17:20","date_gmt":"2026-04-29T12:17:20","guid":{"rendered":"https:\/\/serveiseducatius.xtec.cat\/lleida\/?p=10074"},"modified":"2026-04-28T10:21:54","modified_gmt":"2026-04-28T08:21:54","slug":"invitacio-a-iv-jornada-dinternacionalitzacio-cete-14-maig-2026","status":"publish","type":"post","link":"https:\/\/serveiseducatius.xtec.cat\/lleida\/general\/invitacio-a-iv-jornada-dinternacionalitzacio-cete-14-maig-2026\/","title":{"rendered":"Invitaci\u00f3 a IV Jornada d&#8217;Internacionalitzaci\u00f3 CETE+ 14 MAIG 2026"},"content":{"rendered":"<p><strong><em>CETE+ \u00e9s l\u2019acr\u00f2nim del Consorci Europeu per a la Transformaci\u00f3 Educativa.<\/em><\/strong><\/p>\n<p>Aquest \u00e9s el nom <a href=\"https:\/\/serveiseducatius.xtec.cat\/lleida\/wp-content\/uploads\/usu2525\/2026\/04\/CETEfonsblanc2-768x657-1.png\"><img loading=\"lazy\" decoding=\"async\" class=\" wp-image-10075 alignleft\" src=\"https:\/\/serveiseducatius.xtec.cat\/lleida\/wp-content\/uploads\/usu2525\/2026\/04\/CETEfonsblanc2-768x657-1.png\" alt=\"\" width=\"171\" height=\"146\" srcset=\"https:\/\/serveiseducatius.xtec.cat\/lleida\/wp-content\/uploads\/usu2525\/2026\/04\/CETEfonsblanc2-768x657-1.png 768w, https:\/\/serveiseducatius.xtec.cat\/lleida\/wp-content\/uploads\/usu2525\/2026\/04\/CETEfonsblanc2-768x657-1-300x257.png 300w\" sizes=\"auto, (max-width: 171px) 100vw, 171px\" \/><\/a>que rep l\u2019acreditaci\u00f3 Erasmus+ KA120 del Departament d\u2019Educaci\u00f3 de Catalunya en l\u2019\u00e0mbit d\u2019Educaci\u00f3 Escolar.<\/p>\n<p>S\u2019implementa a trav\u00e9s de projectes KA121 que es convoquen anualment.<\/p>\n<p>En el projecte CETE+21 han participat 84 centres educatius d\u2019educaci\u00f3 escolar de Catalunya. Tots plegats treballem per la millora dels centres participants i el propi Departament, i ho fem a trav\u00e9s de la internacionalitzaci\u00f3 i els programes d\u2019innovaci\u00f3 que s\u00f3n els eixos vertebradors dels diversos equips de treball.<\/p>\n<p><strong>Ens fa molta il\u00b7lusi\u00f3 convidar-vos a la\u00a0IV Jornada d\u2019Internacionalitzaci\u00f3\u00a0del projecte Erasmus+\u00a0<em>Consorci Europeu per a la Transformaci\u00f3 Educativa (CETE+)<\/em>, que tindr\u00e0 lloc el proper\u00a014 de maig, de 9.30 a 14.30 a la seu de la UPF-BSM, al C7\u00a0<a href=\"https:\/\/www.google.com\/url?sa=t&amp;source=web&amp;rct=j&amp;opi=89978449&amp;url=\/maps\/place\/\/data%3D!4m2!3m1!1s0x12a4a291003db86b:0xd242e64909e6f963%3Fsa%3DX%26ved%3D1t:8290%26ictx%3D111&amp;ved=2ahUKEwj_-qO4voaUAxVGfKQEHSOkHKYQ4kB6BAgxEAM&amp;usg=AOvVaw3JCE_EO5F0NpNXF2P_08OT\">Carrer de Balmes, 132, Eixample, 08008 Barcelona<\/a><\/strong><\/p>\n<p>Ser\u00e0 una oportunitat per retrobar-nos, compartir experi\u00e8ncies, inspirar-nos m\u00fatuament i continuar avan\u00e7ant plegats en la transformaci\u00f3 educativa amb mirada europea. La jornada s&#8217;adre\u00e7a a tots els centres participants de l\u2019edici\u00f3 CETE+24, als que ja formeu part de la comunitat CETE+ d\u2019edicions anteriors i tamb\u00e9 als centres que us hi incorporareu de cara a l\u2019edici\u00f3 2026.<\/p>\n<p>Us animem a fer la inscripci\u00f3 al m\u00e9s aviat possible a\u00a0<strong><a href=\"https:\/\/aplicacions.gestioeducativa.gencat.cat\/ords\/pls\/soloas\/inscripcionsnp?codi=9002890542&amp;curs=2025-2026\">enlla\u00e7<\/a><\/strong><\/p>\n<p>Un cop inscrits, rebreu el programa detallat de la jornada i un formulari per poder triar el taller en qu\u00e8 voleu participar.<\/p>\n<p>Esperem comptar amb la vostra pres\u00e8ncia per continuar construint, junts i juntes, aquest projecte compartit.<\/p>\n","protected":false},"excerpt":{"rendered":"<p>CETE+ \u00e9s l\u2019acr\u00f2nim del Consorci Europeu per a la Transformaci\u00f3 Educativa.<br \/>\nAquest \u00e9s el nom <a href=\"https:\/\/serveiseducatius.xtec.cat\/lleida\/wp-content\/uploads\/usu2525\/2026\/04\/CETEfonsblanc2-768x657-1.png\"><\/a>que rep l\u2019acreditaci\u00f3 Erasmus+ KA120 del Departament d\u2019Educaci\u00f3 de Catalunya en l\u2019\u00e0mbit d\u2019Educaci\u00f3 Escolar.<br \/>\nS\u2019implementa a trav\u00e9s de projectes KA121 que es convoquen anualment.<br \/>\nEn el projecte CETE+21 han participat 84 centres&hellip;  <a href=\"https:\/\/serveiseducatius.xtec.cat\/lleida\/general\/invitacio-a-iv-jornada-dinternacionalitzacio-cete-14-maig-2026\/\" title=\"Read Invitaci\u00f3 a IV Jornada d&#8217;Internacionalitzaci\u00f3 CETE+ 14 MAIG 2026\">Llegeix m\u00e9s\u00bb<\/a><\/p>\n","protected":false},"author":6,"featured_media":10075,"comment_status":"closed","ping_status":"closed","sticky":false,"template":"","format":"standard","meta":{"_bbp_topic_count":0,"_bbp_reply_count":0,"_bbp_total_topic_count":0,"_bbp_total_reply_count":0,"_bbp_voice_count":0,"_bbp_anonymous_reply_count":0,"_bbp_topic_count_hidden":0,"_bbp_reply_count_hidden":0,"_bbp_forum_subforum_count":0,"footnotes":""},"categories":[64,66,365,154,1,290,29],"tags":[297,499,294],"class_list":["post-10074","post","type-post","status-publish","format-standard","has-post-thumbnail","hentry","category-comunitat","category-dinamitzacio","category-esdeveniments","category-formacio","category-general","category-llengues-estrangeres","category-portada","tag-internacionalitzacio","tag-jornada-cete","tag-llengues-estrangeres"],"post_mailing_queue_ids":[],"_links":{"self":[{"href":"https:\/\/serveiseducatius.xtec.cat\/lleida\/wp-json\/wp\/v2\/posts\/10074","targetHints":{"allow":["GET"]}}],"collection":[{"href":"https:\/\/serveiseducatius.xtec.cat\/lleida\/wp-json\/wp\/v2\/posts"}],"about":[{"href":"https:\/\/serveiseducatius.xtec.cat\/lleida\/wp-json\/wp\/v2\/types\/post"}],"author":[{"embeddable":true,"href":"https:\/\/serveiseducatius.xtec.cat\/lleida\/wp-json\/wp\/v2\/users\/6"}],"replies":[{"embeddable":true,"href":"https:\/\/serveiseducatius.xtec.cat\/lleida\/wp-json\/wp\/v2\/comments?post=10074"}],"version-history":[{"count":1,"href":"https:\/\/serveiseducatius.xtec.cat\/lleida\/wp-json\/wp\/v2\/posts\/10074\/revisions"}],"predecessor-version":[{"id":10076,"href":"https:\/\/serveiseducatius.xtec.cat\/lleida\/wp-json\/wp\/v2\/posts\/10074\/revisions\/10076"}],"wp:featuredmedia":[{"embeddable":true,"href":"https:\/\/serveiseducatius.xtec.cat\/lleida\/wp-json\/wp\/v2\/media\/10075"}],"wp:attachment":[{"href":"https:\/\/serveiseducatius.xtec.cat\/lleida\/wp-json\/wp\/v2\/media?parent=10074"}],"wp:term":[{"taxonomy":"category","embeddable":true,"href":"https:\/\/serveiseducatius.xtec.cat\/lleida\/wp-json\/wp\/v2\/categories?post=10074"},{"taxonomy":"post_tag","embeddable":true,"href":"https:\/\/serveiseducatius.xtec.cat\/lleida\/wp-json\/wp\/v2\/tags?post=10074"}],"curies":[{"name":"wp","href":"https:\/\/api.w.org\/{rel}","templated":true}]}}