{"id":10071,"date":"2026-04-29T11:15:44","date_gmt":"2026-04-29T09:15:44","guid":{"rendered":"https:\/\/serveiseducatius.xtec.cat\/lleida\/?p=10071"},"modified":"2026-04-28T10:16:12","modified_gmt":"2026-04-28T08:16:12","slug":"dinamitza-la-teva-practica-docent-amb-la-universitat-destiu-de-linstitut-francais","status":"publish","type":"post","link":"https:\/\/serveiseducatius.xtec.cat\/lleida\/general\/dinamitza-la-teva-practica-docent-amb-la-universitat-destiu-de-linstitut-francais\/","title":{"rendered":"Dinamitza la teva pr\u00e0ctica docent amb la Universitat d\u2019Estiu de l\u2019Institut Fran\u00e7ais!"},"content":{"rendered":"<p><a href=\"https:\/\/serveiseducatius.xtec.cat\/lleida\/wp-content\/uploads\/usu2525\/2026\/04\/77-EstiuInsfranc-1536x449-1.png\"><img loading=\"lazy\" decoding=\"async\" class=\"alignnone size-large wp-image-10072\" src=\"https:\/\/serveiseducatius.xtec.cat\/lleida\/wp-content\/uploads\/usu2525\/2026\/04\/77-EstiuInsfranc-1536x449-1-1024x299.png\" alt=\"\" width=\"1024\" height=\"299\" srcset=\"https:\/\/serveiseducatius.xtec.cat\/lleida\/wp-content\/uploads\/usu2525\/2026\/04\/77-EstiuInsfranc-1536x449-1-1024x299.png 1024w, https:\/\/serveiseducatius.xtec.cat\/lleida\/wp-content\/uploads\/usu2525\/2026\/04\/77-EstiuInsfranc-1536x449-1-300x88.png 300w, https:\/\/serveiseducatius.xtec.cat\/lleida\/wp-content\/uploads\/usu2525\/2026\/04\/77-EstiuInsfranc-1536x449-1-768x225.png 768w, https:\/\/serveiseducatius.xtec.cat\/lleida\/wp-content\/uploads\/usu2525\/2026\/04\/77-EstiuInsfranc-1536x449-1.png 1536w\" sizes=\"auto, (max-width: 1024px) 100vw, 1024px\" \/><\/a><\/p>\n<p>Ets docent de franc\u00e8s i\/o de mat\u00e8ries no ling\u00fc\u00edstiques impartides en franc\u00e8s i vols dinamitzar la teva pr\u00e0ctica docent i refor\u00e7ar la motivaci\u00f3 de l\u2019alumnat?<\/p>\n<p>L\u2019Institut fran\u00e7ais d\u2019Espanya inclou la seva pr\u00f2xima Universitat d\u2019Estiu, que se celebrar\u00e0 al\u00a0<strong>Liceu Franc\u00e8s de Madrid del 6 al 9 de juliol de 2026<\/strong>. El programa inclou diversos m\u00f2duls pr\u00e0ctics (FLE, ANL, Batxibac, expressi\u00f3 oral, eines digitals i creatives com el p\u00f2dcast, el teatre o la IA), cadascun amb una durada de 18 hores. En finalitzar, els participants rebran un certificat de participaci\u00f3.<\/p>\n<p>Tamb\u00e9 podreu assistir a confer\u00e8ncies, activitats culturals i espais d\u2019intercanvi professional en un entorn din\u00e0mic i enriquidor.<\/p>\n<p>En el seg\u00fcent enlla\u00e7 trobareu tota la informaci\u00f3, aix\u00ed com el formulari d\u2019inscripci\u00f3:\u00a0<a href=\"https:\/\/www.institutfrancais.es\/universidad-de-verano-2026\/\" data-saferedirecturl=\"https:\/\/www.google.com\/url?q=https:\/\/www.institutfrancais.es\/universidad-de-verano-2026\/&amp;source=gmail&amp;ust=1777355755237000&amp;usg=AOvVaw0h2_lD-XxB_rsx6SH8CLEq\"><em>Universidad de Verano 2026<\/em><\/a><br \/>\nInscripci\u00f3 directa:\u00a0<a href=\"https:\/\/forms.gle\/PbqSagQDpoqnm4a89\" data-saferedirecturl=\"https:\/\/www.google.com\/url?q=https:\/\/forms.gle\/PbqSagQDpoqnm4a89&amp;source=gmail&amp;ust=1777355755237000&amp;usg=AOvVaw3Le70EHvqiO3AcZXAy1ucd\">https:\/\/forms.gle\/PbqSagQDpoqnm4a89<\/a><\/p>\n<p>Una oportunitat m\u00e9s per internacionalitzar l\u2019aula!<\/p>\n","protected":false},"excerpt":{"rendered":"<p><a href=\"https:\/\/serveiseducatius.xtec.cat\/lleida\/wp-content\/uploads\/usu2525\/2026\/04\/77-EstiuInsfranc-1536x449-1.png\"><\/a><br \/>\nEts docent de franc\u00e8s i\/o de mat\u00e8ries no ling\u00fc\u00edstiques impartides en franc\u00e8s i vols dinamitzar la teva pr\u00e0ctica docent i refor\u00e7ar la motivaci\u00f3 de l\u2019alumnat?<br \/>\nL\u2019Institut fran\u00e7ais d\u2019Espanya inclou la seva pr\u00f2xima Universitat d\u2019Estiu, que se celebrar\u00e0 al\u00a0Liceu Franc\u00e8s de Madrid del 6 al 9&hellip;  <a href=\"https:\/\/serveiseducatius.xtec.cat\/lleida\/general\/dinamitza-la-teva-practica-docent-amb-la-universitat-destiu-de-linstitut-francais\/\" title=\"Read Dinamitza la teva pr\u00e0ctica docent amb la Universitat d\u2019Estiu de l\u2019Institut Fran\u00e7ais!\">Llegeix m\u00e9s\u00bb<\/a><\/p>\n","protected":false},"author":6,"featured_media":10072,"comment_status":"closed","ping_status":"closed","sticky":false,"template":"","format":"standard","meta":{"_bbp_topic_count":0,"_bbp_reply_count":0,"_bbp_total_topic_count":0,"_bbp_total_reply_count":0,"_bbp_voice_count":0,"_bbp_anonymous_reply_count":0,"_bbp_topic_count_hidden":0,"_bbp_reply_count_hidden":0,"_bbp_forum_subforum_count":0,"footnotes":""},"categories":[64,66,365,154,1,290,29,76],"tags":[498,294,497],"class_list":["post-10071","post","type-post","status-publish","format-standard","has-post-thumbnail","hentry","category-comunitat","category-dinamitzacio","category-esdeveniments","category-formacio","category-general","category-llengues-estrangeres","category-portada","category-recursos","tag-formacio-en-frances","tag-llengues-estrangeres","tag-universitat-destiu"],"post_mailing_queue_ids":[],"_links":{"self":[{"href":"https:\/\/serveiseducatius.xtec.cat\/lleida\/wp-json\/wp\/v2\/posts\/10071","targetHints":{"allow":["GET"]}}],"collection":[{"href":"https:\/\/serveiseducatius.xtec.cat\/lleida\/wp-json\/wp\/v2\/posts"}],"about":[{"href":"https:\/\/serveiseducatius.xtec.cat\/lleida\/wp-json\/wp\/v2\/types\/post"}],"author":[{"embeddable":true,"href":"https:\/\/serveiseducatius.xtec.cat\/lleida\/wp-json\/wp\/v2\/users\/6"}],"replies":[{"embeddable":true,"href":"https:\/\/serveiseducatius.xtec.cat\/lleida\/wp-json\/wp\/v2\/comments?post=10071"}],"version-history":[{"count":1,"href":"https:\/\/serveiseducatius.xtec.cat\/lleida\/wp-json\/wp\/v2\/posts\/10071\/revisions"}],"predecessor-version":[{"id":10073,"href":"https:\/\/serveiseducatius.xtec.cat\/lleida\/wp-json\/wp\/v2\/posts\/10071\/revisions\/10073"}],"wp:featuredmedia":[{"embeddable":true,"href":"https:\/\/serveiseducatius.xtec.cat\/lleida\/wp-json\/wp\/v2\/media\/10072"}],"wp:attachment":[{"href":"https:\/\/serveiseducatius.xtec.cat\/lleida\/wp-json\/wp\/v2\/media?parent=10071"}],"wp:term":[{"taxonomy":"category","embeddable":true,"href":"https:\/\/serveiseducatius.xtec.cat\/lleida\/wp-json\/wp\/v2\/categories?post=10071"},{"taxonomy":"post_tag","embeddable":true,"href":"https:\/\/serveiseducatius.xtec.cat\/lleida\/wp-json\/wp\/v2\/tags?post=10071"}],"curies":[{"name":"wp","href":"https:\/\/api.w.org\/{rel}","templated":true}]}}