{"id":10065,"date":"2026-04-22T12:49:30","date_gmt":"2026-04-22T10:49:30","guid":{"rendered":"https:\/\/serveiseducatius.xtec.cat\/lleida\/?p=10065"},"modified":"2026-04-23T13:24:36","modified_gmt":"2026-04-23T11:24:36","slug":"nous-videos-explicatius-sobre-acronims-dinclusio-del-departament","status":"publish","type":"post","link":"https:\/\/serveiseducatius.xtec.cat\/lleida\/portada\/nous-videos-explicatius-sobre-acronims-dinclusio-del-departament\/","title":{"rendered":"Nous v\u00eddeos explicatius sobre acr\u00f2nims d\u2019Inclusi\u00f3 del Departament"},"content":{"rendered":"<p data-start=\"175\" data-end=\"445\">El Gabinet T\u00e8cnic del Departament d\u2019Educaci\u00f3 i Formaci\u00f3 Professional, a trav\u00e9s del servei de Difusi\u00f3, est\u00e0 elaborant una s\u00e8rie de v\u00eddeos breus amb l\u2019objectiu d\u2019explicar de manera clara i entenedora alguns dels acr\u00f2nims m\u00e9s utilitzats en l\u2019\u00e0mbit de la inclusi\u00f3 educativa.<\/p>\n<p data-start=\"447\" data-end=\"671\">Aquests materials audiovisuals volen facilitar la comprensi\u00f3 dels diferents serveis i recursos, especialment per als professionals dels centres educatius, serveis educatius i altres agents implicats en l\u2019atenci\u00f3 a l\u2019alumnat.<\/p>\n<p data-start=\"524\" data-end=\"710\">Els materials estan disponibles al canal de<a href=\"https:\/\/www.youtube.com\/@educacio_cat\/videos\"> YouTube del <\/a><span class=\"hover:entity-accent entity-underline inline cursor-pointer align-baseline\"><span class=\"whitespace-normal\">Departament d\u2019Educaci\u00f3 i Formaci\u00f3 Professional<\/span><\/span> i tenen com a objectiu facilitar la comprensi\u00f3 dels serveis i recursos del sistema educatiu.<\/p>\n<p data-start=\"712\" data-end=\"821\">Aquesta iniciativa continuar\u00e0 amb la publicaci\u00f3 de nous v\u00eddeos per refor\u00e7ar la cultura inclusiva als centres.<\/p>\n<p><iframe loading=\"lazy\" title=\"YouTube video player\" src=\"https:\/\/www.youtube.com\/embed\/B1DLsd2v5uA?si=3eNW-6DxC4Hef-ca\" width=\"560\" height=\"315\" frameborder=\"0\"><\/iframe><\/p>\n","protected":false},"excerpt":{"rendered":"<p>El Gabinet T\u00e8cnic del Departament d\u2019Educaci\u00f3 i Formaci\u00f3 Professional, a trav\u00e9s del servei de Difusi\u00f3, est\u00e0 elaborant una s\u00e8rie de v\u00eddeos breus amb l\u2019objectiu d\u2019explicar de manera clara i entenedora alguns dels acr\u00f2nims m\u00e9s utilitzats en l\u2019\u00e0mbit de la inclusi\u00f3 educativa.<br \/>\nAquests materials audiovisuals volen facilitar&hellip;  <a href=\"https:\/\/serveiseducatius.xtec.cat\/lleida\/portada\/nous-videos-explicatius-sobre-acronims-dinclusio-del-departament\/\" title=\"Read Nous v\u00eddeos explicatius sobre acr\u00f2nims d\u2019Inclusi\u00f3 del Departament\">Llegeix m\u00e9s\u00bb<\/a><\/p>\n","protected":false},"author":26,"featured_media":10066,"comment_status":"open","ping_status":"open","sticky":false,"template":"","format":"standard","meta":{"_bbp_topic_count":0,"_bbp_reply_count":0,"_bbp_total_topic_count":0,"_bbp_total_reply_count":0,"_bbp_voice_count":0,"_bbp_anonymous_reply_count":0,"_bbp_topic_count_hidden":0,"_bbp_reply_count_hidden":0,"_bbp_forum_subforum_count":0,"footnotes":""},"categories":[64,285,304,315,29,362,360],"tags":[],"class_list":["post-10065","post","type-post","status-publish","format-standard","has-post-thumbnail","hentry","category-comunitat","category-cultura-digital","category-inclusio","category-innovacio-educativa","category-portada","category-practiques-edu-referencia","category-programes-innovacio"],"post_mailing_queue_ids":[],"_links":{"self":[{"href":"https:\/\/serveiseducatius.xtec.cat\/lleida\/wp-json\/wp\/v2\/posts\/10065","targetHints":{"allow":["GET"]}}],"collection":[{"href":"https:\/\/serveiseducatius.xtec.cat\/lleida\/wp-json\/wp\/v2\/posts"}],"about":[{"href":"https:\/\/serveiseducatius.xtec.cat\/lleida\/wp-json\/wp\/v2\/types\/post"}],"author":[{"embeddable":true,"href":"https:\/\/serveiseducatius.xtec.cat\/lleida\/wp-json\/wp\/v2\/users\/26"}],"replies":[{"embeddable":true,"href":"https:\/\/serveiseducatius.xtec.cat\/lleida\/wp-json\/wp\/v2\/comments?post=10065"}],"version-history":[{"count":1,"href":"https:\/\/serveiseducatius.xtec.cat\/lleida\/wp-json\/wp\/v2\/posts\/10065\/revisions"}],"predecessor-version":[{"id":10067,"href":"https:\/\/serveiseducatius.xtec.cat\/lleida\/wp-json\/wp\/v2\/posts\/10065\/revisions\/10067"}],"wp:featuredmedia":[{"embeddable":true,"href":"https:\/\/serveiseducatius.xtec.cat\/lleida\/wp-json\/wp\/v2\/media\/10066"}],"wp:attachment":[{"href":"https:\/\/serveiseducatius.xtec.cat\/lleida\/wp-json\/wp\/v2\/media?parent=10065"}],"wp:term":[{"taxonomy":"category","embeddable":true,"href":"https:\/\/serveiseducatius.xtec.cat\/lleida\/wp-json\/wp\/v2\/categories?post=10065"},{"taxonomy":"post_tag","embeddable":true,"href":"https:\/\/serveiseducatius.xtec.cat\/lleida\/wp-json\/wp\/v2\/tags?post=10065"}],"curies":[{"name":"wp","href":"https:\/\/api.w.org\/{rel}","templated":true}]}}