{"id":10037,"date":"2026-04-16T08:07:55","date_gmt":"2026-04-16T06:07:55","guid":{"rendered":"https:\/\/serveiseducatius.xtec.cat\/lleida\/?p=10037"},"modified":"2026-04-16T09:56:14","modified_gmt":"2026-04-16T07:56:14","slug":"cloenda-de-la-jornada-dacollida-seguiment-i-avaluacio-dels-auxiliars-de-conversa","status":"publish","type":"post","link":"https:\/\/serveiseducatius.xtec.cat\/lleida\/general\/cloenda-de-la-jornada-dacollida-seguiment-i-avaluacio-dels-auxiliars-de-conversa\/","title":{"rendered":"Cloenda de la jornada d\u2019acollida, seguiment i avaluaci\u00f3 dels auxiliars de conversa"},"content":{"rendered":"<p data-start=\"160\" data-end=\"291\"><a href=\"https:\/\/serveiseducatius.xtec.cat\/lleida\/wp-content\/uploads\/usu2525\/2026\/04\/aux25-26.jpg\"><img loading=\"lazy\" decoding=\"async\" class=\"alignnone size-full wp-image-10038\" src=\"https:\/\/serveiseducatius.xtec.cat\/lleida\/wp-content\/uploads\/usu2525\/2026\/04\/aux25-26.jpg\" alt=\"\" width=\"874\" height=\"267\" srcset=\"https:\/\/serveiseducatius.xtec.cat\/lleida\/wp-content\/uploads\/usu2525\/2026\/04\/aux25-26.jpg 874w, https:\/\/serveiseducatius.xtec.cat\/lleida\/wp-content\/uploads\/usu2525\/2026\/04\/aux25-26-300x92.jpg 300w, https:\/\/serveiseducatius.xtec.cat\/lleida\/wp-content\/uploads\/usu2525\/2026\/04\/aux25-26-768x235.jpg 768w\" sizes=\"auto, (max-width: 874px) 100vw, 874px\" \/><\/a><\/p>\n<p data-start=\"160\" data-end=\"291\">El passat dimarts, 14 d\u2019abril, va tenir lloc la cloenda de la jornada d\u2019acollida, seguiment i avaluaci\u00f3 dels auxiliars de conversa conjuntament ST Lleida i ST APA<\/p>\n<p data-start=\"293\" data-end=\"355\">La formaci\u00f3 s\u2019ha articulat al voltant dels objectius seg\u00fcents:<\/p>\n<ul data-start=\"356\" data-end=\"671\">\n<li data-section-id=\"rtz66z\" data-start=\"356\" data-end=\"421\">Compartir les l\u00ednies de formaci\u00f3 i assessorament del programa<\/li>\n<li data-section-id=\"1907yzy\" data-start=\"422\" data-end=\"476\">Crear un espai de trobada entre auxiliars i tutors<\/li>\n<li data-section-id=\"hkwpty\" data-start=\"477\" data-end=\"556\">Dinamitzar la llengua oral a l\u2019aula amb el suport d\u2019un auxiliar de conversa<\/li>\n<li data-section-id=\"8zzexk\" data-start=\"557\" data-end=\"671\">Facilitar eines i recursos tecnol\u00f2gics i 2.0 per a la seva integraci\u00f3 en l\u2019ensenyament de lleng\u00fces estrangeres<\/li>\n<\/ul>\n<p data-start=\"673\" data-end=\"854\">Va ser una sessi\u00f3 molt profitosa, en qu\u00e8 es van poder compartir experi\u00e8ncies dels centres acollidors, aix\u00ed com situacions d\u2019aprenentatge i evid\u00e8ncies, totes elles molt enriquidores.<\/p>\n<p data-start=\"856\" data-end=\"1152\">Des dels Serveis Territorials, volem agrair la tasca tant dels tutors com dels auxiliars de conversa, i esperem que h\u00e0giu gaudit d\u2019aquesta experi\u00e8ncia i del valor afegit que aporta comptar amb un auxiliar de conversa, aut\u00e8ntic ambaixador de la llengua i la cultura del seu pa\u00eds d\u2019origen.<\/p>\n","protected":false},"excerpt":{"rendered":"<p><a href=\"https:\/\/serveiseducatius.xtec.cat\/lleida\/wp-content\/uploads\/usu2525\/2026\/04\/aux25-26.jpg\"><\/a><br \/>\nEl passat dimarts, 14 d\u2019abril, va tenir lloc la cloenda de la jornada d\u2019acollida, seguiment i avaluaci\u00f3 dels auxiliars de conversa conjuntament ST Lleida i ST APA<br \/>\nLa formaci\u00f3 s\u2019ha articulat al voltant dels objectius seg\u00fcents:<\/p>\n<ul data-start=\"356\" data-end=\"671\">\n<li data-section-id=\"rtz66z\" data-start=\"356\" data-end=\"421\">Compartir les l\u00ednies de formaci\u00f3&hellip;  <a href=\"https:\/\/serveiseducatius.xtec.cat\/lleida\/general\/cloenda-de-la-jornada-dacollida-seguiment-i-avaluacio-dels-auxiliars-de-conversa\/\" title=\"Read Cloenda de la jornada d\u2019acollida, seguiment i avaluaci\u00f3 dels auxiliars de conversa\">Llegeix m\u00e9s\u00bb<\/a><br \/>\n","protected":false},"author":6,"featured_media":10038,"comment_status":"closed","ping_status":"closed","sticky":false,"template":"","format":"standard","meta":{"_bbp_topic_count":0,"_bbp_reply_count":0,"_bbp_total_topic_count":0,"_bbp_total_reply_count":0,"_bbp_voice_count":0,"_bbp_anonymous_reply_count":0,"_bbp_topic_count_hidden":0,"_bbp_reply_count_hidden":0,"_bbp_forum_subforum_count":0,"footnotes":""},"categories":[64,365,154,1,290,29,360,76],"tags":[297,294],"class_list":["post-10037","post","type-post","status-publish","format-standard","has-post-thumbnail","hentry","category-comunitat","category-esdeveniments","category-formacio","category-general","category-llengues-estrangeres","category-portada","category-programes-innovacio","category-recursos","tag-internacionalitzacio","tag-llengues-estrangeres"],"post_mailing_queue_ids":[],"_links":{"self":[{"href":"https:\/\/serveiseducatius.xtec.cat\/lleida\/wp-json\/wp\/v2\/posts\/10037","targetHints":{"allow":["GET"]}}],"collection":[{"href":"https:\/\/serveiseducatius.xtec.cat\/lleida\/wp-json\/wp\/v2\/posts"}],"about":[{"href":"https:\/\/serveiseducatius.xtec.cat\/lleida\/wp-json\/wp\/v2\/types\/post"}],"author":[{"embeddable":true,"href":"https:\/\/serveiseducatius.xtec.cat\/lleida\/wp-json\/wp\/v2\/users\/6"}],"replies":[{"embeddable":true,"href":"https:\/\/serveiseducatius.xtec.cat\/lleida\/wp-json\/wp\/v2\/comments?post=10037"}],"version-history":[{"count":3,"href":"https:\/\/serveiseducatius.xtec.cat\/lleida\/wp-json\/wp\/v2\/posts\/10037\/revisions"}],"predecessor-version":[{"id":10046,"href":"https:\/\/serveiseducatius.xtec.cat\/lleida\/wp-json\/wp\/v2\/posts\/10037\/revisions\/10046"}],"wp:featuredmedia":[{"embeddable":true,"href":"https:\/\/serveiseducatius.xtec.cat\/lleida\/wp-json\/wp\/v2\/media\/10038"}],"wp:attachment":[{"href":"https:\/\/serveiseducatius.xtec.cat\/lleida\/wp-json\/wp\/v2\/media?parent=10037"}],"wp:term":[{"taxonomy":"category","embeddable":true,"href":"https:\/\/serveiseducatius.xtec.cat\/lleida\/wp-json\/wp\/v2\/categories?post=10037"},{"taxonomy":"post_tag","embeddable":true,"href":"https:\/\/serveiseducatius.xtec.cat\/lleida\/wp-json\/wp\/v2\/tags?post=10037"}],"curies":[{"name":"wp","href":"https:\/\/api.w.org\/{rel}","templated":true}]}}