{"id":9977,"date":"2017-10-24T10:46:15","date_gmt":"2017-10-24T08:46:15","guid":{"rendered":"http:\/\/serveiseducatius.xtec.cat\/lescorts\/?p=9977"},"modified":"2017-10-24T10:48:08","modified_gmt":"2017-10-24T08:48:08","slug":"dia-internacional-dels-drets-humans","status":"publish","type":"post","link":"https:\/\/serveiseducatius.xtec.cat\/lescorts\/general\/dia-internacional-dels-drets-humans\/","title":{"rendered":"Dia Internacional dels Drets Humans"},"content":{"rendered":"<p><a href=\"http:\/\/serveiseducatius.xtec.cat\/lescorts\/wp-content\/uploads\/usu1169\/2017\/10\/unnamed.png\"><img loading=\"lazy\" decoding=\"async\" class=\"aligncenter wp-image-9978 size-medium\" src=\"http:\/\/serveiseducatius.xtec.cat\/lescorts\/wp-content\/uploads\/usu1169\/2017\/10\/unnamed-300x169.png\" alt=\"\" width=\"300\" height=\"169\" srcset=\"https:\/\/serveiseducatius.xtec.cat\/lescorts\/wp-content\/uploads\/usu1169\/2017\/10\/unnamed-300x169.png 300w, https:\/\/serveiseducatius.xtec.cat\/lescorts\/wp-content\/uploads\/usu1169\/2017\/10\/unnamed-768x432.png 768w, https:\/\/serveiseducatius.xtec.cat\/lescorts\/wp-content\/uploads\/usu1169\/2017\/10\/unnamed-1024x576.png 1024w, https:\/\/serveiseducatius.xtec.cat\/lescorts\/wp-content\/uploads\/usu1169\/2017\/10\/unnamed.png 1433w\" sizes=\"auto, (max-width: 300px) 100vw, 300px\" \/><\/a><\/p>\n<p>Des d\u2019<a href=\"http:\/\/aheadedu.us12.list-manage.com\/track\/click?u=2fc241690de83f881356c5902&amp;id=9391831218&amp;e=89ad3379b5\" target=\"_blank\" rel=\"noopener noreferrer\" data-saferedirecturl=\"https:\/\/www.google.com\/url?hl=ca&amp;q=http:\/\/aheadedu.us12.list-manage.com\/track\/click?u%3D2fc241690de83f881356c5902%26id%3D9391831218%26e%3D89ad3379b5&amp;source=gmail&amp;ust=1508248203759000&amp;usg=AFQjCNEhLn2Ydo5SfV5bjK6xbVZACrMZrw\"><strong><span class=\"il\">AHEAD<\/span> \u2013 Associaci\u00f3 d\u2019Educadores i Educadors en Drets Humans<\/strong><\/a>, juntament amb <strong><a href=\"http:\/\/aheadedu.us12.list-manage.com\/track\/click?u=2fc241690de83f881356c5902&amp;id=bef2c67720&amp;e=89ad3379b5\" target=\"_blank\" rel=\"noopener noreferrer\" data-saferedirecturl=\"https:\/\/www.google.com\/url?hl=ca&amp;q=http:\/\/aheadedu.us12.list-manage.com\/track\/click?u%3D2fc241690de83f881356c5902%26id%3Dbef2c67720%26e%3D89ad3379b5&amp;source=gmail&amp;ust=1508248203759000&amp;usg=AFQjCNFv_TiZ-c6eWgOoO-Nxx8Niydk0lA\">Edualter<\/a><\/strong>, organitzen una sessi\u00f3 oberta per compartir recursos i experi\u00e8ncies pel <strong>Dia Internacional dels Drets Humans<\/strong> i per reflexionar sobre els reptes de l\u2019educaci\u00f3 en drets humans.<\/p>\n<p>La sessi\u00f3 tindr\u00e0 lloc el <strong>9 de novembre a les 17:30 h a LaFede.cat \u2013 Organitzacions per la just\u00edcia global<\/strong>, al <a href=\"https:\/\/maps.google.com\/?q=carrer+T%C3%A0pies,+1&amp;entry=gmail&amp;source=g\">carrer T<\/a>\u00e0<a href=\"https:\/\/maps.google.com\/?q=carrer+T%C3%A0pies,+1&amp;entry=gmail&amp;source=g\">pies, 1<\/a>-3<\/p>\n","protected":false},"excerpt":{"rendered":"<p>Des d\u2019AHEAD \u2013 Associaci\u00f3 d\u2019Educadores i Educadors en Drets Humans, juntament amb Edualter, organitzen una sessi\u00f3 oberta per compartir recursos i experi\u00e8ncies pel Dia Internacional dels Drets Humans i per reflexionar sobre els reptes de l\u2019educaci\u00f3 en drets humans. La sessi\u00f3 tindr\u00e0 lloc el 9 de novembre a les 17:30 h a LaFede.cat \u2013 Organitzacions [&hellip;]<\/p>\n","protected":false},"author":1,"featured_media":0,"comment_status":"closed","ping_status":"closed","sticky":false,"template":"","format":"standard","meta":{"_bbp_topic_count":0,"_bbp_reply_count":0,"_bbp_total_topic_count":0,"_bbp_total_reply_count":0,"_bbp_voice_count":0,"_bbp_anonymous_reply_count":0,"_bbp_topic_count_hidden":0,"_bbp_reply_count_hidden":0,"_bbp_forum_subforum_count":0,"site-sidebar-layout":"default","site-content-layout":"","ast-site-content-layout":"","site-content-style":"default","site-sidebar-style":"default","ast-global-header-display":"","ast-banner-title-visibility":"","ast-main-header-display":"","ast-hfb-above-header-display":"","ast-hfb-below-header-display":"","ast-hfb-mobile-header-display":"","site-post-title":"","ast-breadcrumbs-content":"","ast-featured-img":"","footer-sml-layout":"","theme-transparent-header-meta":"","adv-header-id-meta":"","stick-header-meta":"","header-above-stick-meta":"","header-main-stick-meta":"","header-below-stick-meta":"","astra-migrate-meta-layouts":"default","ast-page-background-enabled":"default","ast-page-background-meta":{"desktop":{"background-color":"var(--ast-global-color-4)","background-image":"","background-repeat":"repeat","background-position":"center center","background-size":"auto","background-attachment":"scroll","background-type":"","background-media":"","overlay-type":"","overlay-color":"","overlay-opacity":"","overlay-gradient":""},"tablet":{"background-color":"","background-image":"","background-repeat":"repeat","background-position":"center center","background-size":"auto","background-attachment":"scroll","background-type":"","background-media":"","overlay-type":"","overlay-color":"","overlay-opacity":"","overlay-gradient":""},"mobile":{"background-color":"","background-image":"","background-repeat":"repeat","background-position":"center center","background-size":"auto","background-attachment":"scroll","background-type":"","background-media":"","overlay-type":"","overlay-color":"","overlay-opacity":"","overlay-gradient":""}},"ast-content-background-meta":{"desktop":{"background-color":"var(--ast-global-color-5)","background-image":"","background-repeat":"repeat","background-position":"center center","background-size":"auto","background-attachment":"scroll","background-type":"","background-media":"","overlay-type":"","overlay-color":"","overlay-opacity":"","overlay-gradient":""},"tablet":{"background-color":"var(--ast-global-color-5)","background-image":"","background-repeat":"repeat","background-position":"center center","background-size":"auto","background-attachment":"scroll","background-type":"","background-media":"","overlay-type":"","overlay-color":"","overlay-opacity":"","overlay-gradient":""},"mobile":{"background-color":"var(--ast-global-color-5)","background-image":"","background-repeat":"repeat","background-position":"center center","background-size":"auto","background-attachment":"scroll","background-type":"","background-media":"","overlay-type":"","overlay-color":"","overlay-opacity":"","overlay-gradient":""}},"footnotes":""},"categories":[1,29],"tags":[],"class_list":["post-9977","post","type-post","status-publish","format-standard","hentry","category-general","category-portada"],"post_mailing_queue_ids":[],"_links":{"self":[{"href":"https:\/\/serveiseducatius.xtec.cat\/lescorts\/wp-json\/wp\/v2\/posts\/9977","targetHints":{"allow":["GET"]}}],"collection":[{"href":"https:\/\/serveiseducatius.xtec.cat\/lescorts\/wp-json\/wp\/v2\/posts"}],"about":[{"href":"https:\/\/serveiseducatius.xtec.cat\/lescorts\/wp-json\/wp\/v2\/types\/post"}],"author":[{"embeddable":true,"href":"https:\/\/serveiseducatius.xtec.cat\/lescorts\/wp-json\/wp\/v2\/users\/1"}],"replies":[{"embeddable":true,"href":"https:\/\/serveiseducatius.xtec.cat\/lescorts\/wp-json\/wp\/v2\/comments?post=9977"}],"version-history":[{"count":2,"href":"https:\/\/serveiseducatius.xtec.cat\/lescorts\/wp-json\/wp\/v2\/posts\/9977\/revisions"}],"predecessor-version":[{"id":9980,"href":"https:\/\/serveiseducatius.xtec.cat\/lescorts\/wp-json\/wp\/v2\/posts\/9977\/revisions\/9980"}],"wp:attachment":[{"href":"https:\/\/serveiseducatius.xtec.cat\/lescorts\/wp-json\/wp\/v2\/media?parent=9977"}],"wp:term":[{"taxonomy":"category","embeddable":true,"href":"https:\/\/serveiseducatius.xtec.cat\/lescorts\/wp-json\/wp\/v2\/categories?post=9977"},{"taxonomy":"post_tag","embeddable":true,"href":"https:\/\/serveiseducatius.xtec.cat\/lescorts\/wp-json\/wp\/v2\/tags?post=9977"}],"curies":[{"name":"wp","href":"https:\/\/api.w.org\/{rel}","templated":true}]}}